{"id":99995,"date":"2025-05-23T09:20:49","date_gmt":"2025-05-23T15:20:49","guid":{"rendered":"https:\/\/losperiodistas.com.mx\/portal\/?p=99995"},"modified":"2025-05-23T09:20:50","modified_gmt":"2025-05-23T15:20:50","slug":"una-venganza-por-las-recientes-capturas-de-capos-la-tesis-de-mas-peso-en-el-asesinato-de-los-colaboradores-de-brugada-el-pais","status":"publish","type":"post","link":"https:\/\/losperiodistas.com.mx\/portal\/una-venganza-por-las-recientes-capturas-de-capos-la-tesis-de-mas-peso-en-el-asesinato-de-los-colaboradores-de-brugada-el-pais\/","title":{"rendered":"Una venganza por las recientes capturas de capos: la tesis de m\u00e1s peso en el asesinato de los colaboradores de Brugada | El Pa\u00eds"},"content":{"rendered":"\n<h2 class=\"wp-block-heading\">Las autoridades han deslizado que el ataque contra Ximena Guzm\u00e1n y Jos\u00e9 Mu\u00f1oz apunta a una repuesta ante los golpes al crimen organizado. Analistas y expertos coinciden en que tiene \u201cla huella de los carteles\u201d pero falta informaci\u00f3n oficial<\/h2>\n\n\n\n<figure class=\"wp-block-image size-large\"><img fetchpriority=\"high\" decoding=\"async\" width=\"1024\" height=\"619\" src=\"https:\/\/losperiodistas.com.mx\/portal\/wp-content\/uploads\/2025\/05\/IN3OFOS4QZA3TEXY6YNCD5ZQMM-copia-1024x619.jpg\" alt=\"\" class=\"wp-image-99996\" srcset=\"https:\/\/losperiodistas.com.mx\/portal\/wp-content\/uploads\/2025\/05\/IN3OFOS4QZA3TEXY6YNCD5ZQMM-copia-1024x619.jpg 1024w, https:\/\/losperiodistas.com.mx\/portal\/wp-content\/uploads\/2025\/05\/IN3OFOS4QZA3TEXY6YNCD5ZQMM-copia-300x181.jpg 300w, https:\/\/losperiodistas.com.mx\/portal\/wp-content\/uploads\/2025\/05\/IN3OFOS4QZA3TEXY6YNCD5ZQMM-copia-768x464.jpg 768w, https:\/\/losperiodistas.com.mx\/portal\/wp-content\/uploads\/2025\/05\/IN3OFOS4QZA3TEXY6YNCD5ZQMM-copia.jpg 1200w\" sizes=\"(max-width: 1024px) 100vw, 1024px\" \/><figcaption class=\"wp-element-caption\">Elementos de seguridad en Ciudad de M\u00e9xico, el 20 de mayo 2025. M\u00f3nica Gonz\u00e1lez Islas<\/figcaption><\/figure>\n\n\n\n<p class=\"has-vivid-red-color has-text-color has-link-color has-medium-font-size wp-elements-7efe9be69e21bcacd07e1c8cb13a3a03\"><strong><a href=\"https:\/\/elpais.com\/autor\/alejandro-santos-cid\/#?rel=author_top\">Alejandro Santos Cid<\/a> \/ El Pa\u00eds<\/strong><\/p>\n\n\n\n<p>M\u00e9xico <\/p>\n\n\n\n<p>La falta de informaci\u00f3n oficial marca el paso del asesinato de los dos colaboradores de la jefa de Gobierno de Ciudad de M\u00e9xico, Clara Brugada. Nadie sabe qui\u00e9n apret\u00f3 el gatillo, por qu\u00e9 lo hizo, qui\u00e9n dio la orden de disparar.&nbsp;<a href=\"https:\/\/elpais.com\/mexico\/2025-05-22\/ni-huellas-dactilares-ni-sospechosos-ni-movil-el-rastro-borroso-de-los-sicarios-que-asesinaron-a-ximena-guzman-y-jose-munoz.html\">Conocemos el c\u00f3mo<\/a>: un sicario an\u00f3nimo descarg\u00f3 las 12 balas del cargador de una nueve mil\u00edmetros contra el coche sin blindar de Ximena Guzm\u00e1n. Ocho tiros acabaron en su cuerpo, los otros cuatro en el de su compa\u00f1ero, Jos\u00e9 Mu\u00f1oz, ambos del equipo de confianza de la alcaldesa. Conocemos el cu\u00e1ndo: el martes, a las siete de la ma\u00f1ana, en plena hora punta de tr\u00e1fico. Conocemos tambi\u00e9n el d\u00f3nde: sobre la calzada de Tlalpan, una de las arterias m\u00e1s transitadas de la capital. Y hasta ah\u00ed. Nadie lo ha reivindicado oficial ni extraoficialmente,&nbsp;<em>off the record<\/em>, como sucede en ocasiones con este tipo de cr\u00edmenes.<\/p>\n\n\n\n<p>En este caso no hay nada a lo que agarrarse, por el momento.&nbsp;<a href=\"https:\/\/elpais.com\/mexico\/2025-05-20\/video-el-momento-del-ataque-contra-ximena-guzman-y-jose-munoz-funcionarios-del-gobierno-de-clara-brugada.html?autoplay=1\">Los sicarios, al menos un gatillero y tres c\u00f3mplices, eran profesionales<\/a>: utilizaron una pistola limpia, en el argot policial, nunca usada en un crimen anterior; usaron guantes para no dejar huellas; cambiaron en dos ocasiones de veh\u00edculo, robados y con los n\u00fameros de serie alterados, en su huida para cubrir sus pasos; vigilaron el lugar de encuentro cada ma\u00f1ana de Guzm\u00e1n, de 42 a\u00f1os, secretaria particular de Brugada, y Mu\u00f1oz, de 52, asesor. La polic\u00eda sigui\u00f3 el rastro de los sospechosos gracias a las c\u00e1maras de seguridad C5 de la ciudad, pero les perdieron la pista en el Estado de M\u00e9xico.<\/p>\n\n\n\n<p>Tres d\u00edas despu\u00e9s \u2014al cierre de este art\u00edculo\u2014, las autoridades solo han celebrado&nbsp;<a href=\"https:\/\/elpais.com\/mexico\/2025-05-21\/cuatro-implicados-y-vigilancia-en-dias-previos-los-nuevos-datos-del-asesinato-de-los-colaboradores-de-brugada.html\">una rueda de prensa en la que apenas anunciaron informaci\u00f3n que no hubiera sido ya revelada por los medios<\/a>, algo que ha alimentado los rumores, las especulaciones y la desinformaci\u00f3n. Los analistas de la violencia mexicana concuerdan en que apenas hay datos a partir de los que teorizar. Sin embargo, el nombre del Cartel de Jalisco Nueva Generaci\u00f3n [CJNG] es el que ha sonado con m\u00e1s fuerza. Ninguna prueba permite, por el momento, vincularlos con el doble homicidio, pero, como indica David Saucedo, especialista en seguridad p\u00fablica, el ataque \u201ctiene la huella del crimen organizado y, si nos vamos a los antecedentes, el CJNG es el grupo criminal que normalmente atenta contra funcionarios de seguridad p\u00fablica\u201d.<\/p>\n\n\n\n<p><a href=\"https:\/\/elpais.com\/mexico\/2024-01-29\/pablo-vazquez-jefe-de-policia-de-ciudad-de-mexico-se-pueden-bajar-aun-mas-los-indices-de-violencia-sin-duda.html\">El secretario de Seguridad de Ciudad de M\u00e9xico, Pablo V\u00e1zquez<\/a>, repiti\u00f3 una y otra vez en la rueda de prensa del mi\u00e9rcoles que los investigadores no cuentan con un m\u00f3vil ni con la identidad de los autores, ni materiales ni intelectuales. Sin embargo, aprovech\u00f3 la conferencia para deslizar la idea de que se trat\u00f3 de<a href=\"https:\/\/elpais.com\/mexico\/2025-05-20\/asesinan-a-ximena-guzman-la-secretaria-particular-de-la-jefa-de-gobierno-de-ciudad-de-mexico.html\">&nbsp;la venganza de alg\u00fan grupo del crimen organizado&nbsp;<\/a>por las \u201cdetenciones muy relevantes de l\u00edderes de c\u00e9lulas delictivas con operaciones en la ciudad y en la zona metropolitana\u201d. Lo dijo de pasada, apuntalando indirectamente la narrativa marcada por Morena, partido de Brugada: Guzm\u00e1n y Mu\u00f1oz murieron por hacer su trabajo y se han convertido en h\u00e9roes de la patria, m\u00e1rtires de la Cuarta Transformaci\u00f3n, el nombre con el que autodefinen su movimiento pol\u00edtico.<\/p>\n\n\n\n<figure class=\"wp-block-image\"><img decoding=\"async\" src=\"https:\/\/imagenes.elpais.com\/resizer\/v2\/TI24CVRDRZHPLJ3OCUVIJ5GVHE.jpg?auth=83f08ca48fbe70ebea0ef8e7d9572efb4336c0f497505f5d2676ab0804622642&amp;width=414\" alt=\"Clara Brugada en Ciudad de M\u00e9xico, el 20 de mayo de 2025. \"\/><figcaption class=\"wp-element-caption\">Clara Brugada en Ciudad de M\u00e9xico, el 20 de mayo de 2025.Emiliano Molina<\/figcaption><\/figure>\n\n\n\n<p>Las declaraciones de V\u00e1zquez alimentaron la hoguera, \u201cabonaron el terreno de la narrativa de los buenos contra los malos\u201d, sintetiza Mar\u00eda Teresa Mart\u00ednez Trujillo, profesora investigadora del Tec de Monterrey especializada en el cruce entre el mundo pol\u00edtico y el criminal. \u201c[V\u00e1zquez] dice sin decir: \u2018Esto es una venganza por haber hecho su trabajo\u2019, que es una pol\u00edtica de seguridad que, por cierto, todo el mundo duda que exista, \u2018para que vean que&nbsp;<a href=\"https:\/\/elpais.com\/mexico\/2025-05-21\/los-crimenes-de-alto-impacto-revientan-la-ilusion-de-seguridad-de-la-capital.html\">s\u00ed hay pol\u00edtica de seguridad y que estamos pagando sus costos<\/a>\u201d, desarrolla la acad\u00e9mica, asociada al Centre de Recherches Internationales de Sciences Po de Par\u00eds. \u201cAl interior del Gobierno de la ciudad la hip\u00f3tesis es que el trabajo en contra del crimen organizado, los decomisos de droga y las capturas de narcos de alto perfil provocaron una reacci\u00f3n del crimen organizado y, como no pod\u00edan atacar directamente a Brugada debido al c\u00edrculo de seguridad que la protege todo el tiempo, fueron a por Ximena y Jos\u00e9\u201d, concuerda Saucedo.<\/p>\n\n\n\n<p>Si se siguen las palabras de V\u00e1zquez hasta esas \u00faltimas \u201cdetenciones muy relevantes\u201d, aparecer\u00e1 una noticia del 15 de mayo, menos de una semana antes del doble homicidio:&nbsp;<a href=\"https:\/\/elpais.com\/mexico\/2025-03-30\/el-cartel-jalisco-nueva-generacion-en-el-centro-de-la-diana.html\">el arresto de un presunto l\u00edder local del CJNG<\/a>&nbsp;en Ciudad de M\u00e9xico, Israel N, junto a otros tres supuestos integrantes del poderoso cartel. Rodrigo Pe\u00f1a, investigador del Colegio de M\u00e9xico experto en las din\u00e1micas criminales de la capital, ha monitoreado las capturas durante el Gobierno de Brugada, que comenz\u00f3 en junio de 2024. \u201cLa detenci\u00f3n de m\u00e1s alto perfil fue la de mayo del jefe de plaza supuesto del CJNG. Es muy ruidoso, es mucha la tentaci\u00f3n de pensar que hay una relaci\u00f3n [con el atentado de Guzm\u00e1n y Mu\u00f1oz], pero no tenemos la informaci\u00f3n que nos permita brincar tan r\u00e1pidamente la conexi\u00f3n\u201d, apunta. \u201cHan hecho detenciones de lo que llaman generadores de violencia de un sin fin de grupos. Eso dificulta [saber] de d\u00f3nde puede venir [el ataque], pero en todo caso refuerza la idea de que tiene que ver con grupos criminales\u201d.<\/p>\n\n\n\n<p>La mayor\u00eda de los golpes de alto impacto contra el crimen en Ciudad de M\u00e9xico se han dado contra mafias locales como<a href=\"https:\/\/elpais.com\/mexico\/2024-03-28\/la-union-tepito-el-cartel-chilango-que-se-resiste-a-morir.html\">&nbsp;La Uni\u00f3n Tepito<\/a>, la Antiuni\u00f3n o el erosionado&nbsp;<a href=\"https:\/\/elpais.com\/mexico\/2024-04-04\/arrestado-el-cindy-presunto-lider-del-cartel-de-tlahuac.html\">Cartel de Tl\u00e1huac<\/a>. Son estos grupos de ra\u00edces y \u00e1rea de acci\u00f3n chilanga los que m\u00e1s razones tienen para vengarse, sostiene Saucedo, pero no cuentan con la \u201ccapacidad log\u00edstica, operativa y de planeaci\u00f3n para ejecutar un doble asesinato como el que ocurri\u00f3\u201d. Esa es la paradoja que el analista se\u00f1ala: las peque\u00f1as organizaciones capitalinas tienen motivos, pero no recursos, y las m\u00e1s grandes, como el CJNG, tienen la capacidad, pero menos motivaciones.<\/p>\n\n\n\n<h3 class=\"wp-block-heading\">M\u00e1s preguntas que respuestas<\/h3>\n\n\n\n<p>Las comparaciones han abundado entre el asesinato de Guzm\u00e1n y Mu\u00f1oz y&nbsp;<a href=\"https:\/\/elpais.com\/internacional\/2020-06-26\/el-jefe-de-la-policia-de-ciudad-de-mexico-sufre-un-atentado.html\">el atentado fallido en 2020 contra Omar Garc\u00eda Harfuch<\/a>, zar de seguridad de la presidenta de la Rep\u00fablica, Claudia Sheinbaum \u2014y, en los a\u00f1os del ataque, tambi\u00e9n el hombre fuerte de Sheinbaum cuando era alcaldesa de la capital. Pe\u00f1a y Mart\u00ednez Trujillo encuentran m\u00e1s discrepancias que similitudes en cuestiones como el perfil de las v\u00edctimas o en la capacidad de fuego de los atacantes.<a href=\"https:\/\/elpais.com\/mexico\/2021-06-20\/sobrevivio-a-414-disparos-omar-harfuch-el-policia-mas-amenazado-del-mundo.html\">&nbsp;Al veh\u00edculo de Harfuch lo acribillaron con 414 balas<\/a>&nbsp;disparadas por un arsenal propio de un ej\u00e9rcito profesional. Sobrevivi\u00f3 gracias al blindaje de su coche, pero sus dos guardaespaldas fallecieron. Guzm\u00e1n y Mu\u00f1oz no contaban con escolta y ni siquiera viajaban en un autom\u00f3vil blindado, un hecho que, de acuerdo con Saucedo, habr\u00eda bastado para salvarlos.<\/p>\n\n\n\n<p>La cuesti\u00f3n de por qu\u00e9 los colaboradores de Brugada no contaban con ning\u00fan tipo de protecci\u00f3n resuena estos d\u00edas. No es la \u00fanica: como dice Mart\u00ednez Trujillo, a estas alturas tenemos m\u00e1s preguntas que respuestas. Por ejemplo: por qu\u00e9 la polic\u00eda conoce la ruta de los sicarios en su huida de la ciudad, pero no la del Estado de M\u00e9xico; o por qu\u00e9 las v\u00edctimas fueron&nbsp;<a href=\"https:\/\/elpais.com\/mexico\/2025-05-21\/idealistas-incansables-y-leales-el-brutal-adios-a-ximena-guzman-y-pepe-munoz.html\">Guzm\u00e1n y Mu\u00f1oz, dos personalidades de alto perfil dentro del gabinete de la alcaldesa<\/a>, pero pr\u00e1cticamente an\u00f3nimos para el gran p\u00fablico, sin tir\u00f3n medi\u00e1tico.<\/p>\n\n\n\n<p>\u201cSi se tratara, y solo si se tratara, de un mensaje para el poder pol\u00edtico local, es una manera estridente y contundente de mostrar el v\u00ednculo violento\u201d, opina la experta, fundadora del centro de pensamiento Noria Research, aunque pide tener cuidado con reproducir \u201cnarrativas que cada vez se vuelven m\u00e1s vac\u00edas porque seguimos sin tener ni una investigaci\u00f3n ni sentencia ni proceso judicial\u201d. En esa l\u00ednea, Pe\u00f1a es cauto: \u201cYo dar\u00eda un peque\u00f1o paso atr\u00e1s, no sabemos si es venganza, probablemente no est\u00e9 en c\u00f3digo de venganza, sino de disputa de legitimidad, de reto, de mensaje preventivo. La hip\u00f3tesis m\u00e1s fuerte es que se tocaron los intereses de un grupo o red criminal\u201d.<\/p>\n\n\n\n<figure class=\"wp-block-image\"><img decoding=\"async\" src=\"https:\/\/imagenes.elpais.com\/resizer\/v2\/GYOV5NR4ABA7NJU27ZQJQWS3JA.jpg?auth=4db6c330c00be49738b0ea1436fdb0844efa597c584bc6f24d7fa6ee0d39be84&amp;width=414\" alt=\"Bertha Alcalde Luj\u00e1n y Pablo V\u00e1zquez Camacho, en Ciudad de M\u00e9xico, el 21 de mayo de 2025. \"\/><figcaption class=\"wp-element-caption\">Bertha Alcalde Luj\u00e1n y Pablo V\u00e1zquez Camacho, en Ciudad de M\u00e9xico, el 21 de mayo de 2025.Emiliano Molina<\/figcaption><\/figure>\n\n\n\n<p>Eunice Rend\u00f3n, consultora de seguridad y colaboradora de Brugada durante la pasada campa\u00f1a electoral \u2014en la que trabaj\u00f3 tambi\u00e9n con Guzm\u00e1n y Mu\u00f1oz\u2014, es contundente: \u201cLa hora, el lugar, la afluencia de personas, el perfil de los asesinados de forma directa, me parece retador por parte de quien lo haya hecho. Creo que puede estar implicado el crimen organizado o alg\u00fan grupo de intereses afectado por decisiones del Gobierno.Es una afrenta directa al Gobierno de Ciudad de M\u00e9xico, es una amenaza, algo que busca generar temor y es un golpe fuerte a ella [Brugada]: dos personas muy cercanas que ten\u00edan mucha informaci\u00f3n de ella, pero sobre todo de toda su confianza. Tambi\u00e9n creo que es un parteaguas. Hemos visto ataques a funcionarios, pero as\u00ed con esta magnitud y con esos perfiles es un mensaje nuevo. Son otros c\u00f3digos. Lo vemos m\u00e1s cercano la gente que estamos en estas cosas.&nbsp;<a href=\"https:\/\/elpais.com\/mexico\/2025-05-20\/el-asesinato-de-ximena-guzman-y-jose-munoz-conmociona-a-ciudad-de-mexico-esto-es-horrible-ya-no-hay-lugar-seguro.html\">Nadie se salva, es un mensaje duro para la ciudad<\/a>\u201d.<\/p>\n\n\n\n<p>Fuente: <a href=\"https:\/\/elpais.com\/mexico\/2025-05-23\/una-venganza-por-las-recientes-capturas-de-capos-la-tesis-de-mas-peso-en-el-asesinato-de-los-colaboradores-de-brugada.html\">https:\/\/elpais.com\/mexico\/2025-05-23\/una-venganza-por-las-recientes-capturas-de-capos-la-tesis-de-mas-peso-en-el-asesinato-de-los-colaboradores-de-brugada.html<\/a><\/p>\n","protected":false},"excerpt":{"rendered":"<p>Las autoridades han deslizado que el ataque contra Ximena Guzm\u00e1n y Jos\u00e9 Mu\u00f1oz apunta a una repuesta ante los golpes [&hellip;]<\/p>\n","protected":false},"author":1,"featured_media":99996,"comment_status":"open","ping_status":"open","sticky":false,"template":"","format":"standard","meta":{"site-sidebar-layout":"default","site-content-layout":"","ast-site-content-layout":"default","site-content-style":"default","site-sidebar-style":"default","ast-global-header-display":"","ast-banner-title-visibility":"","ast-main-header-display":"","ast-hfb-above-header-display":"","ast-hfb-below-header-display":"","ast-hfb-mobile-header-display":"","site-post-title":"","ast-breadcrumbs-content":"","ast-featured-img":"","footer-sml-layout":"","theme-transparent-header-meta":"","adv-header-id-meta":"","stick-header-meta":"","header-above-stick-meta":"","header-main-stick-meta":"","header-below-stick-meta":"","astra-migrate-meta-layouts":"default","ast-page-background-enabled":"default","ast-page-background-meta":{"desktop":{"background-color":"var(--ast-global-color-4)","background-image":"","background-repeat":"repeat","background-position":"center center","background-size":"auto","background-attachment":"scroll","background-type":"","background-media":"","overlay-type":"","overlay-color":"","overlay-opacity":"","overlay-gradient":""},"tablet":{"background-color":"","background-image":"","background-repeat":"repeat","background-position":"center center","background-size":"auto","background-attachment":"scroll","background-type":"","background-media":"","overlay-type":"","overlay-color":"","overlay-opacity":"","overlay-gradient":""},"mobile":{"background-color":"","background-image":"","background-repeat":"repeat","background-position":"center center","background-size":"auto","background-attachment":"scroll","background-type":"","background-media":"","overlay-type":"","overlay-color":"","overlay-opacity":"","overlay-gradient":""}},"ast-content-background-meta":{"desktop":{"background-color":"var(--ast-global-color-5)","background-image":"","background-repeat":"repeat","background-position":"center center","background-size":"auto","background-attachment":"scroll","background-type":"","background-media":"","overlay-type":"","overlay-color":"","overlay-opacity":"","overlay-gradient":""},"tablet":{"background-color":"var(--ast-global-color-5)","background-image":"","background-repeat":"repeat","background-position":"center center","background-size":"auto","background-attachment":"scroll","background-type":"","background-media":"","overlay-type":"","overlay-color":"","overlay-opacity":"","overlay-gradient":""},"mobile":{"background-color":"var(--ast-global-color-5)","background-image":"","background-repeat":"repeat","background-position":"center center","background-size":"auto","background-attachment":"scroll","background-type":"","background-media":"","overlay-type":"","overlay-color":"","overlay-opacity":"","overlay-gradient":""}},"footnotes":""},"categories":[8],"tags":[38617,20034,38683],"class_list":["post-99995","post","type-post","status-publish","format-standard","has-post-thumbnail","hentry","category-noticias","tag-asesinato-asesores-clara-brugada","tag-clara-brugada","tag-venganza-cjng"],"_links":{"self":[{"href":"https:\/\/losperiodistas.com.mx\/portal\/wp-json\/wp\/v2\/posts\/99995","targetHints":{"allow":["GET"]}}],"collection":[{"href":"https:\/\/losperiodistas.com.mx\/portal\/wp-json\/wp\/v2\/posts"}],"about":[{"href":"https:\/\/losperiodistas.com.mx\/portal\/wp-json\/wp\/v2\/types\/post"}],"author":[{"embeddable":true,"href":"https:\/\/losperiodistas.com.mx\/portal\/wp-json\/wp\/v2\/users\/1"}],"replies":[{"embeddable":true,"href":"https:\/\/losperiodistas.com.mx\/portal\/wp-json\/wp\/v2\/comments?post=99995"}],"version-history":[{"count":1,"href":"https:\/\/losperiodistas.com.mx\/portal\/wp-json\/wp\/v2\/posts\/99995\/revisions"}],"predecessor-version":[{"id":99997,"href":"https:\/\/losperiodistas.com.mx\/portal\/wp-json\/wp\/v2\/posts\/99995\/revisions\/99997"}],"wp:featuredmedia":[{"embeddable":true,"href":"https:\/\/losperiodistas.com.mx\/portal\/wp-json\/wp\/v2\/media\/99996"}],"wp:attachment":[{"href":"https:\/\/losperiodistas.com.mx\/portal\/wp-json\/wp\/v2\/media?parent=99995"}],"wp:term":[{"taxonomy":"category","embeddable":true,"href":"https:\/\/losperiodistas.com.mx\/portal\/wp-json\/wp\/v2\/categories?post=99995"},{"taxonomy":"post_tag","embeddable":true,"href":"https:\/\/losperiodistas.com.mx\/portal\/wp-json\/wp\/v2\/tags?post=99995"}],"curies":[{"name":"wp","href":"https:\/\/api.w.org\/{rel}","templated":true}]}}