{"id":99992,"date":"2025-05-23T08:58:12","date_gmt":"2025-05-23T14:58:12","guid":{"rendered":"https:\/\/losperiodistas.com.mx\/portal\/?p=99992"},"modified":"2025-05-23T08:58:13","modified_gmt":"2025-05-23T14:58:13","slug":"un-sable-de-napoleon-subastado-por-casi-47-millones-de-euros-en-paris","status":"publish","type":"post","link":"https:\/\/losperiodistas.com.mx\/portal\/un-sable-de-napoleon-subastado-por-casi-47-millones-de-euros-en-paris\/","title":{"rendered":"Un sable de Napole\u00f3n, subastado por casi 4,7 millones de euros en Par\u00eds"},"content":{"rendered":"\n<figure class=\"wp-block-image size-full\"><img fetchpriority=\"high\" decoding=\"async\" width=\"900\" height=\"719\" src=\"https:\/\/losperiodistas.com.mx\/portal\/wp-content\/uploads\/2025\/05\/sable-napoleon.webp\" alt=\"\" class=\"wp-image-99993\" srcset=\"https:\/\/losperiodistas.com.mx\/portal\/wp-content\/uploads\/2025\/05\/sable-napoleon.webp 900w, https:\/\/losperiodistas.com.mx\/portal\/wp-content\/uploads\/2025\/05\/sable-napoleon-300x240.webp 300w, https:\/\/losperiodistas.com.mx\/portal\/wp-content\/uploads\/2025\/05\/sable-napoleon-768x614.webp 768w\" sizes=\"(max-width: 900px) 100vw, 900px\" \/><figcaption class=\"wp-element-caption\">El sable subastado. EFE\/ Drouot <\/figcaption><\/figure>\n\n\n\n<p class=\"has-vivid-red-color has-text-color has-link-color has-medium-font-size wp-elements-23db7e95974579b190d8bc7ea9a6cef6\"><strong>Agencia EFE<\/strong><\/p>\n\n\n\n<p>Par\u00eds (EFE).- Un sable utilizado por Napole\u00f3n Bonaparte durante todo su per\u00edodo como emperador fue subastado en casi 4,7 millones de euros, anunci\u00f3 este viernes la casa de subastas parisina Drouot.<\/p>\n\n\n\n<p>El precio total alcanz\u00f3 4,663 millones, gastos incluidos, en una subasta que tuvo lugar en la noche del jueves en Drouot, aunque organizada por la casa de ventas Giquello.<\/p>\n\n\n\n<p>La cifra \u00abroza el r\u00e9cord mundial de 4,8 millones de euros establecido en 2007\u00bb por un objeto napole\u00f3nico, indic\u00f3 Drouot en un comunicado. Ese r\u00e9cord fue para un sable que utiliz\u00f3 Napole\u00f3n en la batalla de Marengo (1800).<\/p>\n\n\n\n<figure class=\"wp-block-image\"><img decoding=\"async\" src=\"https:\/\/i0.wp.com\/efe.com\/wp-content\/uploads\/2025\/05\/sable.webp?resize=900%2C719&amp;ssl=1\" alt=\"Un sable utilizado por Napole\u00f3n Bonaparte \" class=\"wp-image-1896806\"\/><figcaption class=\"wp-element-caption\">Un sable utilizado por Napole\u00f3n Bonaparte fue subastado en casi 4,7 millones de euros.- EFE\/ Drouot<\/figcaption><\/figure>\n\n\n\n<h2 class=\"wp-block-heading\" id=\"h-arma-encargada-cuando-era-primer-consul\">Arma encargada cuando era primer c\u00f3nsul<\/h2>\n\n\n\n<p>El arma fue encargada por Napole\u00f3n en 1803, cuando todav\u00eda era primer c\u00f3nsul, al especialista Nicolas No\u00ebl Boutet, director de la Manufactura de Versalles y considerado el mejor maestro armero de la \u00e9poca.<\/p>\n\n\n\n<p>Tras varios meses de trabajo, Napole\u00f3n recibi\u00f3 el sable en 1804, muy poco despu\u00e9s de ser coronado emperador, y lo guard\u00f3 hasta su retorno del primer exilio en Elba, en 1815, cuando se lo regal\u00f3 al mariscal Emmanuel de Grouchy.<\/p>\n\n\n\n<p>El sable ha estado desde entonces en poder de la familia Grouchy.<\/p>\n\n\n\n<p>\u00abEste sable re\u00fane todo lo que buscan los grandes coleccionistas: una obra maestra cargada de historia y con una procedencia irreprochable\u00bb que se sit\u00faa en \u00abla encrucijada del arte, la historia y el poder\u00bb, resumi\u00f3 Alexandre Giquello, director de la firma que sac\u00f3 a la venta el objeto.<\/p>\n\n\n\n<p>Fuente: <a href=\"https:\/\/efe.com\/cultura\/2025-05-23\/sable-napoleon-subasta\/\">https:\/\/efe.com\/cultura\/2025-05-23\/sable-napoleon-subasta\/<\/a><\/p>\n","protected":false},"excerpt":{"rendered":"<p>Agencia EFE Par\u00eds (EFE).- Un sable utilizado por Napole\u00f3n Bonaparte durante todo su per\u00edodo como emperador fue subastado en casi [&hellip;]<\/p>\n","protected":false},"author":1,"featured_media":99993,"comment_status":"open","ping_status":"open","sticky":false,"template":"","format":"standard","meta":{"site-sidebar-layout":"default","site-content-layout":"","ast-site-content-layout":"default","site-content-style":"default","site-sidebar-style":"default","ast-global-header-display":"","ast-banner-title-visibility":"","ast-main-header-display":"","ast-hfb-above-header-display":"","ast-hfb-below-header-display":"","ast-hfb-mobile-header-display":"","site-post-title":"","ast-breadcrumbs-content":"","ast-featured-img":"","footer-sml-layout":"","theme-transparent-header-meta":"","adv-header-id-meta":"","stick-header-meta":"","header-above-stick-meta":"","header-main-stick-meta":"","header-below-stick-meta":"","astra-migrate-meta-layouts":"default","ast-page-background-enabled":"default","ast-page-background-meta":{"desktop":{"background-color":"var(--ast-global-color-4)","background-image":"","background-repeat":"repeat","background-position":"center center","background-size":"auto","background-attachment":"scroll","background-type":"","background-media":"","overlay-type":"","overlay-color":"","overlay-opacity":"","overlay-gradient":""},"tablet":{"background-color":"","background-image":"","background-repeat":"repeat","background-position":"center center","background-size":"auto","background-attachment":"scroll","background-type":"","background-media":"","overlay-type":"","overlay-color":"","overlay-opacity":"","overlay-gradient":""},"mobile":{"background-color":"","background-image":"","background-repeat":"repeat","background-position":"center center","background-size":"auto","background-attachment":"scroll","background-type":"","background-media":"","overlay-type":"","overlay-color":"","overlay-opacity":"","overlay-gradient":""}},"ast-content-background-meta":{"desktop":{"background-color":"var(--ast-global-color-5)","background-image":"","background-repeat":"repeat","background-position":"center center","background-size":"auto","background-attachment":"scroll","background-type":"","background-media":"","overlay-type":"","overlay-color":"","overlay-opacity":"","overlay-gradient":""},"tablet":{"background-color":"var(--ast-global-color-5)","background-image":"","background-repeat":"repeat","background-position":"center center","background-size":"auto","background-attachment":"scroll","background-type":"","background-media":"","overlay-type":"","overlay-color":"","overlay-opacity":"","overlay-gradient":""},"mobile":{"background-color":"var(--ast-global-color-5)","background-image":"","background-repeat":"repeat","background-position":"center center","background-size":"auto","background-attachment":"scroll","background-type":"","background-media":"","overlay-type":"","overlay-color":"","overlay-opacity":"","overlay-gradient":""}},"footnotes":""},"categories":[8],"tags":[38682,26895,38681],"class_list":["post-99992","post","type-post","status-publish","format-standard","has-post-thumbnail","hentry","category-noticias","tag-batalla-de-marengo","tag-napoleon-bonaparte","tag-sable-de-napoleon"],"_links":{"self":[{"href":"https:\/\/losperiodistas.com.mx\/portal\/wp-json\/wp\/v2\/posts\/99992","targetHints":{"allow":["GET"]}}],"collection":[{"href":"https:\/\/losperiodistas.com.mx\/portal\/wp-json\/wp\/v2\/posts"}],"about":[{"href":"https:\/\/losperiodistas.com.mx\/portal\/wp-json\/wp\/v2\/types\/post"}],"author":[{"embeddable":true,"href":"https:\/\/losperiodistas.com.mx\/portal\/wp-json\/wp\/v2\/users\/1"}],"replies":[{"embeddable":true,"href":"https:\/\/losperiodistas.com.mx\/portal\/wp-json\/wp\/v2\/comments?post=99992"}],"version-history":[{"count":1,"href":"https:\/\/losperiodistas.com.mx\/portal\/wp-json\/wp\/v2\/posts\/99992\/revisions"}],"predecessor-version":[{"id":99994,"href":"https:\/\/losperiodistas.com.mx\/portal\/wp-json\/wp\/v2\/posts\/99992\/revisions\/99994"}],"wp:featuredmedia":[{"embeddable":true,"href":"https:\/\/losperiodistas.com.mx\/portal\/wp-json\/wp\/v2\/media\/99993"}],"wp:attachment":[{"href":"https:\/\/losperiodistas.com.mx\/portal\/wp-json\/wp\/v2\/media?parent=99992"}],"wp:term":[{"taxonomy":"category","embeddable":true,"href":"https:\/\/losperiodistas.com.mx\/portal\/wp-json\/wp\/v2\/categories?post=99992"},{"taxonomy":"post_tag","embeddable":true,"href":"https:\/\/losperiodistas.com.mx\/portal\/wp-json\/wp\/v2\/tags?post=99992"}],"curies":[{"name":"wp","href":"https:\/\/api.w.org\/{rel}","templated":true}]}}