{"id":99985,"date":"2025-05-23T08:39:00","date_gmt":"2025-05-23T14:39:00","guid":{"rendered":"https:\/\/losperiodistas.com.mx\/portal\/?p=99985"},"modified":"2025-05-23T08:39:01","modified_gmt":"2025-05-23T14:39:01","slug":"asi-afecta-a-tu-cerebro-leer-libros-de-ficcion-el-doctor-mario-alonso-puig-analiza-como-influye-en-tu-personalidad-cope","status":"publish","type":"post","link":"https:\/\/losperiodistas.com.mx\/portal\/asi-afecta-a-tu-cerebro-leer-libros-de-ficcion-el-doctor-mario-alonso-puig-analiza-como-influye-en-tu-personalidad-cope\/","title":{"rendered":"As\u00ed afecta a tu cerebro leer libros de ficci\u00f3n: el doctor Mario Alonso Puig analiza c\u00f3mo influye en tu personalidad | COPE"},"content":{"rendered":"\n<h2 class=\"wp-block-heading\">Como cada viernes, el doctor Mario Alonso Puig reflexiona en &#8216;Herrera en COPE&#8217; sobre el poder que tiene una buena historia y el impacto que tiene en nosotros<\/h2>\n\n\n\n<figure class=\"wp-block-image size-full\"><img fetchpriority=\"high\" decoding=\"async\" width=\"768\" height=\"432\" src=\"https:\/\/losperiodistas.com.mx\/portal\/wp-content\/uploads\/2025\/05\/66ffbf415b230.webp\" alt=\"\" class=\"wp-image-99986\" srcset=\"https:\/\/losperiodistas.com.mx\/portal\/wp-content\/uploads\/2025\/05\/66ffbf415b230.webp 768w, https:\/\/losperiodistas.com.mx\/portal\/wp-content\/uploads\/2025\/05\/66ffbf415b230-300x169.webp 300w\" sizes=\"(max-width: 768px) 100vw, 768px\" \/><\/figure>\n\n\n\n<p><\/p>\n\n\n\n<p class=\"has-vivid-red-color has-text-color has-link-color has-medium-font-size wp-elements-c5303f6148fa409772be1499dadfe639\"><strong>Redacci\u00f3n Herrera en COPE<\/strong><\/p>\n\n\n\n<figure class=\"wp-block-audio\"><audio controls src=\"https:\/\/losperiodistas.com.mx\/portal\/wp-content\/uploads\/2025\/05\/I_qJ-e-mvmYPgpY4ozZsx.mp3\"><\/audio><\/figure>\n\n\n\n<p><strong>Cuando somos peque\u00f1os nos cuentan&nbsp;<a href=\"https:\/\/es.wikipedia.org\/wiki\/Cuento\" rel=\"noreferrer noopener\" target=\"_blank\">cuentos&nbsp;<\/a><\/strong>y son&nbsp;<strong>esas historias las que nos atrapan<\/strong>. Despu\u00e9s,&nbsp;<strong>cuando crecemos, somos nosotros quienes las contamos<\/strong>, sin darnos cuenta, cada vez que hablamos con alguien.&nbsp;<\/p>\n\n\n\n<p><strong>Las historias tienen un poder \u00fanico<\/strong>: son capaces de mover corazones, de cambiar mentes y de transformar el mundo.&nbsp;Pero&#8230;<strong>&nbsp;\u00bfQu\u00e9 tienen las&nbsp;<a href=\"https:\/\/www.cope.es\/religion\/historias\" target=\"_blank\" rel=\"noreferrer noopener\">historias&nbsp;<\/a>para que siempre nos atrapen, independientemente de la edad?<\/strong><\/p>\n\n\n\n<p>Este viernes en&nbsp;<a href=\"https:\/\/www.cope.es\/programas\/herrera-en-cope\/reflexionando-con-mario-alonso-puig\" target=\"_blank\" rel=\"noreferrer noopener\">&#8216;Herrera en COPE&#8217; el doctor Mario Alonso Puig<\/a>&nbsp;reflexiona sobre&nbsp;<strong>el poder de las historias<\/strong>: \u00abLas historias o las leyendas nos atrapan porque conectan el mundo de los sentidos, el mundo consciente con un mundo que lo trasciende, con un mundo m\u00e1gico, con un mundo que lo supera\u00bb.<\/p>\n\n\n\n<figure class=\"wp-block-image\"><img decoding=\"async\" width=\"800\" height=\"600\" src=\"https:\/\/losperiodistas.com.mx\/portal\/wp-content\/uploads\/2025\/05\/677d66a3879fb.png\" alt=\"Un padre le lee un cuento a sus hijas\" class=\"wp-image-99990\" srcset=\"https:\/\/losperiodistas.com.mx\/portal\/wp-content\/uploads\/2025\/05\/677d66a3879fb.png 800w, https:\/\/losperiodistas.com.mx\/portal\/wp-content\/uploads\/2025\/05\/677d66a3879fb-300x225.png 300w, https:\/\/losperiodistas.com.mx\/portal\/wp-content\/uploads\/2025\/05\/677d66a3879fb-768x576.png 768w\" sizes=\"(max-width: 800px) 100vw, 800px\" \/><figcaption class=\"wp-element-caption\">Alamy Stock PhotoUn padre le lee un cuento a sus hijas<\/figcaption><\/figure>\n\n\n\n<h3 class=\"wp-block-heading\">El impacto de las historias en las personas<\/h3>\n\n\n\n<p>\u00abHay muchas historias que&nbsp;<strong>nos atrapan y nos atrapan siempre precisamente porque son puentes entre el mundo conocido y un mundo que, siendo desconocido, tiene dos caracter\u00edsticas<\/strong>. Primero,&nbsp;<strong>algo en nuestro interior nos dice que es real en alguna medida<\/strong>&nbsp;y, en segundo lugar,<strong>&nbsp;tiene un punto m\u00e1gico<\/strong>\u00ab, ha se\u00f1alado el doctor.<\/p>\n\n\n\n<h4 class=\"wp-block-heading\">te puede interesar<\/h4>\n\n\n\n<figure class=\"wp-block-image\"><img decoding=\"async\" width=\"328\" height=\"184\" src=\"https:\/\/losperiodistas.com.mx\/portal\/wp-content\/uploads\/2025\/05\/676e803d88afc.r_d.760-400.webp\" alt=\"\" class=\"wp-image-99989\" srcset=\"https:\/\/losperiodistas.com.mx\/portal\/wp-content\/uploads\/2025\/05\/676e803d88afc.r_d.760-400.webp 328w, https:\/\/losperiodistas.com.mx\/portal\/wp-content\/uploads\/2025\/05\/676e803d88afc.r_d.760-400-300x168.webp 300w\" sizes=\"(max-width: 328px) 100vw, 328px\" \/><\/figure>\n\n\n\n<h3 class=\"wp-block-heading\"><a href=\"https:\/\/www.cope.es\/programas\/herrera-en-cope\/reflexionando-con-mario-alonso-puig\/audios\/ejercicio-propone-doctor-mario-alonso-puig-llevarte-mejor-alguien-soportas-fijate-20250221_3100232.html\">El ejercicio que propone el doctor Mario Alonso Puig para llevarte mejor con alguien que no soportas: \u00abF\u00edjate c\u00f3mo&#8230;\u00bb<\/a><\/h3>\n\n\n\n<p>El poder de las historias va m\u00e1s all\u00e1 de engancharnos a un relato. De hecho, diversos estudios han demostrado que&nbsp;<strong><a href=\"https:\/\/www.cope.es\/emisoras\/region-de-murcia\/noticias\/los-beneficios-psicologicos-leer-cuentos-los-mas-pequenos-casa-20240427_3264604\" target=\"_blank\" rel=\"noreferrer noopener\">leer cuentos a los ni\u00f1os<\/a>&nbsp;favorece su desarrollo cerebral, la memoria, la capacidad imaginativa o la percepci\u00f3n del riesgo<\/strong>, entre otros aspectos.<\/p>\n\n\n\n<p>Para el doctor&nbsp;<a href=\"https:\/\/www.instagram.com\/marioalonsopuig\/?hl=es\" rel=\"noreferrer noopener\" target=\"_blank\">Mario Alonso Puig<\/a>, los resultados de estos estudios tienen mucho sentido:&nbsp;<strong>\u00abCuando uno queda atrapado<\/strong>, en el sentido bello de la palabra, atrapado por una leyenda, por un&nbsp;<a href=\"https:\/\/es.wikipedia.org\/wiki\/Mito#:~:text=Los%20mitos%20(del%20griego%20%CE%BC%CF%8D%CE%B8%CE%BF%CF%82,cuestiones%20que%20les%20resultaban%20inexplicables.\" rel=\"noreferrer noopener\" target=\"_blank\">mito<\/a>, por una historia, aunque parezca mentira,<strong>&nbsp;el inconsciente empieza a vibrar con ese cuento, con esa historia<\/strong>\u00ab.&nbsp;<\/p>\n\n\n\n<p>Seg\u00fan Mario, la vibraci\u00f3n que se produce es real, puesto que&nbsp;<strong>vibran las c\u00e9lulas, los sistemas o los \u00f3rganos<\/strong>. Y es, precisamente,&nbsp;<strong>esa vibraci\u00f3n la que podr\u00eda, incluso, hacernos mejorar de una enfermedad<\/strong>: \u00abYo he contado historias que s\u00e9, porque me lo han dicho, el impacto que han tenido en personas con enfermedades muy serias\u00bb.<\/p>\n\n\n\n<h3 class=\"wp-block-heading\">la importancia de leer de todo<\/h3>\n\n\n\n<figure class=\"wp-block-image\"><img loading=\"lazy\" decoding=\"async\" width=\"328\" height=\"184\" src=\"https:\/\/losperiodistas.com.mx\/portal\/wp-content\/uploads\/2025\/05\/6748694bd3f04.r_d.674-393.webp\" alt=\"\" class=\"wp-image-99988\" srcset=\"https:\/\/losperiodistas.com.mx\/portal\/wp-content\/uploads\/2025\/05\/6748694bd3f04.r_d.674-393.webp 328w, https:\/\/losperiodistas.com.mx\/portal\/wp-content\/uploads\/2025\/05\/6748694bd3f04.r_d.674-393-300x168.webp 300w\" sizes=\"(max-width: 328px) 100vw, 328px\" \/><\/figure>\n\n\n\n<h3 class=\"wp-block-heading\"><a href=\"https:\/\/www.cope.es\/programas\/herrera-en-cope\/reflexionando-con-mario-alonso-puig\/audios\/consejo-doctor-mario-alonso-puig-pasan-mal-momento-navidad-me-servido-mi-vida-20241225_3068602.html\">El consejo del doctor Mario Alonso Puig a los que pasan un mal momento esta Navidad: \u00abMe ha servido en mi vida\u00bb<\/a><\/h3>\n\n\n\n<p>Hay personas que&nbsp;<strong>solo leen libros que les resulten de utilidad<\/strong>, como pueden ser los de&nbsp;<strong>cocina<\/strong>,<strong>&nbsp;los que ayudan a entender mejor al ser humano<\/strong>,&nbsp;<strong>los que ense\u00f1an ciencia<\/strong>,&nbsp;<strong>qu\u00edmica<\/strong>,&nbsp;<strong>medicina&nbsp;<\/strong>o&nbsp;<strong>ingenier\u00eda<\/strong>, entre otros.<\/p>\n\n\n\n<p>Mario Alonso Puig&nbsp;<strong>entiende esta mentalidad, pero no la comparte<\/strong>: \u00abLo que te ayuda a trascender el mundo obvio, lo que&nbsp;<strong>te ayuda a intuir nuevas posibilidades en tu vida<\/strong>, lo que<strong>&nbsp;te ayuda a cruzar nuevos horizontes<\/strong>, lo que te invita a un viaje de aventura y de transformaci\u00f3n, no es la f\u00edsica, no es la medicina, son esas&nbsp;<strong>leyendas que te ensanchan el alma, que agudizan tu mirada para que puedas intuir que hay realidades m\u00e1s profundas<\/strong>\u00ab.&nbsp;<\/p>\n\n\n\n<p>Seg\u00fan el doctor, este es el motivo por el que las historias tienen tal impacto, no solo en la cabeza, sino tambi\u00e9n en el coraz\u00f3n: \u00abLos mitos, las leyendas,&nbsp;<strong>nos sirven como un espejo para que nos veamos en nuestras debilidades y en nuestras grandezas<\/strong>, para que entendamos nuestras vulnerabilidades\u00bb.<\/p>\n\n\n\n<p>Fuente: <a href=\"https:\/\/www.cope.es\/programas\/herrera-en-cope\/reflexionando-con-mario-alonso-puig\/audios\/asi-afecta-cerebro-leer-libros-ficcion-doctor-mario-alonso-puig-analiza-influye-personalidad-20250523_3156078.html\">https:\/\/www.cope.es\/programas\/herrera-en-cope\/reflexionando-con-mario-alonso-puig\/audios\/asi-afecta-cerebro-leer-libros-ficcion-doctor-mario-alonso-puig-analiza-influye-personalidad-20250523_3156078.html<\/a><\/p>\n","protected":false},"excerpt":{"rendered":"<p>Como cada viernes, el doctor Mario Alonso Puig reflexiona en &#8216;Herrera en COPE&#8217; sobre el poder que tiene una buena [&hellip;]<\/p>\n","protected":false},"author":1,"featured_media":99986,"comment_status":"open","ping_status":"open","sticky":false,"template":"","format":"standard","meta":{"site-sidebar-layout":"default","site-content-layout":"","ast-site-content-layout":"default","site-content-style":"default","site-sidebar-style":"default","ast-global-header-display":"","ast-banner-title-visibility":"","ast-main-header-display":"","ast-hfb-above-header-display":"","ast-hfb-below-header-display":"","ast-hfb-mobile-header-display":"","site-post-title":"","ast-breadcrumbs-content":"","ast-featured-img":"","footer-sml-layout":"","theme-transparent-header-meta":"","adv-header-id-meta":"","stick-header-meta":"","header-above-stick-meta":"","header-main-stick-meta":"","header-below-stick-meta":"","astra-migrate-meta-layouts":"default","ast-page-background-enabled":"default","ast-page-background-meta":{"desktop":{"background-color":"var(--ast-global-color-4)","background-image":"","background-repeat":"repeat","background-position":"center center","background-size":"auto","background-attachment":"scroll","background-type":"","background-media":"","overlay-type":"","overlay-color":"","overlay-opacity":"","overlay-gradient":""},"tablet":{"background-color":"","background-image":"","background-repeat":"repeat","background-position":"center center","background-size":"auto","background-attachment":"scroll","background-type":"","background-media":"","overlay-type":"","overlay-color":"","overlay-opacity":"","overlay-gradient":""},"mobile":{"background-color":"","background-image":"","background-repeat":"repeat","background-position":"center center","background-size":"auto","background-attachment":"scroll","background-type":"","background-media":"","overlay-type":"","overlay-color":"","overlay-opacity":"","overlay-gradient":""}},"ast-content-background-meta":{"desktop":{"background-color":"var(--ast-global-color-5)","background-image":"","background-repeat":"repeat","background-position":"center center","background-size":"auto","background-attachment":"scroll","background-type":"","background-media":"","overlay-type":"","overlay-color":"","overlay-opacity":"","overlay-gradient":""},"tablet":{"background-color":"var(--ast-global-color-5)","background-image":"","background-repeat":"repeat","background-position":"center center","background-size":"auto","background-attachment":"scroll","background-type":"","background-media":"","overlay-type":"","overlay-color":"","overlay-opacity":"","overlay-gradient":""},"mobile":{"background-color":"var(--ast-global-color-5)","background-image":"","background-repeat":"repeat","background-position":"center center","background-size":"auto","background-attachment":"scroll","background-type":"","background-media":"","overlay-type":"","overlay-color":"","overlay-opacity":"","overlay-gradient":""}},"footnotes":""},"categories":[8],"tags":[13034,38679,38680,38678,28760],"class_list":["post-99985","post","type-post","status-publish","format-standard","has-post-thumbnail","hentry","category-noticias","tag-cerebro","tag-dr-mario-alonso-puig","tag-historias","tag-libros-de-ficcion","tag-personalidad"],"_links":{"self":[{"href":"https:\/\/losperiodistas.com.mx\/portal\/wp-json\/wp\/v2\/posts\/99985","targetHints":{"allow":["GET"]}}],"collection":[{"href":"https:\/\/losperiodistas.com.mx\/portal\/wp-json\/wp\/v2\/posts"}],"about":[{"href":"https:\/\/losperiodistas.com.mx\/portal\/wp-json\/wp\/v2\/types\/post"}],"author":[{"embeddable":true,"href":"https:\/\/losperiodistas.com.mx\/portal\/wp-json\/wp\/v2\/users\/1"}],"replies":[{"embeddable":true,"href":"https:\/\/losperiodistas.com.mx\/portal\/wp-json\/wp\/v2\/comments?post=99985"}],"version-history":[{"count":1,"href":"https:\/\/losperiodistas.com.mx\/portal\/wp-json\/wp\/v2\/posts\/99985\/revisions"}],"predecessor-version":[{"id":99991,"href":"https:\/\/losperiodistas.com.mx\/portal\/wp-json\/wp\/v2\/posts\/99985\/revisions\/99991"}],"wp:featuredmedia":[{"embeddable":true,"href":"https:\/\/losperiodistas.com.mx\/portal\/wp-json\/wp\/v2\/media\/99986"}],"wp:attachment":[{"href":"https:\/\/losperiodistas.com.mx\/portal\/wp-json\/wp\/v2\/media?parent=99985"}],"wp:term":[{"taxonomy":"category","embeddable":true,"href":"https:\/\/losperiodistas.com.mx\/portal\/wp-json\/wp\/v2\/categories?post=99985"},{"taxonomy":"post_tag","embeddable":true,"href":"https:\/\/losperiodistas.com.mx\/portal\/wp-json\/wp\/v2\/tags?post=99985"}],"curies":[{"name":"wp","href":"https:\/\/api.w.org\/{rel}","templated":true}]}}