{"id":99982,"date":"2025-05-23T08:19:06","date_gmt":"2025-05-23T14:19:06","guid":{"rendered":"https:\/\/losperiodistas.com.mx\/portal\/?p=99982"},"modified":"2025-05-23T08:19:07","modified_gmt":"2025-05-23T14:19:07","slug":"trump-amenaza-a-la-ue-con-aranceles-del-50-y-ataca-a-apple-el-dow-jones-cae-wsj","status":"publish","type":"post","link":"https:\/\/losperiodistas.com.mx\/portal\/trump-amenaza-a-la-ue-con-aranceles-del-50-y-ataca-a-apple-el-dow-jones-cae-wsj\/","title":{"rendered":"Trump amenaza a la UE con aranceles del 50% y ataca a Apple; el Dow Jones cae | WSJ"},"content":{"rendered":"\n<h2 class=\"wp-block-heading\">El d\u00f3lar se debilita, los bonos suben y el bitcoin se mantiene cerca de m\u00e1ximos hist\u00f3ricos<\/h2>\n\n\n\n<figure class=\"wp-block-image size-large\"><img fetchpriority=\"high\" decoding=\"async\" width=\"1024\" height=\"657\" src=\"https:\/\/losperiodistas.com.mx\/portal\/wp-content\/uploads\/2025\/05\/Captura-de-pantalla-2025-05-23-a-las-8.13.15\u202fa.m-1024x657.png\" alt=\"\" class=\"wp-image-99983\" srcset=\"https:\/\/losperiodistas.com.mx\/portal\/wp-content\/uploads\/2025\/05\/Captura-de-pantalla-2025-05-23-a-las-8.13.15\u202fa.m-1024x657.png 1024w, https:\/\/losperiodistas.com.mx\/portal\/wp-content\/uploads\/2025\/05\/Captura-de-pantalla-2025-05-23-a-las-8.13.15\u202fa.m-300x192.png 300w, https:\/\/losperiodistas.com.mx\/portal\/wp-content\/uploads\/2025\/05\/Captura-de-pantalla-2025-05-23-a-las-8.13.15\u202fa.m-768x493.png 768w, https:\/\/losperiodistas.com.mx\/portal\/wp-content\/uploads\/2025\/05\/Captura-de-pantalla-2025-05-23-a-las-8.13.15\u202fa.m-1536x985.png 1536w, https:\/\/losperiodistas.com.mx\/portal\/wp-content\/uploads\/2025\/05\/Captura-de-pantalla-2025-05-23-a-las-8.13.15\u202fa.m.png 1628w\" sizes=\"(max-width: 1024px) 100vw, 1024px\" \/><\/figure>\n\n\n\n<p><\/p>\n\n\n\n<p>The Wall Street Journal<\/p>\n\n\n\n<p>El presidente Trump lanz\u00f3 nuevas andanadas en su campa\u00f1a arancelaria, amenazando con imponer una&nbsp;<a href=\"https:\/\/www.wsj.com\/livecoverage\/stock-market-today-tariffs-trade-war-05-23-2025\/card\/trump-threatens-50-tariff-on-eu-teQFlcGwjdc03svLmgNz\">tasa del 50% a la Uni\u00f3n Europea<\/a>&nbsp;en cuesti\u00f3n de d\u00edas y advirtiendo a Apple que los iPhones fabricados en el extranjero&nbsp;<a href=\"https:\/\/www.wsj.com\/livecoverage\/stock-market-today-tariffs-trade-war-05-23-2025\/card\/trump-threatens-apple-with-25-tariff-on-foreign-made-iphones-spJeeb9JjkAsSpDCqYIS\">podr\u00edan enfrentar grav\u00e1menes significativos<\/a>&nbsp;.<\/p>\n\n\n\n<p>Las nuevas amenazas se dirigen a pilares fundamentales del comercio global: una de las empresas m\u00e1s valiosas del mundo y uno de los principales socios comerciales de Estados Unidos. La respuesta inicial del mercado reflej\u00f3 el reavivado temor de que la pol\u00edtica arancelaria pudiera frenar el crecimiento econ\u00f3mico.<\/p>\n\n\n\n<p>Las acciones estadounidenses y europeas cayeron. Los inversores buscaron&nbsp;<a href=\"https:\/\/www.wsj.com\/livecoverage\/stock-market-today-tariffs-trade-war-05-23-2025\/card\/trump-tariff-threat-sparks-government-bond-rally-JcbYS07q8LQ518ngUaJA\">refugio en bonos gubernamentales<\/a>&nbsp;y divisas refugio como el franco suizo y el yen japon\u00e9s, lo que lastr\u00f3 al d\u00f3lar. Los precios del oro subieron.<\/p>\n\n\n\n<p>Altos funcionarios comerciales de EE. UU. y la UE tienen una llamada programada para las 11:30 a. m. ET. Un portavoz de la Uni\u00f3n Europea afirm\u00f3 que el&nbsp;<a href=\"https:\/\/www.wsj.com\/livecoverage\/stock-market-today-tariffs-trade-war-05-23-2025\/card\/eu-won-t-comment-on-trump-tariff-threat-before-call-with-greer-v9mtW85ZwvmeZR6z7p6e\">bloque no har\u00eda comentarios<\/a>&nbsp;sobre la \u00faltima amenaza de Trump antes de esa fecha.<\/p>\n\n\n\n<p>Los jefes de finanzas y bancos centrales del G-7&nbsp;<a href=\"https:\/\/www.wsj.com\/economy\/trade\/g7-summit-trade-tariff-tension-9007a3cf\">emitieron el jueves una declaraci\u00f3n vaga<\/a>&nbsp;que no mencion\u00f3 ning\u00fan impuesto y solo mencion\u00f3 el \u00abcomercio\u00bb, despu\u00e9s de una cumbre en la que estuvieron presentes tanto el secretario del Tesoro, Scott Bessent, como representantes de la UE.<\/p>\n\n\n\n<p>La ca\u00edda del viernes en los rendimientos de los bonos del Tesoro fren\u00f3 un reciente repunte impulsado por la ansiedad sobre las perspectivas fiscales de Estados Unidos. El proyecto de ley de impuestos y gastos de Trump, que contribuy\u00f3 a avivar esas preocupaciones,&nbsp;<a href=\"https:\/\/www.wsj.com\/politics\/policy\/trump-tax-bill-senate-f649b457\">ahora se dirige al Senado<\/a>&nbsp;.<\/p>\n\n\n\n<p>En operaciones recientes:<\/p>\n\n\n\n<p><strong>Los principales \u00edndices cayeron<\/strong>&nbsp;hasta un 1%.<\/p>\n\n\n\n<p><strong>Las acciones de Apple cayeron<\/strong>&nbsp;alrededor de un 2,2%.<\/p>\n\n\n\n<p><strong>Los rendimientos de los bonos del Tesoro disminuyeron<\/strong>&nbsp;. El rendimiento de referencia a 10 a\u00f1os se acerc\u00f3 al 4,5%; sus equivalentes a 30 a\u00f1os rondaron el 5%.<\/p>\n\n\n\n<p><strong>Los precios de Bitcoin se alejaron ligeramente de&nbsp;<\/strong><strong>m\u00e1ximos<\/strong>&nbsp;hist\u00f3ricos . Trump celebr\u00f3 una cena de gala el jueves por la noche con los mayores&nbsp;<a href=\"https:\/\/www.wsj.com\/finance\/currencies\/trumps-memecoin-gala-dinner-draws-crypto-tycoons-a-basketball-star-and-protests-96e6874c\">poseedores de su criptomoneda meme<\/a>&nbsp;. Mientras tanto, los principales bancos estadounidenses est\u00e1n considerando la posibilidad de&nbsp;<a href=\"https:\/\/www.wsj.com\/finance\/banking\/crypto-stablecoin-big-banks-a841059e\">emitir una criptomoneda estable conjunta.<\/a><\/p>\n\n\n\n<p><strong>Los futuros del oro subieron<\/strong>&nbsp;m\u00e1s del 1,5%.<\/p>\n\n\n\n<p><strong>El \u00abindicador del miedo\u00bb de Wall Street, el VIX,&nbsp;<\/strong><a href=\"https:\/\/www.wsj.com\/livecoverage\/stock-market-today-tariffs-trade-war-05-23-2025\/card\/vix-fear-gauge-jumps-after-tariff-broadside-HlIRa86V20em0evael3c\"><strong>subi\u00f3.<\/strong><\/a><\/p>\n\n\n\n<p>Pr\u00f3ximamente:<\/p>\n\n\n\n<p>La gobernadora de la Reserva Federal, Lisa Cook, tiene previsto hablar al mediod\u00eda.<\/p>\n\n\n\n<p>El lunes es el D\u00eda de los Ca\u00eddos; los mercados de acciones y bonos&nbsp;<a href=\"https:\/\/www.wsj.com\/livecoverage\/stock-market-today-tariffs-trade-war-05-23-2025\/card\/markets-are-closed-monday-for-memorial-day-QWjXV22LpHvqdJAe5fat\">estar\u00e1n cerrados<\/a>&nbsp;.<\/p>\n\n\n\n<p><em>\u2014Por&nbsp;<\/em><a href=\"https:\/\/www.wsj.com\/news\/author\/joe-wallace\"><em>Joe Wallace<\/em><\/a><\/p>\n\n\n\n<p>Fuente: <a href=\"https:\/\/www.wsj.com\/livecoverage\/stock-market-today-tariffs-trade-war-05-23-2025?mod=hp_lead_pos1\">https:\/\/www.wsj.com\/livecoverage\/stock-market-today-tariffs-trade-war-05-23-2025?mod=hp_lead_pos1<\/a><\/p>\n","protected":false},"excerpt":{"rendered":"<p>El d\u00f3lar se debilita, los bonos suben y el bitcoin se mantiene cerca de m\u00e1ximos hist\u00f3ricos The Wall Street Journal [&hellip;]<\/p>\n","protected":false},"author":1,"featured_media":99983,"comment_status":"open","ping_status":"open","sticky":false,"template":"","format":"standard","meta":{"site-sidebar-layout":"default","site-content-layout":"","ast-site-content-layout":"default","site-content-style":"default","site-sidebar-style":"default","ast-global-header-display":"","ast-banner-title-visibility":"","ast-main-header-display":"","ast-hfb-above-header-display":"","ast-hfb-below-header-display":"","ast-hfb-mobile-header-display":"","site-post-title":"","ast-breadcrumbs-content":"","ast-featured-img":"","footer-sml-layout":"","theme-transparent-header-meta":"","adv-header-id-meta":"","stick-header-meta":"","header-above-stick-meta":"","header-main-stick-meta":"","header-below-stick-meta":"","astra-migrate-meta-layouts":"default","ast-page-background-enabled":"default","ast-page-background-meta":{"desktop":{"background-color":"var(--ast-global-color-4)","background-image":"","background-repeat":"repeat","background-position":"center center","background-size":"auto","background-attachment":"scroll","background-type":"","background-media":"","overlay-type":"","overlay-color":"","overlay-opacity":"","overlay-gradient":""},"tablet":{"background-color":"","background-image":"","background-repeat":"repeat","background-position":"center center","background-size":"auto","background-attachment":"scroll","background-type":"","background-media":"","overlay-type":"","overlay-color":"","overlay-opacity":"","overlay-gradient":""},"mobile":{"background-color":"","background-image":"","background-repeat":"repeat","background-position":"center center","background-size":"auto","background-attachment":"scroll","background-type":"","background-media":"","overlay-type":"","overlay-color":"","overlay-opacity":"","overlay-gradient":""}},"ast-content-background-meta":{"desktop":{"background-color":"var(--ast-global-color-5)","background-image":"","background-repeat":"repeat","background-position":"center center","background-size":"auto","background-attachment":"scroll","background-type":"","background-media":"","overlay-type":"","overlay-color":"","overlay-opacity":"","overlay-gradient":""},"tablet":{"background-color":"var(--ast-global-color-5)","background-image":"","background-repeat":"repeat","background-position":"center center","background-size":"auto","background-attachment":"scroll","background-type":"","background-media":"","overlay-type":"","overlay-color":"","overlay-opacity":"","overlay-gradient":""},"mobile":{"background-color":"var(--ast-global-color-5)","background-image":"","background-repeat":"repeat","background-position":"center center","background-size":"auto","background-attachment":"scroll","background-type":"","background-media":"","overlay-type":"","overlay-color":"","overlay-opacity":"","overlay-gradient":""}},"footnotes":""},"categories":[8],"tags":[4352,32436,38677,8205],"class_list":["post-99982","post","type-post","status-publish","format-standard","has-post-thumbnail","hentry","category-noticias","tag-apple","tag-aranceles-trump","tag-dow-jones","tag-union-europea"],"_links":{"self":[{"href":"https:\/\/losperiodistas.com.mx\/portal\/wp-json\/wp\/v2\/posts\/99982","targetHints":{"allow":["GET"]}}],"collection":[{"href":"https:\/\/losperiodistas.com.mx\/portal\/wp-json\/wp\/v2\/posts"}],"about":[{"href":"https:\/\/losperiodistas.com.mx\/portal\/wp-json\/wp\/v2\/types\/post"}],"author":[{"embeddable":true,"href":"https:\/\/losperiodistas.com.mx\/portal\/wp-json\/wp\/v2\/users\/1"}],"replies":[{"embeddable":true,"href":"https:\/\/losperiodistas.com.mx\/portal\/wp-json\/wp\/v2\/comments?post=99982"}],"version-history":[{"count":1,"href":"https:\/\/losperiodistas.com.mx\/portal\/wp-json\/wp\/v2\/posts\/99982\/revisions"}],"predecessor-version":[{"id":99984,"href":"https:\/\/losperiodistas.com.mx\/portal\/wp-json\/wp\/v2\/posts\/99982\/revisions\/99984"}],"wp:featuredmedia":[{"embeddable":true,"href":"https:\/\/losperiodistas.com.mx\/portal\/wp-json\/wp\/v2\/media\/99983"}],"wp:attachment":[{"href":"https:\/\/losperiodistas.com.mx\/portal\/wp-json\/wp\/v2\/media?parent=99982"}],"wp:term":[{"taxonomy":"category","embeddable":true,"href":"https:\/\/losperiodistas.com.mx\/portal\/wp-json\/wp\/v2\/categories?post=99982"},{"taxonomy":"post_tag","embeddable":true,"href":"https:\/\/losperiodistas.com.mx\/portal\/wp-json\/wp\/v2\/tags?post=99982"}],"curies":[{"name":"wp","href":"https:\/\/api.w.org\/{rel}","templated":true}]}}