{"id":99975,"date":"2025-05-23T07:39:36","date_gmt":"2025-05-23T13:39:36","guid":{"rendered":"https:\/\/losperiodistas.com.mx\/portal\/?p=99975"},"modified":"2025-05-23T07:39:37","modified_gmt":"2025-05-23T13:39:37","slug":"trump-amenaza-a-apple-con-arancel-del-25-si-no-fabrica-los-iphones-en-estados-unidos-el-economista","status":"publish","type":"post","link":"https:\/\/losperiodistas.com.mx\/portal\/trump-amenaza-a-apple-con-arancel-del-25-si-no-fabrica-los-iphones-en-estados-unidos-el-economista\/","title":{"rendered":"Trump amenaza a Apple con arancel del 25% si no fabrica los iPhones en Estados Unidos | El Economista"},"content":{"rendered":"\n<p class=\"has-medium-font-size\"> El presidente Donald Trump amenaz\u00f3 este viernes a Apple con pagar un arancel del 25% si los iPhones vendidos en Estados Unidos no se fabrican dentro de sus fronteras.<\/p>\n\n\n\n<figure class=\"wp-block-image size-large\"><img fetchpriority=\"high\" decoding=\"async\" width=\"1024\" height=\"576\" src=\"https:\/\/losperiodistas.com.mx\/portal\/wp-content\/uploads\/2025\/05\/68263ef6d39fc-1024x576.jpeg\" alt=\"\" class=\"wp-image-99976\" srcset=\"https:\/\/losperiodistas.com.mx\/portal\/wp-content\/uploads\/2025\/05\/68263ef6d39fc-1024x576.jpeg 1024w, https:\/\/losperiodistas.com.mx\/portal\/wp-content\/uploads\/2025\/05\/68263ef6d39fc-300x169.jpeg 300w, https:\/\/losperiodistas.com.mx\/portal\/wp-content\/uploads\/2025\/05\/68263ef6d39fc-768x432.jpeg 768w, https:\/\/losperiodistas.com.mx\/portal\/wp-content\/uploads\/2025\/05\/68263ef6d39fc.jpeg 1280w\" sizes=\"(max-width: 1024px) 100vw, 1024px\" \/><\/figure>\n\n\n\n<p><\/p>\n\n\n\n<p class=\"has-vivid-red-color has-text-color has-link-color has-medium-font-size wp-elements-71684b950db8b4f40f872a95f2018f14\"><strong>Por:\u00a0Reuters y AFP \/ El Economista<\/strong><\/p>\n\n\n\n<p>El presidente&nbsp;<strong>Donald Trump&nbsp;<\/strong>amenaz\u00f3 este viernes a&nbsp;<strong>Apple<\/strong>&nbsp;con pagar un arancel del 25% si los iPhones vendidos en Estados Unidos no se fabrican dentro de sus fronteras.<\/p>\n\n\n\n<p>\u00abHace tiempo inform\u00e9 a&nbsp;<a href=\"https:\/\/www.eleconomista.com.mx\/empresas\/apple-confirma-dichos-trump-anuncia-mayor-inversion-eu-500-000-millones-dolares-20250224-747658.html\">Tim Cook de Apple<\/a>&nbsp;que espero que sus iPhones que se vendan en Estados Unidos sean fabricados en Estados Unidos, no en India ni en otros lugares. Si no es el caso, Apple deber\u00e1 pagar un arancel de al menos 25%\u00bb, escribi\u00f3 Trump en su red Truth Social.<\/p>\n\n\n\n<p>Las acciones del fabricante del iPhone ca\u00edan m\u00e1s de un 3% tras conocerse la noticia.<\/p>\n\n\n\n<h2 class=\"wp-block-heading\">Te puede interesar<\/h2>\n\n\n\n<ul class=\"wp-block-list\">\n<li><img decoding=\"async\" width=\"128\" height=\"72\" src=\"https:\/\/imagenes.eleconomista.com.mx\/files\/image_128_72\/uploads\/2025\/05\/15\/68263ef6d39fc.jpeg\" alt=\"Estados Unidos y China anunciaron el lunes un acuerdo para suspender durante 90 d\u00edas la imposici\u00f3n mutua de aranceles, reduciendo la tensi\u00f3n en una guerra comercial.\n\nPara m\u00e1s informaci\u00f3n del tema, visita: https:\/\/www.eleconomista.com.mx\/internacionales\/trump-dice-insto-apple-fabricar-estados-unidos-lugar-india-20250515-759216.html\n\n\u00a1S\u00edguenos en nuestras redes sociales para mantenerte informado!\n\nTwitter: https:\/\/twitter.com\/eleconomista \nFacebook: https:\/\/www.facebook.com\/ElEconomista.mx\nInstagram: https:\/\/www.instagram.com\/eleconomistamx\nLinkedIn: https:\/\/www.linkedin.com\/company\/el-economista\/\n\n#ElEconomista #EETV\"><a href=\"https:\/\/www.eleconomista.com.mx\/internacionales\">Geopol\u00edtica<\/a><a href=\"https:\/\/www.eleconomista.com.mx\/internacionales\/trump-dice-insto-apple-fabricar-estados-unidos-lugar-india-20250515-759216.html\">Trump se lanza vs Tim Cook: Insta a Apple a fabricar en Estados Unidos en lugar de India<\/a><\/li>\n\n\n\n<li><img decoding=\"async\" width=\"128\" height=\"72\" src=\"https:\/\/imagenes.eleconomista.com.mx\/files\/image_128_72\/uploads\/2025\/04\/09\/67f6a807445a6.png\" alt=\"El precio de los tel\u00e9fonos insignia de Apple podr\u00edan aumentar entre 25% y 43%; el valor final para el consumidor alcanzar\u00eda 2,300 d\u00f3lares.\"><a href=\"https:\/\/www.eleconomista.com.mx\/empresas\">Empresas<\/a><a href=\"https:\/\/www.eleconomista.com.mx\/empresas\/apple-pagara-296-dolares-fabricar-iphone-aranceles-trump-20250409-754190.html\">Apple pagar\u00e1 296 d\u00f3lares m\u00e1s por fabricar cada iPhone tras los aranceles de Trump<\/a><\/li>\n<\/ul>\n\n\n\n<p>No est\u00e1 claro si Trump puede imponer un arancel a una empresa individual. Apple no respondi\u00f3 de inmediato a una solicitud de Reuters para hacer comentarios.<\/p>\n\n\n\n<p>Apple est\u00e1 posicionando a India como una base de fabricaci\u00f3n alternativa ante los&nbsp;<a href=\"https:\/\/www.eleconomista.com.mx\/internacionales\/estados-unidos-china-acuerdan-pausa-90-dias-guerra-comercial-20250512-758642.html\">aranceles de Trump a China<\/a>, que han planteado preocupaciones sobre la cadena de suministro y temores de precios m\u00e1s altos del iPhone, inform\u00f3 Reuters el mes pasado.<\/p>\n\n\n\n<p>El fabricante del iPhone dijo que la mayor\u00eda de sus tel\u00e9fonos inteligentes vendidos en Estados Unidos&nbsp;<a href=\"https:\/\/www.eleconomista.com.mx\/tecnologia\/apple-busca-alejarse-china-quiere-todos-iphone-vende-eu-fabriquen-india-20250425-756428.html\">provendr\u00edan de India<\/a>&nbsp;en el trimestre de junio.<\/p>\n\n\n\n<p>La amenaza de gravar a Apple llega despu\u00e9s de que Trump dijera, la semana pasada, que la empresa deb\u00eda trasladar la producci\u00f3n de sus tel\u00e9fonos inteligentes a Estados Unidos.<\/p>\n\n\n\n<p>\u00abTuve un peque\u00f1o problema con Tim Cook\u00bb, dijo Trump en Catar durante una gira de varios d\u00edas por el Golfo.<\/p>\n\n\n\n<p>\u00abLe dije &#8216;Tim te tratamos muy bien. Llevamos a\u00f1os soportando las f\u00e1bricas que construiste en China. No queremos que construyas en India sino aqu\u00ed, y tendr\u00e1n que aumentar su producci\u00f3n en Estados Unidos'\u00bb, a\u00f1adi\u00f3 Trump.<\/p>\n\n\n\n<p>Al presentar los resultados del primer trimestre a principios de mayo, Cook dijo que esperaba que \u00abla mayor\u00eda de los iPhones vendidos en Estados Unidos tengan a India como su pa\u00eds de origen\u00bb. Esto le permitir\u00eda evitar los aranceles del 145% anunciados por Trump para los productos provenientes de China, principal centro de fabricaci\u00f3n de los c\u00e9lebres iPhones.<\/p>\n\n\n\n<p>Fuente: <a href=\"https:\/\/www.eleconomista.com.mx\/empresas\/trump-amenaza-apple-arancel-25-fabrica-iphones-estados-unidos-20250523-760440.html\">https:\/\/www.eleconomista.com.mx\/empresas\/trump-amenaza-apple-arancel-25-fabrica-iphones-estados-unidos-20250523-760440.html<\/a><\/p>\n","protected":false},"excerpt":{"rendered":"<p>El presidente Donald Trump amenaz\u00f3 este viernes a Apple con pagar un arancel del 25% si los iPhones vendidos en [&hellip;]<\/p>\n","protected":false},"author":1,"featured_media":99976,"comment_status":"open","ping_status":"open","sticky":false,"template":"","format":"standard","meta":{"site-sidebar-layout":"default","site-content-layout":"","ast-site-content-layout":"default","site-content-style":"default","site-sidebar-style":"default","ast-global-header-display":"","ast-banner-title-visibility":"","ast-main-header-display":"","ast-hfb-above-header-display":"","ast-hfb-below-header-display":"","ast-hfb-mobile-header-display":"","site-post-title":"","ast-breadcrumbs-content":"","ast-featured-img":"","footer-sml-layout":"","theme-transparent-header-meta":"","adv-header-id-meta":"","stick-header-meta":"","header-above-stick-meta":"","header-main-stick-meta":"","header-below-stick-meta":"","astra-migrate-meta-layouts":"default","ast-page-background-enabled":"default","ast-page-background-meta":{"desktop":{"background-color":"var(--ast-global-color-4)","background-image":"","background-repeat":"repeat","background-position":"center center","background-size":"auto","background-attachment":"scroll","background-type":"","background-media":"","overlay-type":"","overlay-color":"","overlay-opacity":"","overlay-gradient":""},"tablet":{"background-color":"","background-image":"","background-repeat":"repeat","background-position":"center center","background-size":"auto","background-attachment":"scroll","background-type":"","background-media":"","overlay-type":"","overlay-color":"","overlay-opacity":"","overlay-gradient":""},"mobile":{"background-color":"","background-image":"","background-repeat":"repeat","background-position":"center center","background-size":"auto","background-attachment":"scroll","background-type":"","background-media":"","overlay-type":"","overlay-color":"","overlay-opacity":"","overlay-gradient":""}},"ast-content-background-meta":{"desktop":{"background-color":"var(--ast-global-color-5)","background-image":"","background-repeat":"repeat","background-position":"center center","background-size":"auto","background-attachment":"scroll","background-type":"","background-media":"","overlay-type":"","overlay-color":"","overlay-opacity":"","overlay-gradient":""},"tablet":{"background-color":"var(--ast-global-color-5)","background-image":"","background-repeat":"repeat","background-position":"center center","background-size":"auto","background-attachment":"scroll","background-type":"","background-media":"","overlay-type":"","overlay-color":"","overlay-opacity":"","overlay-gradient":""},"mobile":{"background-color":"var(--ast-global-color-5)","background-image":"","background-repeat":"repeat","background-position":"center center","background-size":"auto","background-attachment":"scroll","background-type":"","background-media":"","overlay-type":"","overlay-color":"","overlay-opacity":"","overlay-gradient":""}},"footnotes":""},"categories":[8],"tags":[38675,38676,32436],"class_list":["post-99975","post","type-post","status-publish","format-standard","has-post-thumbnail","hentry","category-noticias","tag-aranceles-apple","tag-aranceles-iphone","tag-aranceles-trump"],"_links":{"self":[{"href":"https:\/\/losperiodistas.com.mx\/portal\/wp-json\/wp\/v2\/posts\/99975","targetHints":{"allow":["GET"]}}],"collection":[{"href":"https:\/\/losperiodistas.com.mx\/portal\/wp-json\/wp\/v2\/posts"}],"about":[{"href":"https:\/\/losperiodistas.com.mx\/portal\/wp-json\/wp\/v2\/types\/post"}],"author":[{"embeddable":true,"href":"https:\/\/losperiodistas.com.mx\/portal\/wp-json\/wp\/v2\/users\/1"}],"replies":[{"embeddable":true,"href":"https:\/\/losperiodistas.com.mx\/portal\/wp-json\/wp\/v2\/comments?post=99975"}],"version-history":[{"count":1,"href":"https:\/\/losperiodistas.com.mx\/portal\/wp-json\/wp\/v2\/posts\/99975\/revisions"}],"predecessor-version":[{"id":99977,"href":"https:\/\/losperiodistas.com.mx\/portal\/wp-json\/wp\/v2\/posts\/99975\/revisions\/99977"}],"wp:featuredmedia":[{"embeddable":true,"href":"https:\/\/losperiodistas.com.mx\/portal\/wp-json\/wp\/v2\/media\/99976"}],"wp:attachment":[{"href":"https:\/\/losperiodistas.com.mx\/portal\/wp-json\/wp\/v2\/media?parent=99975"}],"wp:term":[{"taxonomy":"category","embeddable":true,"href":"https:\/\/losperiodistas.com.mx\/portal\/wp-json\/wp\/v2\/categories?post=99975"},{"taxonomy":"post_tag","embeddable":true,"href":"https:\/\/losperiodistas.com.mx\/portal\/wp-json\/wp\/v2\/tags?post=99975"}],"curies":[{"name":"wp","href":"https:\/\/api.w.org\/{rel}","templated":true}]}}