{"id":99972,"date":"2025-05-23T07:30:15","date_gmt":"2025-05-23T13:30:15","guid":{"rendered":"https:\/\/losperiodistas.com.mx\/portal\/?p=99972"},"modified":"2025-05-23T07:30:17","modified_gmt":"2025-05-23T13:30:17","slug":"reconocen-a-fotografa-mexicana-graciela-iturbide-con-premio-princesa-de-asturias-de-las-artes-excelsior","status":"publish","type":"post","link":"https:\/\/losperiodistas.com.mx\/portal\/reconocen-a-fotografa-mexicana-graciela-iturbide-con-premio-princesa-de-asturias-de-las-artes-excelsior\/","title":{"rendered":"Reconocen a fot\u00f3grafa mexicana Graciela Iturbide con Premio Princesa de Asturias de las Artes | Exc\u00e9lsior"},"content":{"rendered":"\n<h2 class=\"wp-block-heading\">El jurado destac\u00f3 el trabajo de la mexicana Graciela Iturbide, en cuyas im\u00e1genes retrata \u00abdesde la crudeza hasta la realidad social\u00bb.<\/h2>\n\n\n\n<figure class=\"wp-block-image size-full\"><img fetchpriority=\"high\" decoding=\"async\" width=\"800\" height=\"600\" src=\"https:\/\/losperiodistas.com.mx\/portal\/wp-content\/uploads\/2025\/05\/3312143.webp\" alt=\"\" class=\"wp-image-99973\" srcset=\"https:\/\/losperiodistas.com.mx\/portal\/wp-content\/uploads\/2025\/05\/3312143.webp 800w, https:\/\/losperiodistas.com.mx\/portal\/wp-content\/uploads\/2025\/05\/3312143-300x225.webp 300w, https:\/\/losperiodistas.com.mx\/portal\/wp-content\/uploads\/2025\/05\/3312143-768x576.webp 768w\" sizes=\"(max-width: 800px) 100vw, 800px\" \/><figcaption class=\"wp-element-caption\">Graciela Iturbide fue galardonada con el Premio Princesa de Asturias de las Artes 2025. (AFP y Freepik | Dise\u00f1o: Jimena Campuzano)<\/figcaption><\/figure>\n\n\n\n<p class=\"has-vivid-red-color has-text-color has-link-color has-medium-font-size wp-elements-05514a72c0669ceb97bd03f96e52222b\"><strong>Rosa Sulleiro \/ Exc\u00e9lsior<\/strong><\/p>\n\n\n\n<p>La&nbsp;<strong>fot\u00f3grafa mexicana Graciela Iturbide<\/strong>&nbsp;fue reconocida con el&nbsp;<strong>Premio Princesa de Asturias de las Artes 2025<\/strong>&nbsp;debido a su mirada innovadora y profunda que plasma en sus im\u00e1genes, las cuales&nbsp;invitan \u00aba mirar m\u00e1s all\u00e1 de lo visible\u00bb.<\/p>\n\n\n\n<p>El jurado destac\u00f3 en su decisi\u00f3n el \u00abmundo propio\u00bb de Iturbide, que abarca \u00abdesde lo primitivo a lo contempor\u00e1neo; desde la crudeza de la realidad social hasta la magia espont\u00e1nea del instante\u00bb, seg\u00fan el acta que acompa\u00f1\u00f3 el fallo del premio convocado por la Fundaci\u00f3n Princesa de Asturias, la heredera al trono espa\u00f1ol.<\/p>\n\n\n\n<p>El de Artes ha sido el cuarto de los ocho galardones de esta edici\u00f3n de los premios, considerados los m\u00e1s prestigiosos del mundo iberoamericano, que cada a\u00f1o, y normalmente a ritmo de uno por semana, otorga la Fundaci\u00f3n Princesa de Asturias.<\/p>\n\n\n\n<p>Este deb\u00eda haber sido el primero de la serie de 2025, pero el&nbsp;<strong>masivo apag\u00f3n el\u00e9ctrico<\/strong>&nbsp;que afect\u00f3 a la pen\u00ednsula ib\u00e9rica el 28 de abril oblig\u00f3 a posponer el fallo previsto para esa semana. &nbsp;<\/p>\n\n\n\n<p>El a\u00f1o pasado, en esta categor\u00eda, el reconocimiento fue para el&nbsp;<strong>cantante y compositor espa\u00f1ol Joan Manuel Serrat<\/strong>, una voz esencial para varias generaciones de espa\u00f1oles y latinoamericanos, distinguido \u00abpor el alcance de una trayectoria art\u00edstica que trasciende la m\u00fasica\u00bb.<\/p>\n\n\n\n<p>En otras ediciones tambi\u00e9n fueron premiados en este apartado m\u00fasicos como Ennio Morricone, Paco de Luc\u00eda y Bob Dylan, as\u00ed como figuras del cine como&nbsp;<strong>Meryl Streep, Woody Allen<\/strong>&nbsp;o&nbsp;<strong>Pedro Almod\u00f3var<\/strong>, o arquitectos como \u00d3scar Niemeyer.<\/p>\n\n\n\n<p>Este a\u00f1o ya se entreg\u00f3&nbsp;el Premio Princesa de Asturias de Comunicaci\u00f3n y Humanidades, que recay\u00f3 en el fil\u00f3sofo y ensayista alem\u00e1n de origen surcoreano Byung-Chul Han, y el de las Letras, concedido al espa\u00f1ol Eduardo Mendoza, por ser un \u00abproveedor de felicidad para los lectores\u00bb. El pasado mi\u00e9rcoles se desvel\u00f3 tambi\u00e9n el de Ciencias Sociales, que fue para el soci\u00f3logo estadunidense Douglas Massey.<\/p>\n\n\n\n<p>Estos premios, instituidos en 1981, est\u00e1n dotados con 50 mil euros (unos 56 mil 600 d\u00f3lares) y una escultura creada por el fallecido artista catal\u00e1n Joan Mir\u00f3.<\/p>\n\n\n\n<p>Los galardones, que toman su nombre del t\u00edtulo de la heredera al trono de la Corona espa\u00f1ola, la princesa Leonor, son entregados por ella y los<strong>\u00a0reyes Felipe VI y Letizia<\/strong>\u00a0en octubre en una ceremonia en Oviedo, capital de Asturias.<a href=\"https:\/\/www.excelsior.com.mx\/expresiones\/fotografa-mexicana-graciela-iturbide-gana-premio-princesa-asturias-artes-2025\/1717537#\"><\/a><\/p>\n\n\n\n<h2 class=\"wp-block-heading\">Graciela Iturbide y su camino en la fotograf\u00eda<\/h2>\n\n\n\n<p>Graciela Iturbide naci\u00f3&nbsp;el 16 de mayo de 1942 en Ciudad de M\u00e9xico, donde comenz\u00f3 estudios de cine, pero se interes\u00f3 por la fotograf\u00eda tras asistir a las clases de Manuel \u00c1lvarez Bravo (1902-2002), contempor\u00e1neo y amigo de gigantes como el franc\u00e9s&nbsp;<strong>Henri Cartier-Bresson<\/strong>.&nbsp; &nbsp;<\/p>\n\n\n\n<p>La joven fot\u00f3grafa empez\u00f3 a acompa\u00f1arle al inicio de los a\u00f1os 1970 por todo M\u00e9xico, pero pronto tom\u00f3 su propio camino, que le llev\u00f3 a recorrer a fondo su pa\u00eds, al que mir\u00f3 con profundidad, as\u00ed como numerosos lugares de Latinoam\u00e9rica y del mundo, retratados en sus&nbsp;<strong>ic\u00f3nicas im\u00e1genes en blanco y negro<\/strong>.<\/p>\n\n\n\n<blockquote class=\"wp-block-quote is-layout-flow wp-block-quote-is-layout-flow\">\n<p>\u00abPara m\u00ed las fotos son la manera (&#8230;) de conocer el mundo. Y pasas del ser humano al paisaje. Y ahora el principio del mundo\u00bb, indic\u00f3 en una entrevista con la AFP en 2022.<\/p>\n<\/blockquote>\n\n\n\n<p>Con una premiada producci\u00f3n, Iturbide es&nbsp;<strong>autora de obras cl\u00e1sicas de la fotograf\u00eda contempor\u00e1nea<\/strong>, como su serie sobre los indios seri, en el desierto de Sonora, o su libro&nbsp;<em>Juchit\u00e1n de las mujeres<\/em>, sobre un pueblo del estado de Oaxaca. &nbsp;<\/p>\n\n\n\n<p>De su objetivo, sin embargo, tambi\u00e9n salieron otras&nbsp;<strong>aplaudidas im\u00e1genes captadas por el mundo<\/strong>, como la serie sobre India que realiz\u00f3 junto al brasile\u00f1o Sebastiao Salgado.<\/p>\n\n\n\n<blockquote class=\"wp-block-quote is-layout-flow wp-block-quote-is-layout-flow\">\n<p>\u00abPara ser buen fot\u00f3grafo hay que tener pasi\u00f3n y disciplina, nada m\u00e1s. Y puede ser a la vuelta de tu casa si quieres. Pero claro, si quieres conocer el mundo y tienes una c\u00e1mara, es maravilloso\u00bb, explic\u00f3.&nbsp;<\/p>\n<\/blockquote>\n\n\n\n<p>Su obra fue expuesta en centros de gran relevancia art\u00edstica mundial, como el Centro Pompidou de Par\u00eds, el San Francisco&nbsp;<strong>Museum of Modern Art<\/strong>, adem\u00e1s de valerle numerosos reconocimientos.&nbsp;<\/p>\n\n\n\n<p>Oficial de la Orden de las Artes y las Letras de Francia, o&nbsp;<strong><em>doctora honoris causa<\/em><\/strong>&nbsp;por el Columbia College de Chicago, Iturbide recibi\u00f3 tambi\u00e9n el Premio Nacional de Ciencias y Artes de M\u00e9xico o el William Klein de la Academia de Bellas Artes francesa.<\/p>\n\n\n\n<p><em>Con informaci\u00f3n de AFP<\/em><\/p>\n\n\n\n<p>vjcm<\/p>\n\n\n\n<p>Fuente: <a href=\"https:\/\/www.excelsior.com.mx\/expresiones\/fotografa-mexicana-graciela-iturbide-gana-premio-princesa-asturias-artes-2025\/1717537\">https:\/\/www.excelsior.com.mx\/expresiones\/fotografa-mexicana-graciela-iturbide-gana-premio-princesa-asturias-artes-2025\/1717537<\/a><\/p>\n\n\n\n<p><\/p>\n","protected":false},"excerpt":{"rendered":"<p>El jurado destac\u00f3 el trabajo de la mexicana Graciela Iturbide, en cuyas im\u00e1genes retrata \u00abdesde la crudeza hasta la realidad [&hellip;]<\/p>\n","protected":false},"author":1,"featured_media":99973,"comment_status":"open","ping_status":"open","sticky":false,"template":"","format":"standard","meta":{"site-sidebar-layout":"default","site-content-layout":"","ast-site-content-layout":"default","site-content-style":"default","site-sidebar-style":"default","ast-global-header-display":"","ast-banner-title-visibility":"","ast-main-header-display":"","ast-hfb-above-header-display":"","ast-hfb-below-header-display":"","ast-hfb-mobile-header-display":"","site-post-title":"","ast-breadcrumbs-content":"","ast-featured-img":"","footer-sml-layout":"","theme-transparent-header-meta":"","adv-header-id-meta":"","stick-header-meta":"","header-above-stick-meta":"","header-main-stick-meta":"","header-below-stick-meta":"","astra-migrate-meta-layouts":"default","ast-page-background-enabled":"default","ast-page-background-meta":{"desktop":{"background-color":"var(--ast-global-color-4)","background-image":"","background-repeat":"repeat","background-position":"center center","background-size":"auto","background-attachment":"scroll","background-type":"","background-media":"","overlay-type":"","overlay-color":"","overlay-opacity":"","overlay-gradient":""},"tablet":{"background-color":"","background-image":"","background-repeat":"repeat","background-position":"center center","background-size":"auto","background-attachment":"scroll","background-type":"","background-media":"","overlay-type":"","overlay-color":"","overlay-opacity":"","overlay-gradient":""},"mobile":{"background-color":"","background-image":"","background-repeat":"repeat","background-position":"center center","background-size":"auto","background-attachment":"scroll","background-type":"","background-media":"","overlay-type":"","overlay-color":"","overlay-opacity":"","overlay-gradient":""}},"ast-content-background-meta":{"desktop":{"background-color":"var(--ast-global-color-5)","background-image":"","background-repeat":"repeat","background-position":"center center","background-size":"auto","background-attachment":"scroll","background-type":"","background-media":"","overlay-type":"","overlay-color":"","overlay-opacity":"","overlay-gradient":""},"tablet":{"background-color":"var(--ast-global-color-5)","background-image":"","background-repeat":"repeat","background-position":"center center","background-size":"auto","background-attachment":"scroll","background-type":"","background-media":"","overlay-type":"","overlay-color":"","overlay-opacity":"","overlay-gradient":""},"mobile":{"background-color":"var(--ast-global-color-5)","background-image":"","background-repeat":"repeat","background-position":"center center","background-size":"auto","background-attachment":"scroll","background-type":"","background-media":"","overlay-type":"","overlay-color":"","overlay-opacity":"","overlay-gradient":""}},"footnotes":""},"categories":[8],"tags":[7919,38674],"class_list":["post-99972","post","type-post","status-publish","format-standard","has-post-thumbnail","hentry","category-noticias","tag-graciela-iturbide","tag-premio-princesa-de-asturias-de-las-artes-2025"],"_links":{"self":[{"href":"https:\/\/losperiodistas.com.mx\/portal\/wp-json\/wp\/v2\/posts\/99972","targetHints":{"allow":["GET"]}}],"collection":[{"href":"https:\/\/losperiodistas.com.mx\/portal\/wp-json\/wp\/v2\/posts"}],"about":[{"href":"https:\/\/losperiodistas.com.mx\/portal\/wp-json\/wp\/v2\/types\/post"}],"author":[{"embeddable":true,"href":"https:\/\/losperiodistas.com.mx\/portal\/wp-json\/wp\/v2\/users\/1"}],"replies":[{"embeddable":true,"href":"https:\/\/losperiodistas.com.mx\/portal\/wp-json\/wp\/v2\/comments?post=99972"}],"version-history":[{"count":1,"href":"https:\/\/losperiodistas.com.mx\/portal\/wp-json\/wp\/v2\/posts\/99972\/revisions"}],"predecessor-version":[{"id":99974,"href":"https:\/\/losperiodistas.com.mx\/portal\/wp-json\/wp\/v2\/posts\/99972\/revisions\/99974"}],"wp:featuredmedia":[{"embeddable":true,"href":"https:\/\/losperiodistas.com.mx\/portal\/wp-json\/wp\/v2\/media\/99973"}],"wp:attachment":[{"href":"https:\/\/losperiodistas.com.mx\/portal\/wp-json\/wp\/v2\/media?parent=99972"}],"wp:term":[{"taxonomy":"category","embeddable":true,"href":"https:\/\/losperiodistas.com.mx\/portal\/wp-json\/wp\/v2\/categories?post=99972"},{"taxonomy":"post_tag","embeddable":true,"href":"https:\/\/losperiodistas.com.mx\/portal\/wp-json\/wp\/v2\/tags?post=99972"}],"curies":[{"name":"wp","href":"https:\/\/api.w.org\/{rel}","templated":true}]}}