{"id":99969,"date":"2025-05-23T07:15:50","date_gmt":"2025-05-23T13:15:50","guid":{"rendered":"https:\/\/losperiodistas.com.mx\/portal\/?p=99969"},"modified":"2025-05-23T07:15:51","modified_gmt":"2025-05-23T13:15:51","slug":"opinion-cronica-de-la-comida-de-los-75-anos-del-arzobispo","status":"publish","type":"post","link":"https:\/\/losperiodistas.com.mx\/portal\/opinion-cronica-de-la-comida-de-los-75-anos-del-arzobispo\/","title":{"rendered":"Opini\u00f3n | Cr\u00f3nica de la comida de los 75 a\u00f1os del Arzobispo"},"content":{"rendered":"\n<p class=\"has-medium-font-size\">*Estuvo el Gobernador, quien anunci\u00f3 algunas obras para el Seminario<\/p>\n\n\n\n<figure class=\"wp-block-image size-large\"><img fetchpriority=\"high\" decoding=\"async\" width=\"1024\" height=\"683\" src=\"https:\/\/losperiodistas.com.mx\/portal\/wp-content\/uploads\/2025\/05\/EL-GOBERNADOR-CON-EL-ARZOBISPO-1024x683.jpg\" alt=\"\" class=\"wp-image-99970\" srcset=\"https:\/\/losperiodistas.com.mx\/portal\/wp-content\/uploads\/2025\/05\/EL-GOBERNADOR-CON-EL-ARZOBISPO-1024x683.jpg 1024w, https:\/\/losperiodistas.com.mx\/portal\/wp-content\/uploads\/2025\/05\/EL-GOBERNADOR-CON-EL-ARZOBISPO-300x200.jpg 300w, https:\/\/losperiodistas.com.mx\/portal\/wp-content\/uploads\/2025\/05\/EL-GOBERNADOR-CON-EL-ARZOBISPO-768x512.jpg 768w, https:\/\/losperiodistas.com.mx\/portal\/wp-content\/uploads\/2025\/05\/EL-GOBERNADOR-CON-EL-ARZOBISPO.jpg 1231w\" sizes=\"(max-width: 1024px) 100vw, 1024px\" \/><\/figure>\n\n\n\n<p class=\"has-vivid-red-color has-text-color has-link-color has-medium-font-size wp-elements-1b1ce3f984c10224e0fe7e26b00bd74a\"><strong>Por Ra\u00fal Torres Salmer\u00f3n \/ Sin L\u00edmites<\/strong><\/p>\n\n\n\n<p>Todo inici\u00f3 con una llamada telef\u00f3nica el fin de semana. Una persona allegada al Arzobispo de Puebla, don V\u00edctor S\u00e1nchez Espinosa, en su nombre hace una cordial invitaci\u00f3n a acompa\u00f1arlo para celebrar sus 75 a\u00f1os en el comedor del Seminario Palafoxiano, pues quiere estar acompa\u00f1ado de sus amigos.<\/p>\n\n\n\n<p>Se advierte que antes, habr\u00e1 una misa concelebrada y con la presencia de decenas de sacerdotes y seminaristas. Monse\u00f1or quiere estar con ellos \u2013quiz\u00e1 sea la \u00faltima vez-&nbsp; y departir con ellos en la Misa, una ceremonia religiosa, no social, entre el pastor y sus m\u00e1s fieles cl\u00e9rigos y aspirantes al sacerdocio.<\/p>\n\n\n\n<p>La cita es las 2 y media de la tarde, como en a\u00f1os anteriores, a excepci\u00f3n de los tiempos de la pandemia del Covid-19. La ceremonia religiosa se retrasa. Mientras departen funcionarios p\u00fablicos, empresarios y periodistas. Pese al retraso se informa entre los cercanos al Arzobispo que el Gobernador llegar\u00e1 tambi\u00e9n con retraso, anda en gira de trabajo.<\/p>\n\n\n\n<p>Despu\u00e9s de las 3 de la tarde, llega don V\u00edctor con sotana blanca; en la mesa principal se sienta flanqueado por el Alcalde de Puebla Capital, Jos\u00e9 \u2018Pepe\u2019 Chedraui Budib y la Fiscal del Estado, Idamis Pastor. Sentados tambi\u00e9n los Obispos Auxiliares Francisco Javier Mart\u00ednez Castillo y Tom\u00e1s L\u00f3pez Dur\u00e1n&nbsp;&nbsp;<\/p>\n\n\n\n<p>El comedor se llena de seminaristas y sacerdotes y los invitados. Don V\u00edctor bendice los alimentos y empieza la comida. Poco antes, una dama pide su atenci\u00f3n a los presentes. Seguramente por el intenso calor, le piden a Monse\u00f1or partir el pastel y hay un canto de Las Ma\u00f1anitas y aplausos.<\/p>\n\n\n\n<p>En las mesas, desde antes los meseros ofrec\u00edan agua de jamaica y de lim\u00f3n, mezcal, tequila y vino tinto. Ya hab\u00eda platones de salsa verde y roja. Al centro de cada mesa colocan una gran charola que contiene arroz con chiles jalape\u00f1os, pollo asado, costillas, longaniza. Aparte ponen frijoles, pan y tortillas.<\/p>\n\n\n\n<p>Amenizaban previo y durante el evento, el Grupo Los Ruiz, les acompa\u00f1a Estudio 7 y llega despu\u00e9s Lupita S\u00e1nchez y su Mariachi Viva M\u00e9xico de Atoyatempan, Municipio de la zona centro del estado. Era m\u00fasica tranquila, boleros, baladas, rancheras cl\u00e1sicas, nada de estridencias.<\/p>\n\n\n\n<p>A las 4 con 15 de la tarde se presenta uno de los Coordinadores de Giras del Gobernador, quien confirma en la mesa principal que Alejandro Armenta si llega, pero retrasado.&nbsp;<\/p>\n\n\n\n<p>Despu\u00e9s de la comida a las 5 de la tarde con 25 minutos llega el Gobernador Alejandro Armenta, quien no come, pero brinda por don V\u00edctor y ambos empiezan a charlar animadamente. Poco despu\u00e9s toma la palabra el Arzobispo originario de Santa Cruz, Municipio de Teotlalco en la Mixteca Poblana.<\/p>\n\n\n\n<p>\u201cMe da gusto recibir al Gobernador Alejandro Armenta, a quien conozco desde hace muchos a\u00f1os y somos muy cercanos, gracias por venir\u2026. lo recuerdo a \u00e9l y su familia\u2026 \u00e9l creci\u00f3 en la Parroquia de Acatzingo\u2026 y he acudido a eventos donde me invitan en beneficio de las familias poblana y lo hace por amor a Puebla\u201d, expresa en la bienvenida.<\/p>\n\n\n\n<p>La respuesta del Gobernador, vestido con traje azul y corbata rojas, no se hace esperar: \u201cEs un honor estar aqu\u00ed\u2026 tenemos una amistad de muchos a\u00f1os, con tratos entre las familias y en lo personal\u2026 incluso he pedido consejos algunas veces\u2026 en ocasiones vamos de la mano de los sacerdotes de la Iglesia cat\u00f3lica en Puebla\u2026 Feliz Cumplea\u00f1os, remata el Mandatario.<\/p>\n\n\n\n<p>A las 5 de la tarde con 35 minutos Armenta se despoja de la corbata. A las 6 de la tarde se quita el saco. El calor contin\u00faa. En algunas mesas se comenta que el conductor del veh\u00edculo del Gobernador contribuy\u00f3 a su llegada tarde pues se perdi\u00f3 camino al Seminario.<\/p>\n\n\n\n<p>Despu\u00e9s de una animada pl\u00e1tica, ambos vuelven a tomar el micr\u00f3fono. Despu\u00e9s de las 6 de la tarde, el Arzobispo Espinosa S\u00e1nchez agradece nuevamente al Gobernador su presencia, repite que son amigos y recuerda que hace alg\u00fan tiempo, con sus amigos periodistas pr\u00e1cticamente \u201cdestap\u00f3\u201d a Armenta como el m\u00e1s indicado para ser el candidato al Gobierno y despu\u00e9s ganador de la elecci\u00f3n.<\/p>\n\n\n\n<p>Don V\u00edctor habla de la remodelaci\u00f3n de las canchas del Seminario, de futbol, volibol, basquetbol y hasta del uso de raquetas, es un semillero de seminaristas a quienes les gusta el deporte.<\/p>\n\n\n\n<p>En respuesta, Armenta comenta que, en Santa Cruz, Teotlalco, en una reuni\u00f3n con el Arzobispo, acordaron trabajar en obras comunitarias. Y sobre el Seminario anunci\u00f3 la construcci\u00f3n de un front\u00f3n, una de frontenis, un programa de mantenimiento y el corto plazo una alberca. La ovaci\u00f3n de los presentes fue ensordecedora, acompa\u00f1ada de porras.<\/p>\n\n\n\n<p>Pasadas las 7 de la noche, don V\u00edctor se despide de Alejandro Armenta. Tiene un compromiso en la Casa de la Cristiandad, ubicada en el Fraccionamiento El Mirador donde los movimientos de laicos de la Arquidi\u00f3cesis de Puebla, agrupados en el Consejo de Laicos, ofrecen una cena al Arzobispo de Puebla.&nbsp;&nbsp;&nbsp;<\/p>\n\n\n\n<p>Organiza el evento el Padre Leonel Zacar\u00edas, Rector de la Casa de la Cristiandad. Don V\u00edctor oficia la misa en el templo, pronuncia la homil\u00eda y posteriormente los movimientos de laicos, m\u00e1s de 60 organizaciones que tienen que ver con acciones eclesiales en la Dimensi\u00f3n Familia; Renovaci\u00f3n Carism\u00e1tica; Asociaciones, Apostolados y Grupos de Oraci\u00f3n, donde convive con todos.<\/p>\n\n\n\n<p>Incluso hubo sesi\u00f3n de baile, donde participaron los dirigentes laicos con sus esposas, en un ambiente de camarader\u00eda.<\/p>\n\n\n\n<p>As\u00ed fueron los festejos de don V\u00edctor Espinosa S\u00e1nchez, al cumplir los 75 a\u00f1os de vida.<\/p>\n\n\n\n<p>En fin, como escribi\u00f3 Gregoria de Gante (Puebla, Tecali, Puebla, 1890-1975), en su poema El Valle de Puebla:<\/p>\n\n\n\n<p>Por sobre el caser\u00edo,<\/p>\n\n\n\n<p>gallardas y gemelas,<\/p>\n\n\n\n<p>la Catedral levanta sus dos torres<\/p>\n\n\n\n<p>como nuestras dos vidas paralelas;<\/p>\n\n\n\n<p>y sobre las cien c\u00fapulas<\/p>\n\n\n\n<p>de soberbios cien templos<\/p>\n\n\n\n<p>alzados como ejemplos<\/p>\n\n\n\n<p>de la Fe constructora,<\/p>\n\n\n\n<p>el sol lanza a pu\u00f1ados su reflejo<\/p>\n\n\n\n<p>que se quiebra en lum\u00ednicas astillas<\/p>\n\n\n\n<p>y arranca la vivaz, multicolora<\/p>\n\n\n\n<p>carcajada de luz del azulejo.<\/p>\n\n\n\n<p>raultorress@hotmail.com<\/p>\n\n\n\n<hr class=\"wp-block-separator has-alpha-channel-opacity\"\/>\n\n\n\n<p><strong>+ OPINI\u00d3N : Las opiniones expresadas son responsabilidad del autor<\/strong><\/p>\n\n\n\n<p><\/p>\n","protected":false},"excerpt":{"rendered":"<p>*Estuvo el Gobernador, quien anunci\u00f3 algunas obras para el Seminario Por Ra\u00fal Torres Salmer\u00f3n \/ Sin L\u00edmites Todo inici\u00f3 con [&hellip;]<\/p>\n","protected":false},"author":1,"featured_media":99970,"comment_status":"open","ping_status":"open","sticky":false,"template":"","format":"standard","meta":{"site-sidebar-layout":"default","site-content-layout":"","ast-site-content-layout":"default","site-content-style":"default","site-sidebar-style":"default","ast-global-header-display":"","ast-banner-title-visibility":"","ast-main-header-display":"","ast-hfb-above-header-display":"","ast-hfb-below-header-display":"","ast-hfb-mobile-header-display":"","site-post-title":"","ast-breadcrumbs-content":"","ast-featured-img":"","footer-sml-layout":"","theme-transparent-header-meta":"","adv-header-id-meta":"","stick-header-meta":"","header-above-stick-meta":"","header-main-stick-meta":"","header-below-stick-meta":"","astra-migrate-meta-layouts":"default","ast-page-background-enabled":"default","ast-page-background-meta":{"desktop":{"background-color":"var(--ast-global-color-4)","background-image":"","background-repeat":"repeat","background-position":"center center","background-size":"auto","background-attachment":"scroll","background-type":"","background-media":"","overlay-type":"","overlay-color":"","overlay-opacity":"","overlay-gradient":""},"tablet":{"background-color":"","background-image":"","background-repeat":"repeat","background-position":"center center","background-size":"auto","background-attachment":"scroll","background-type":"","background-media":"","overlay-type":"","overlay-color":"","overlay-opacity":"","overlay-gradient":""},"mobile":{"background-color":"","background-image":"","background-repeat":"repeat","background-position":"center center","background-size":"auto","background-attachment":"scroll","background-type":"","background-media":"","overlay-type":"","overlay-color":"","overlay-opacity":"","overlay-gradient":""}},"ast-content-background-meta":{"desktop":{"background-color":"var(--ast-global-color-5)","background-image":"","background-repeat":"repeat","background-position":"center center","background-size":"auto","background-attachment":"scroll","background-type":"","background-media":"","overlay-type":"","overlay-color":"","overlay-opacity":"","overlay-gradient":""},"tablet":{"background-color":"var(--ast-global-color-5)","background-image":"","background-repeat":"repeat","background-position":"center center","background-size":"auto","background-attachment":"scroll","background-type":"","background-media":"","overlay-type":"","overlay-color":"","overlay-opacity":"","overlay-gradient":""},"mobile":{"background-color":"var(--ast-global-color-5)","background-image":"","background-repeat":"repeat","background-position":"center center","background-size":"auto","background-attachment":"scroll","background-type":"","background-media":"","overlay-type":"","overlay-color":"","overlay-opacity":"","overlay-gradient":""}},"footnotes":""},"categories":[8,22,19],"tags":[30173,30563],"class_list":["post-99969","post","type-post","status-publish","format-standard","has-post-thumbnail","hentry","category-noticias","category-opinion-invitada","category-sin-limites-2","tag-arzobispo-puebla","tag-monsenor-victor-sanchez-espinosa"],"_links":{"self":[{"href":"https:\/\/losperiodistas.com.mx\/portal\/wp-json\/wp\/v2\/posts\/99969","targetHints":{"allow":["GET"]}}],"collection":[{"href":"https:\/\/losperiodistas.com.mx\/portal\/wp-json\/wp\/v2\/posts"}],"about":[{"href":"https:\/\/losperiodistas.com.mx\/portal\/wp-json\/wp\/v2\/types\/post"}],"author":[{"embeddable":true,"href":"https:\/\/losperiodistas.com.mx\/portal\/wp-json\/wp\/v2\/users\/1"}],"replies":[{"embeddable":true,"href":"https:\/\/losperiodistas.com.mx\/portal\/wp-json\/wp\/v2\/comments?post=99969"}],"version-history":[{"count":1,"href":"https:\/\/losperiodistas.com.mx\/portal\/wp-json\/wp\/v2\/posts\/99969\/revisions"}],"predecessor-version":[{"id":99971,"href":"https:\/\/losperiodistas.com.mx\/portal\/wp-json\/wp\/v2\/posts\/99969\/revisions\/99971"}],"wp:featuredmedia":[{"embeddable":true,"href":"https:\/\/losperiodistas.com.mx\/portal\/wp-json\/wp\/v2\/media\/99970"}],"wp:attachment":[{"href":"https:\/\/losperiodistas.com.mx\/portal\/wp-json\/wp\/v2\/media?parent=99969"}],"wp:term":[{"taxonomy":"category","embeddable":true,"href":"https:\/\/losperiodistas.com.mx\/portal\/wp-json\/wp\/v2\/categories?post=99969"},{"taxonomy":"post_tag","embeddable":true,"href":"https:\/\/losperiodistas.com.mx\/portal\/wp-json\/wp\/v2\/tags?post=99969"}],"curies":[{"name":"wp","href":"https:\/\/api.w.org\/{rel}","templated":true}]}}