{"id":99966,"date":"2025-05-22T21:48:48","date_gmt":"2025-05-23T03:48:48","guid":{"rendered":"https:\/\/losperiodistas.com.mx\/portal\/?p=99966"},"modified":"2025-05-22T21:48:49","modified_gmt":"2025-05-23T03:48:49","slug":"cardenal-sturla-primera-visita-de-leon-xiv-a-latinoamerica-seria-a-argentina-uruguay-y-peru-aci","status":"publish","type":"post","link":"https:\/\/losperiodistas.com.mx\/portal\/cardenal-sturla-primera-visita-de-leon-xiv-a-latinoamerica-seria-a-argentina-uruguay-y-peru-aci\/","title":{"rendered":"Cardenal Sturla: Primera visita de Le\u00f3n XIV a Latinoam\u00e9rica ser\u00eda a Argentina, Uruguay y Per\u00fa | ACI"},"content":{"rendered":"\n<figure class=\"wp-block-image size-full\"><img fetchpriority=\"high\" decoding=\"async\" width=\"672\" height=\"448\" src=\"https:\/\/losperiodistas.com.mx\/portal\/wp-content\/uploads\/2025\/05\/cardenal-sturla-daniel-ibanez-ewtn-news-22052025-1747967597.webp\" alt=\"\" class=\"wp-image-99967\" srcset=\"https:\/\/losperiodistas.com.mx\/portal\/wp-content\/uploads\/2025\/05\/cardenal-sturla-daniel-ibanez-ewtn-news-22052025-1747967597.webp 672w, https:\/\/losperiodistas.com.mx\/portal\/wp-content\/uploads\/2025\/05\/cardenal-sturla-daniel-ibanez-ewtn-news-22052025-1747967597-300x200.webp 300w\" sizes=\"(max-width: 672px) 100vw, 672px\" \/><figcaption class=\"wp-element-caption\">Cardenal Daniel Sturla en la Misa de los novendiales por el Papa Francisco, el 28 de abril en la Bas\u00edlica de San Pedro en el Vaticano. | Cr\u00e9dito: Daniel Ib\u00e1\u00f1ez \/ EWTN News.<\/figcaption><\/figure>\n\n\n\n<p><a href=\"https:\/\/www.aciprensa.com\/autor\/2\/walter-sanchez-silva\"><\/a><\/p>\n\n\n\n<p class=\"has-vivid-red-color has-text-color has-link-color has-medium-font-size wp-elements-343e406cc1e5d0112ce3edfe1be8e2c9\"><strong>Por\u00a0<a href=\"https:\/\/www.aciprensa.com\/autor\/2\/walter-sanchez-silva\">Walter S\u00e1nchez Silva<\/a> \/ ACI Prensa<\/strong><\/p>\n\n\n\n<p>El Cardenal uruguayo Daniel Sturla afirm\u00f3 que la primera visita del Papa Le\u00f3n XIV a Latinoam\u00e9rica \u201cva a tener a Argentina, Uruguay y posiblemente Per\u00fa en su itinerario\u201d.<\/p>\n\n\n\n<p>En entrevista concedida a<a href=\"https:\/\/radiocarve.uy\/sturla-la-primer-visita-a-latinoamerica-del-papa-leon-xiv-tendra-a-argentina-uruguay-y-a-peru-en-su-itinerario\/\">\u00a0Radio Carve de Uruguay<\/a>\u00a0el 21 de mayo y a la pregunta sobre una posible visita del Santo Padre a ese pa\u00eds, el Arzobispo de Montevideo dijo que las probabilidades son \u201cmuy altas\u201d, porque \u201c\u00e9l tiene muy claro que Argentina y Uruguay faltaron en la agenda de Francisco \u2014no en el deseo de Francisco\u2014 pero s\u00ed en que se concretara\u201d.<\/p>\n\n\n\n<p>Entonces, a\u00f1adi\u00f3 el purpurado uruguayo que particip\u00f3 en el c\u00f3nclave que eligi\u00f3 al Papa Le\u00f3n XIV el 8 de mayo, \u201cla primer visita a Latinoam\u00e9rica, me parece, no soy el que le lleva la agenda, va a tener a&nbsp;<strong>Argentina, Uruguay y posiblemente Per\u00fa en su itinerario<\/strong>\u201d, dado que fue&nbsp;<a href=\"https:\/\/www.aciprensa.com\/noticias\/113235\/el-papa-leon-xiv-dirige-los-ojos-del-mundo-a-la-iglesia-catolica-en-peru\">Obispo de Chiclayo y Administrador Apost\u00f3lico del Callao en este \u00faltimo<\/a>.<\/p>\n\n\n\n<h2 class=\"wp-block-heading\"><strong>El Papa Le\u00f3n XIV \u201cbusca la unidad de la Iglesia\u201d<\/strong><\/h2>\n\n\n\n<p>\u201cQued\u00e9 muy conforme con la elecci\u00f3n del Papa. Me parece que es una figura que busca la unidad de la Iglesia y esto hoy es muy importante, que va a dar continuidad a las grandes l\u00edneas que fueron novedosas y positivas, digamos as\u00ed, de Francisco, pero con un estilo muy diferente\u201d, dijo el Cardenal Sturla en otro momento de la entrevista.<\/p>\n\n\n\n<p>Luego de comentar que hab\u00eda tenido contacto con \u00e9l en el S\u00ednodo de la Sinodalidad y en alguna reuni\u00f3n de la Pontificia Comisi\u00f3n para Am\u00e9rica Latina, el arzobispo uruguayo destac\u00f3 que Le\u00f3n XIV \u201ces un hombre de mucha escucha, de poco hablar, y que habla, digamos as\u00ed, como pausadamente, pensando mucho lo que dice, es decir, es un car\u00e1cter muy diferente al de Francisco, y creo que viene bien en este momento de la Iglesia\u201d.<\/p>\n\n\n\n<h2 class=\"wp-block-heading\"><strong>\u00bfC\u00f3mo vivi\u00f3 el c\u00f3nclave y la elecci\u00f3n del Papa Le\u00f3n XIV?<\/strong><\/h2>\n\n\n\n<p>El cardenal salesiano cont\u00f3 tambi\u00e9n que \u201cmuchas veces hab\u00eda pensado en mi vida como cristiano, como religioso y como cura (\u2026) estar en la Plaza de San Pedro cuando se elige un nuevo Papa\u201d porque \u201ces una cosa fant\u00e1stica\u201d.<\/p>\n\n\n\n<p>\u201cNunca me hab\u00eda imaginado estar del otro lado, digamos, estar adentro, as\u00ed que fue una cosa muy impactante\u201d ya que \u201csent\u00eda mucho el peso de la responsabilidad de lo que iba a hacer, porque es un hecho hist\u00f3rico que anuda la vida de la Iglesia con lo que Jes\u00fas hizo con Sim\u00f3n Pedro hace dos mil a\u00f1os, [lo que est\u00e1] narrado en los evangelios. Cuando el Cardenal Prevost dice \u2018acepto\u2019, en ese momento se transforma en el sucesor de Pedro\u201d, explic\u00f3 el purpurado tras su primer c\u00f3nclave.<\/p>\n\n\n\n<p>Fuente: <a href=\"https:\/\/www.aciprensa.com\/noticias\/113633\/cardenal-sturla-primera-visita-de-leon-xiv-a-latinoamerica-seria-a-argentina-uruguay-y-peru\">https:\/\/www.aciprensa.com\/noticias\/113633\/cardenal-sturla-primera-visita-de-leon-xiv-a-latinoamerica-seria-a-argentina-uruguay-y-peru<\/a><\/p>\n","protected":false},"excerpt":{"rendered":"<p>Por\u00a0Walter S\u00e1nchez Silva \/ ACI Prensa El Cardenal uruguayo Daniel Sturla afirm\u00f3 que la primera visita del Papa Le\u00f3n XIV [&hellip;]<\/p>\n","protected":false},"author":1,"featured_media":99967,"comment_status":"open","ping_status":"open","sticky":false,"template":"","format":"standard","meta":{"site-sidebar-layout":"default","site-content-layout":"","ast-site-content-layout":"default","site-content-style":"default","site-sidebar-style":"default","ast-global-header-display":"","ast-banner-title-visibility":"","ast-main-header-display":"","ast-hfb-above-header-display":"","ast-hfb-below-header-display":"","ast-hfb-mobile-header-display":"","site-post-title":"","ast-breadcrumbs-content":"","ast-featured-img":"","footer-sml-layout":"","theme-transparent-header-meta":"","adv-header-id-meta":"","stick-header-meta":"","header-above-stick-meta":"","header-main-stick-meta":"","header-below-stick-meta":"","astra-migrate-meta-layouts":"default","ast-page-background-enabled":"default","ast-page-background-meta":{"desktop":{"background-color":"var(--ast-global-color-4)","background-image":"","background-repeat":"repeat","background-position":"center center","background-size":"auto","background-attachment":"scroll","background-type":"","background-media":"","overlay-type":"","overlay-color":"","overlay-opacity":"","overlay-gradient":""},"tablet":{"background-color":"","background-image":"","background-repeat":"repeat","background-position":"center center","background-size":"auto","background-attachment":"scroll","background-type":"","background-media":"","overlay-type":"","overlay-color":"","overlay-opacity":"","overlay-gradient":""},"mobile":{"background-color":"","background-image":"","background-repeat":"repeat","background-position":"center center","background-size":"auto","background-attachment":"scroll","background-type":"","background-media":"","overlay-type":"","overlay-color":"","overlay-opacity":"","overlay-gradient":""}},"ast-content-background-meta":{"desktop":{"background-color":"var(--ast-global-color-5)","background-image":"","background-repeat":"repeat","background-position":"center center","background-size":"auto","background-attachment":"scroll","background-type":"","background-media":"","overlay-type":"","overlay-color":"","overlay-opacity":"","overlay-gradient":""},"tablet":{"background-color":"var(--ast-global-color-5)","background-image":"","background-repeat":"repeat","background-position":"center center","background-size":"auto","background-attachment":"scroll","background-type":"","background-media":"","overlay-type":"","overlay-color":"","overlay-opacity":"","overlay-gradient":""},"mobile":{"background-color":"var(--ast-global-color-5)","background-image":"","background-repeat":"repeat","background-position":"center center","background-size":"auto","background-attachment":"scroll","background-type":"","background-media":"","overlay-type":"","overlay-color":"","overlay-opacity":"","overlay-gradient":""}},"footnotes":""},"categories":[8],"tags":[38673,38220],"class_list":["post-99966","post","type-post","status-publish","format-standard","has-post-thumbnail","hentry","category-noticias","tag-gira-papa-leon-xiv-uruguay-argentina-y-peru","tag-papa-leon-xiv"],"_links":{"self":[{"href":"https:\/\/losperiodistas.com.mx\/portal\/wp-json\/wp\/v2\/posts\/99966","targetHints":{"allow":["GET"]}}],"collection":[{"href":"https:\/\/losperiodistas.com.mx\/portal\/wp-json\/wp\/v2\/posts"}],"about":[{"href":"https:\/\/losperiodistas.com.mx\/portal\/wp-json\/wp\/v2\/types\/post"}],"author":[{"embeddable":true,"href":"https:\/\/losperiodistas.com.mx\/portal\/wp-json\/wp\/v2\/users\/1"}],"replies":[{"embeddable":true,"href":"https:\/\/losperiodistas.com.mx\/portal\/wp-json\/wp\/v2\/comments?post=99966"}],"version-history":[{"count":1,"href":"https:\/\/losperiodistas.com.mx\/portal\/wp-json\/wp\/v2\/posts\/99966\/revisions"}],"predecessor-version":[{"id":99968,"href":"https:\/\/losperiodistas.com.mx\/portal\/wp-json\/wp\/v2\/posts\/99966\/revisions\/99968"}],"wp:featuredmedia":[{"embeddable":true,"href":"https:\/\/losperiodistas.com.mx\/portal\/wp-json\/wp\/v2\/media\/99967"}],"wp:attachment":[{"href":"https:\/\/losperiodistas.com.mx\/portal\/wp-json\/wp\/v2\/media?parent=99966"}],"wp:term":[{"taxonomy":"category","embeddable":true,"href":"https:\/\/losperiodistas.com.mx\/portal\/wp-json\/wp\/v2\/categories?post=99966"},{"taxonomy":"post_tag","embeddable":true,"href":"https:\/\/losperiodistas.com.mx\/portal\/wp-json\/wp\/v2\/tags?post=99966"}],"curies":[{"name":"wp","href":"https:\/\/api.w.org\/{rel}","templated":true}]}}