{"id":99963,"date":"2025-05-22T21:45:14","date_gmt":"2025-05-23T03:45:14","guid":{"rendered":"https:\/\/losperiodistas.com.mx\/portal\/?p=99963"},"modified":"2025-05-22T21:45:16","modified_gmt":"2025-05-23T03:45:16","slug":"descubren-mas-de-cien-nuevas-estructuras-de-gran-cultura-prehispanica-en-la-selva-de-peru-efe","status":"publish","type":"post","link":"https:\/\/losperiodistas.com.mx\/portal\/descubren-mas-de-cien-nuevas-estructuras-de-gran-cultura-prehispanica-en-la-selva-de-peru-efe\/","title":{"rendered":"Descubren m\u00e1s de cien nuevas estructuras de gran cultura prehisp\u00e1nica en la selva de Per\u00fa | EFE"},"content":{"rendered":"\n<figure class=\"wp-block-image size-full\"><img fetchpriority=\"high\" decoding=\"async\" width=\"900\" height=\"600\" src=\"https:\/\/losperiodistas.com.mx\/portal\/wp-content\/uploads\/2025\/05\/arqueologia.jpeg\" alt=\"\" class=\"wp-image-99964\" srcset=\"https:\/\/losperiodistas.com.mx\/portal\/wp-content\/uploads\/2025\/05\/arqueologia.jpeg 900w, https:\/\/losperiodistas.com.mx\/portal\/wp-content\/uploads\/2025\/05\/arqueologia-300x200.jpeg 300w, https:\/\/losperiodistas.com.mx\/portal\/wp-content\/uploads\/2025\/05\/arqueologia-768x512.jpeg 768w\" sizes=\"(max-width: 900px) 100vw, 900px\" \/><figcaption class=\"wp-element-caption\">Fotograf\u00eda de una persona trabajando en una estructura en el complejo arqueol\u00f3gico del Gran Pajat\u00e9n, en la Amazon\u00eda de Per\u00fa. EFE\/ World Monuments Fund (WMF)<\/figcaption><\/figure>\n\n\n\n<p><\/p>\n\n\n\n<p class=\"has-vivid-red-color has-text-color has-link-color has-medium-font-size wp-elements-23db7e95974579b190d8bc7ea9a6cef6\"><strong>Agencia EFE<\/strong><\/p>\n\n\n\n<p><a href=\"https:\/\/app.powerbeans.ai\/redirect\" target=\"_blank\" rel=\"noreferrer noopener\"><\/a><\/p>\n\n\n\n<p>Lima (EFE).- El descubrimiento de m\u00e1s de 100 estructuras en el complejo arqueol\u00f3gico del Gran Pajat\u00e9n, en la Amazon\u00eda de Per\u00fa, marca un hito en las investigaciones arqueol\u00f3gicas que se hacen en ese sitio de la civilizaci\u00f3n prehisp\u00e1nica Chachapoya, en la regi\u00f3n selv\u00e1tica de San Mart\u00edn, inform\u00f3 la organizaci\u00f3n World Monuments Fund (WMF).<\/p>\n\n\n\n<p>Se trata del \u00abprimer descubrimiento importante en la regi\u00f3n desde la d\u00e9cada de 1980\u00bb, que m\u00e1s que duplica el n\u00famero de estructuras arqueol\u00f3gicas ubicadas dentro del Parque Nacional R\u00edo Abiseo, un sitio reconocido como Patrimonio Mundial Mixto por la Unesco desde 1990.<\/p>\n\n\n\n<p>Seg\u00fan WMF, los investigadores han identificado y documentado m\u00e1s de 100 estructuras arqueol\u00f3gicas hasta ahora desconocidas en el lugar, donde en la d\u00e9cada de los a\u00f1os 80 se registraron 26, por lo que se \u00abmarca un hito\u00bb en la comprensi\u00f3n de la organizaci\u00f3n, la arquitectura y la influencia regional de los Chachapoya.&nbsp;<\/p>\n\n\n\n<h2 class=\"wp-block-heading\" id=\"h-el-mapa-mas-completo\">El mapa m\u00e1s completo<\/h2>\n\n\n\n<p>Los hallazgos fueron el resultado de una iniciativa liderada por la oficina de la organizaci\u00f3n en Per\u00fa entre 2022 y 2024, que comprendi\u00f3 exploraci\u00f3n, excavaci\u00f3n, trabajos de conservaci\u00f3n y t\u00e9cnicas de documentaci\u00f3n.<\/p>\n\n\n\n<figure class=\"wp-block-image\"><img decoding=\"async\" src=\"https:\/\/i0.wp.com\/efe.com\/wp-content\/uploads\/2025\/05\/selva.webp?resize=900%2C600&amp;ssl=1\" alt=\"Per\u00fa cultura prehisp\u00e1nica\" class=\"wp-image-1895936\"\/><figcaption class=\"wp-element-caption\">Fotograf\u00eda de una estructura en el complejo arqueol\u00f3gico del Gran Pajat\u00e9n, en la Amazon\u00eda de Per\u00fa. EFE\/ World Monuments Fund (WMF)<\/figcaption><\/figure>\n\n\n\n<p>El Gran Pajat\u00e9n, descubierto en la d\u00e9cada de 1960, es considerado \u00abuno de los sitios m\u00e1s notables\u00bb que se conservan de la cultura Chachapoya, que se desarroll\u00f3 entre los siglos VII y XVI en los Andes nororientales de&nbsp;<a href=\"https:\/\/efe.com\/mundo\/2024-08-18\/jovenes-andes-peruanos-expandir-valor-cultivos\/\">Per\u00fa<\/a>.&nbsp;<\/p>\n\n\n\n<p>El complejo incluye edificios ceremoniales decorados con mosaicos de piedra que representan figuras humanas y frisos en alto relieve, frente a una \u00abimponente vista\u00bb del bosque nuboso circundante, por lo que gran parte de sus construcciones han permanecido ocultas por la vegetaci\u00f3n, a lo que se suma que la protecci\u00f3n del ecosistema del Parque Nacional R\u00edo Abiseo restringe el acceso tur\u00edstico.<\/p>\n\n\n\n<p>WMF se\u00f1al\u00f3 que ahora ha logrado generar \u00abel mapa m\u00e1s detallado de Gran Pajat\u00e9n hasta la fecha\u00bb.<\/p>\n\n\n\n<h2 class=\"wp-block-heading\" id=\"h-un-descubrimiento-que-permitira-comprender-a-una-cultura\">Un descubrimiento que permitir\u00e1 comprender a una cultura<\/h2>\n\n\n\n<p>Al respecto, el director de WMF en Per\u00fa, Juan Pablo de la Puente, afirm\u00f3 que \u00abeste descubrimiento ampl\u00eda radicalmente\u00bb la comprensi\u00f3n sobre el lugar y \u00abconfirma que no se trata de un complejo aislado, sino de una red articulada de asentamientos prehisp\u00e1nicos de diferentes per\u00edodos\u00bb.<\/p>\n\n\n\n<p>La presidenta y directora ejecutiva del WMF, B\u00e9n\u00e9dicte de Montlaur, declar\u00f3 que \u00ablo que hace que este momento sea tan significativo no es solo la magnitud de lo descubierto\u00bb, sino tambi\u00e9n que se ha logrado gracias al uso de tecnolog\u00eda avanzada.<\/p>\n\n\n\n<p>En ese sentido, las investigaciones han confirmado que la presencia de los chachapoya en Gran Pajat\u00e9n se remonta al siglo XIV, aunque el an\u00e1lisis de las capas de suelo sugiere un uso a\u00fan m\u00e1s temprano del sitio, algo que se suma al descubrimiento de una red cercana de caminos que lo conecta con otros sitios, como La Playa, Papayas y Los Pinchudos.<\/p>\n\n\n\n<figure class=\"wp-block-image\"><img decoding=\"async\" src=\"https:\/\/i0.wp.com\/efe.com\/wp-content\/uploads\/2025\/05\/peru-5.webp?resize=900%2C596&amp;ssl=1\" alt=\"Per\u00fa cultura prehisp\u00e1nica\" class=\"wp-image-1895939\"\/><figcaption class=\"wp-element-caption\">Fotograf\u00eda sin fechar cedida por la organizaci\u00f3n World Monuments Fund (WMF) de un grupo de personas observando una estructura en el complejo arqueol\u00f3gico del Gran Pajat\u00e9n, en la Amazon\u00eda de Per\u00fa. EFE\/ World Monuments Fund<\/figcaption><\/figure>\n\n\n\n<p>Poco investigada a profundidad hasta hace pocas d\u00e9cadas, esta&nbsp;<a href=\"https:\/\/efe.com\/mundo\/2024-08-02\/conocimiento-ancestral-andes-peruanos\/\">civilizaci\u00f3n<\/a>&nbsp;construy\u00f3 centros urbanos, plataformas ceremoniales, estructuras funerarias en acantilados y terrazas agr\u00edcolas, muchas de ellas en entornos remotos y agrestes.&nbsp;<\/p>\n\n\n\n<p>Su sociedad estaba compuesta por cacicazgos regionales que compart\u00edan un lenguaje arquitect\u00f3nico y art\u00edstico distintivo, tal como demuestran sus edificios circulares, frisos geom\u00e9tricos y entierros en acantilados profusamente decorados.&nbsp;<\/p>\n\n\n\n<p>Aunque resistieron la expansi\u00f3n de los incas, los chachapoya finalmente se incorporaron a ese imperio a finales del siglo XV, poco antes de la llegada de los conquistadores espa\u00f1oles.<\/p>\n\n\n\n<p>La WMF presenta actualmente una exposici\u00f3n gratuita en el Museo de Arte de Lima (MALI), en la que ofrece informaci\u00f3n sobre la cultura Chachapoya y los recientes descubrimientos.Categor\u00edas<a href=\"https:\/\/efe.com\/cultura\/\"><\/a><\/p>\n\n\n\n<p>Fuente: <a href=\"https:\/\/efe.com\/cultura\/peru-cultura-prehispanica\/\">https:\/\/efe.com\/cultura\/peru-cultura-prehispanica\/<\/a><\/p>\n","protected":false},"excerpt":{"rendered":"<p>Agencia EFE Lima (EFE).- El descubrimiento de m\u00e1s de 100 estructuras en el complejo arqueol\u00f3gico del Gran Pajat\u00e9n, en la [&hellip;]<\/p>\n","protected":false},"author":1,"featured_media":99964,"comment_status":"open","ping_status":"open","sticky":false,"template":"","format":"standard","meta":{"site-sidebar-layout":"default","site-content-layout":"","ast-site-content-layout":"default","site-content-style":"default","site-sidebar-style":"default","ast-global-header-display":"","ast-banner-title-visibility":"","ast-main-header-display":"","ast-hfb-above-header-display":"","ast-hfb-below-header-display":"","ast-hfb-mobile-header-display":"","site-post-title":"","ast-breadcrumbs-content":"","ast-featured-img":"","footer-sml-layout":"","theme-transparent-header-meta":"","adv-header-id-meta":"","stick-header-meta":"","header-above-stick-meta":"","header-main-stick-meta":"","header-below-stick-meta":"","astra-migrate-meta-layouts":"default","ast-page-background-enabled":"default","ast-page-background-meta":{"desktop":{"background-color":"var(--ast-global-color-4)","background-image":"","background-repeat":"repeat","background-position":"center center","background-size":"auto","background-attachment":"scroll","background-type":"","background-media":"","overlay-type":"","overlay-color":"","overlay-opacity":"","overlay-gradient":""},"tablet":{"background-color":"","background-image":"","background-repeat":"repeat","background-position":"center center","background-size":"auto","background-attachment":"scroll","background-type":"","background-media":"","overlay-type":"","overlay-color":"","overlay-opacity":"","overlay-gradient":""},"mobile":{"background-color":"","background-image":"","background-repeat":"repeat","background-position":"center center","background-size":"auto","background-attachment":"scroll","background-type":"","background-media":"","overlay-type":"","overlay-color":"","overlay-opacity":"","overlay-gradient":""}},"ast-content-background-meta":{"desktop":{"background-color":"var(--ast-global-color-5)","background-image":"","background-repeat":"repeat","background-position":"center center","background-size":"auto","background-attachment":"scroll","background-type":"","background-media":"","overlay-type":"","overlay-color":"","overlay-opacity":"","overlay-gradient":""},"tablet":{"background-color":"var(--ast-global-color-5)","background-image":"","background-repeat":"repeat","background-position":"center center","background-size":"auto","background-attachment":"scroll","background-type":"","background-media":"","overlay-type":"","overlay-color":"","overlay-opacity":"","overlay-gradient":""},"mobile":{"background-color":"var(--ast-global-color-5)","background-image":"","background-repeat":"repeat","background-position":"center center","background-size":"auto","background-attachment":"scroll","background-type":"","background-media":"","overlay-type":"","overlay-color":"","overlay-opacity":"","overlay-gradient":""}},"footnotes":""},"categories":[8],"tags":[38670,38669,38672,2807],"class_list":["post-99963","post","type-post","status-publish","format-standard","has-post-thumbnail","hentry","category-noticias","tag-civilizacxion-prehispanica-chachapoya","tag-peru-arqueologia","tag-selva-peruana","tag-unesco"],"_links":{"self":[{"href":"https:\/\/losperiodistas.com.mx\/portal\/wp-json\/wp\/v2\/posts\/99963","targetHints":{"allow":["GET"]}}],"collection":[{"href":"https:\/\/losperiodistas.com.mx\/portal\/wp-json\/wp\/v2\/posts"}],"about":[{"href":"https:\/\/losperiodistas.com.mx\/portal\/wp-json\/wp\/v2\/types\/post"}],"author":[{"embeddable":true,"href":"https:\/\/losperiodistas.com.mx\/portal\/wp-json\/wp\/v2\/users\/1"}],"replies":[{"embeddable":true,"href":"https:\/\/losperiodistas.com.mx\/portal\/wp-json\/wp\/v2\/comments?post=99963"}],"version-history":[{"count":1,"href":"https:\/\/losperiodistas.com.mx\/portal\/wp-json\/wp\/v2\/posts\/99963\/revisions"}],"predecessor-version":[{"id":99965,"href":"https:\/\/losperiodistas.com.mx\/portal\/wp-json\/wp\/v2\/posts\/99963\/revisions\/99965"}],"wp:featuredmedia":[{"embeddable":true,"href":"https:\/\/losperiodistas.com.mx\/portal\/wp-json\/wp\/v2\/media\/99964"}],"wp:attachment":[{"href":"https:\/\/losperiodistas.com.mx\/portal\/wp-json\/wp\/v2\/media?parent=99963"}],"wp:term":[{"taxonomy":"category","embeddable":true,"href":"https:\/\/losperiodistas.com.mx\/portal\/wp-json\/wp\/v2\/categories?post=99963"},{"taxonomy":"post_tag","embeddable":true,"href":"https:\/\/losperiodistas.com.mx\/portal\/wp-json\/wp\/v2\/tags?post=99963"}],"curies":[{"name":"wp","href":"https:\/\/api.w.org\/{rel}","templated":true}]}}