{"id":99960,"date":"2025-05-22T21:24:06","date_gmt":"2025-05-23T03:24:06","guid":{"rendered":"https:\/\/losperiodistas.com.mx\/portal\/?p=99960"},"modified":"2025-05-22T21:24:08","modified_gmt":"2025-05-23T03:24:08","slug":"opinion-asi-es-esto-de-los-medios-de-comunicacion","status":"publish","type":"post","link":"https:\/\/losperiodistas.com.mx\/portal\/opinion-asi-es-esto-de-los-medios-de-comunicacion\/","title":{"rendered":"Opini\u00f3n | As\u00ed es esto de los medios de comunicaci\u00f3n"},"content":{"rendered":"\n<p style=\"font-size:27px\">No es lo mismo hablar desde la barrera que ser torero.<\/p>\n\n\n\n<figure class=\"wp-block-image size-large\"><img fetchpriority=\"high\" decoding=\"async\" width=\"1024\" height=\"576\" src=\"https:\/\/losperiodistas.com.mx\/portal\/wp-content\/uploads\/2025\/05\/Pequena-guia-para-entender-lo-que-signfica-tener-un-medio-de-comunicacion.-asi-es-esto-1024x576.jpeg\" alt=\"\" class=\"wp-image-99961\" srcset=\"https:\/\/losperiodistas.com.mx\/portal\/wp-content\/uploads\/2025\/05\/Pequena-guia-para-entender-lo-que-signfica-tener-un-medio-de-comunicacion.-asi-es-esto-1024x576.jpeg 1024w, https:\/\/losperiodistas.com.mx\/portal\/wp-content\/uploads\/2025\/05\/Pequena-guia-para-entender-lo-que-signfica-tener-un-medio-de-comunicacion.-asi-es-esto-300x169.jpeg 300w, https:\/\/losperiodistas.com.mx\/portal\/wp-content\/uploads\/2025\/05\/Pequena-guia-para-entender-lo-que-signfica-tener-un-medio-de-comunicacion.-asi-es-esto-768x432.jpeg 768w, https:\/\/losperiodistas.com.mx\/portal\/wp-content\/uploads\/2025\/05\/Pequena-guia-para-entender-lo-que-signfica-tener-un-medio-de-comunicacion.-asi-es-esto.jpeg 1200w\" sizes=\"(max-width: 1024px) 100vw, 1024px\" \/><\/figure>\n\n\n\n<p><\/p>\n\n\n\n<p>Por Itandehui Rodr\u00edguez<\/p>\n\n\n\n<p>La gran mayor\u00eda de las personas deben creer ser due\u00f1os de medios de comunicaci\u00f3n es un gran negocio. D\u00e9jenme decirles una cosa: NO LO ES.<\/p>\n\n\n\n<p>Por lo menos ya no, hace mucho tiempo ya no y es que sacarlos a flote no es sencillo.<\/p>\n\n\n\n<p>Primero, h\u00e1ganse de un nombre entre el mundo de medios de comunicaci\u00f3n que exite. Porque ahora, hasta tener una p\u00e1gina de Facebook se considera tener un medio de comunicaci\u00f3n.<\/p>\n\n\n\n<p>Segundo, sostengan la calidad no solo del contenido de un portal, sino, adem\u00e1s, de las redes sociales. Porque ese tr\u00e1fico es fundamental y es un trabajo aparte de una redacci\u00f3n.<\/p>\n\n\n\n<p>Este negocio obliga a tener al menos 5 canales de difusi\u00f3n para poder garantizar que las visitas a un portal sean las suficientes como para aparecer el radar de las \u00e1reas de Comunicaci\u00f3n Social.<\/p>\n\n\n\n<p>Tercero, no la rieguen. Si afectan el ego de alg\u00fan coordinador o de alg\u00fan pol\u00edtico, ser\u00e1 su peor enemigo al momento de intentar generar alg\u00fan contrato con su entidad o dependencia.<\/p>\n\n\n\n<p>Cuarto, esperen los tiempos con calma y prudencia. El inicio de las administraciones, ya sea trianuales o sexenales, implica una espera, al menos de seis meses, aunque pueden ser m\u00e1s. Esto para que los gobiernos y dependencias puedan disponer de sus presupuestos y elaborar contratos.<\/p>\n\n\n\n<p>Quinto, recuerden que no es lo mismo ser colaborador que patr\u00f3n.<\/p>\n\n\n\n<p>En este negocio no conozco a un solo due\u00f1o de medio, incluyendo a las grandes radiodifusoras, televisoras y peri\u00f3dicos, que no haya tenido que apelar a la paciencia de sus colaboradores y qui\u00e9nes les rentan inmuebles porque la mayor\u00eda de las ocasiones los pagos demoran meses en salir.<\/p>\n\n\n\n<p>Lamentablemente as\u00ed es esto del abarrote, dir\u00eda un querido amigo.<\/p>\n\n\n\n<p>A esto, sumen que\u2026 \u00a1Sorpresa! Estamos en medio de una recesi\u00f3n econ\u00f3mica y hasta las grandes empresas y el gobierno deben.<\/p>\n\n\n\n<p>\u00bfC\u00f3mo les explico que hasta los medios nacionales se enfrentan a una situaci\u00f3n compleja?<\/p>\n\n\n\n<p>En ApartadoMex las cosas no son diferentes, aunque hace meses inici\u00e9 con un proceso para lograr la independencia econ\u00f3mica sin depender de convenios hemos sufrido contratiempos.<\/p>\n\n\n\n<p>Mi objetivo es garantizar no solo contratos sino prestaciones para quienes sean parte de este barco. Pues las cosas toman tiempo y se han retrasado porque Dios as\u00ed lo quiso\u2026 literal. No s\u00e9 si alguna vez les contar\u00e9 por qu\u00e9 digo esto\u2026 pero s\u00ed fue Dios el que as\u00ed lo quiso.<\/p>\n\n\n\n<p>Y aunque la situaci\u00f3n es complicada, estoy tranquila porque estaremos, en breve, en posibilidad de no depender de gobiernos ni cambios de partidos para seguridad de quien sea parte de este equipo.<\/p>\n\n\n\n<p>Debo n\u00f3minas hace algunos meses y lo acepto p\u00fablicamente, como casi todos los medios de comunicaci\u00f3n en este estado.<\/p>\n\n\n\n<p>Me parece infantil que desde el anonimato haya personas increpando cuando podr\u00edan hacerlo directamente y dirigirse a m\u00ed. Pero s\u00e9 por qu\u00e9 lo hacen, es sencillo, porque bien podr\u00eda hablar yo tambi\u00e9n de ellos.<\/p>\n\n\n\n<p>Podr\u00edamos hablar de traiciones y de filtraciones de informaci\u00f3n y yo cont\u00e1rselo a muchos. De esas cosas que hacen que la gente no conf\u00ede y que se ponga en tela de juicio la calidad humana y moral de los aliados. Creo que le llaman traciones\u2026 \u00a1Claro! como lo que le hizo Atala Sarmiento a Paty Chapoy, esa pobre Atala ya no encontr\u00f3 espacio en ning\u00fan lugar por eso.<\/p>\n\n\n\n<p>Tambi\u00e9n podr\u00eda proceder en contra de quien, al usar inteligencia artifical para redactar notas, me ocasion\u00f3 un da\u00f1o econ\u00f3mico superior al mill\u00f3n y medio de pesos. Pues provoc\u00f3 que disiminuyera dram\u00e1ticamente el tr\u00e1fico de una p\u00e1gina que ya se rankeaba entre medios nacionales y cuento con las pruebas. Adem\u00e1s provoc\u00f3 que Google no permita que las notas aparezcan en los buscadores y por eso dejaran de pagarme publicidad, con lo que garantizaba parte de los salarios.<\/p>\n\n\n\n<p>O, por ejemplo, en contra de qui\u00e9n provoc\u00f3 que YouTube me quitara la monetizaci\u00f3n, de donde tambi\u00e9n garantizaba otra parte de los salarios.<\/p>\n\n\n\n<p>Tal vez deber\u00eda considerar reclamar todo eso en las instancias correspondientes, no lo s\u00e9\u2026 \u00bfqu\u00e9 har\u00edan ustedes, mis amigos empresarios?<\/p>\n\n\n\n<p>Mientras lo medito, reconozco p\u00fablicamente que cumplir\u00e9 con mis obligaciones tan pronto sea posible, porque es lo que me toca. Con absolutamente todas mis obligaciones y por esta misma v\u00eda se enterar\u00e1n cuando eso suceda.<\/p>\n\n\n\n<p>Es que, as\u00ed es esto de los medios de comunicaci\u00f3n y si desde el anonimato van a se\u00f1alar, desde lo p\u00fablico les doy un consejo no pedido, mejor ded\u00edquense a otra cosa porque esto no es negocio.<\/p>\n\n\n\n<p>P.D. Por nuestras redes sociales y el portal no se preocupen, estamos por empezar a monetizar en otras y los casi 25 millones de visualizaciones que acumulamos este mes entre todas, nos ayudaron a levantar el tr\u00e1fico del portal. Porque desde que tom\u00e9 el control de las redes personalmente, con el incansable apoyo del m\u00e1s valioso de mis colaboradores, el famos\u00edsimo Manu y un par de personitas m\u00e1s, las cosas volvieron a funcionar. Y cuando Google nos quite el banneo, cu\u00e1ndo se sumen todos los canales de visitas..<a href=\"https:\/\/www.apartadomex.com\/temas\/monologos-de-menade\/\">.<\/a>&nbsp;\u00a1Uffff, vamos a ser grandes!<\/p>\n\n\n\n<hr class=\"wp-block-separator has-alpha-channel-opacity\"\/>\n\n\n\n<p><strong>+ OPINI\u00d3N INVITADA: Las opiniones expresadas son responsabilidad del autor<\/strong><\/p>\n","protected":false},"excerpt":{"rendered":"<p>No es lo mismo hablar desde la barrera que ser torero. Por Itandehui Rodr\u00edguez La gran mayor\u00eda de las personas [&hellip;]<\/p>\n","protected":false},"author":1,"featured_media":99961,"comment_status":"open","ping_status":"open","sticky":false,"template":"","format":"standard","meta":{"site-sidebar-layout":"default","site-content-layout":"","ast-site-content-layout":"default","site-content-style":"default","site-sidebar-style":"default","ast-global-header-display":"","ast-banner-title-visibility":"","ast-main-header-display":"","ast-hfb-above-header-display":"","ast-hfb-below-header-display":"","ast-hfb-mobile-header-display":"","site-post-title":"","ast-breadcrumbs-content":"","ast-featured-img":"","footer-sml-layout":"","theme-transparent-header-meta":"","adv-header-id-meta":"","stick-header-meta":"","header-above-stick-meta":"","header-main-stick-meta":"","header-below-stick-meta":"","astra-migrate-meta-layouts":"default","ast-page-background-enabled":"default","ast-page-background-meta":{"desktop":{"background-color":"var(--ast-global-color-4)","background-image":"","background-repeat":"repeat","background-position":"center center","background-size":"auto","background-attachment":"scroll","background-type":"","background-media":"","overlay-type":"","overlay-color":"","overlay-opacity":"","overlay-gradient":""},"tablet":{"background-color":"","background-image":"","background-repeat":"repeat","background-position":"center center","background-size":"auto","background-attachment":"scroll","background-type":"","background-media":"","overlay-type":"","overlay-color":"","overlay-opacity":"","overlay-gradient":""},"mobile":{"background-color":"","background-image":"","background-repeat":"repeat","background-position":"center center","background-size":"auto","background-attachment":"scroll","background-type":"","background-media":"","overlay-type":"","overlay-color":"","overlay-opacity":"","overlay-gradient":""}},"ast-content-background-meta":{"desktop":{"background-color":"var(--ast-global-color-5)","background-image":"","background-repeat":"repeat","background-position":"center center","background-size":"auto","background-attachment":"scroll","background-type":"","background-media":"","overlay-type":"","overlay-color":"","overlay-opacity":"","overlay-gradient":""},"tablet":{"background-color":"var(--ast-global-color-5)","background-image":"","background-repeat":"repeat","background-position":"center center","background-size":"auto","background-attachment":"scroll","background-type":"","background-media":"","overlay-type":"","overlay-color":"","overlay-opacity":"","overlay-gradient":""},"mobile":{"background-color":"var(--ast-global-color-5)","background-image":"","background-repeat":"repeat","background-position":"center center","background-size":"auto","background-attachment":"scroll","background-type":"","background-media":"","overlay-type":"","overlay-color":"","overlay-opacity":"","overlay-gradient":""}},"footnotes":""},"categories":[8],"tags":[18003,38668],"class_list":["post-99960","post","type-post","status-publish","format-standard","has-post-thumbnail","hentry","category-noticias","tag-monologos-de-menade","tag-opinion-itandehui-rodriguez"],"_links":{"self":[{"href":"https:\/\/losperiodistas.com.mx\/portal\/wp-json\/wp\/v2\/posts\/99960","targetHints":{"allow":["GET"]}}],"collection":[{"href":"https:\/\/losperiodistas.com.mx\/portal\/wp-json\/wp\/v2\/posts"}],"about":[{"href":"https:\/\/losperiodistas.com.mx\/portal\/wp-json\/wp\/v2\/types\/post"}],"author":[{"embeddable":true,"href":"https:\/\/losperiodistas.com.mx\/portal\/wp-json\/wp\/v2\/users\/1"}],"replies":[{"embeddable":true,"href":"https:\/\/losperiodistas.com.mx\/portal\/wp-json\/wp\/v2\/comments?post=99960"}],"version-history":[{"count":1,"href":"https:\/\/losperiodistas.com.mx\/portal\/wp-json\/wp\/v2\/posts\/99960\/revisions"}],"predecessor-version":[{"id":99962,"href":"https:\/\/losperiodistas.com.mx\/portal\/wp-json\/wp\/v2\/posts\/99960\/revisions\/99962"}],"wp:featuredmedia":[{"embeddable":true,"href":"https:\/\/losperiodistas.com.mx\/portal\/wp-json\/wp\/v2\/media\/99961"}],"wp:attachment":[{"href":"https:\/\/losperiodistas.com.mx\/portal\/wp-json\/wp\/v2\/media?parent=99960"}],"wp:term":[{"taxonomy":"category","embeddable":true,"href":"https:\/\/losperiodistas.com.mx\/portal\/wp-json\/wp\/v2\/categories?post=99960"},{"taxonomy":"post_tag","embeddable":true,"href":"https:\/\/losperiodistas.com.mx\/portal\/wp-json\/wp\/v2\/tags?post=99960"}],"curies":[{"name":"wp","href":"https:\/\/api.w.org\/{rel}","templated":true}]}}