{"id":99946,"date":"2025-05-22T11:54:13","date_gmt":"2025-05-22T17:54:13","guid":{"rendered":"https:\/\/losperiodistas.com.mx\/portal\/?p=99946"},"modified":"2025-05-22T11:56:37","modified_gmt":"2025-05-22T17:56:37","slug":"sheinbaum-sostuvo-llamada-con-trump-seguimos-negociando-con-buena-relacion-excelsior","status":"publish","type":"post","link":"https:\/\/losperiodistas.com.mx\/portal\/sheinbaum-sostuvo-llamada-con-trump-seguimos-negociando-con-buena-relacion-excelsior\/","title":{"rendered":"Sheinbaum sostuvo llamada con Trump; &#8216;seguimos negociando, con buena relaci\u00f3n&#8217; | Exc\u00e9lsior"},"content":{"rendered":"\n<h2 class=\"wp-block-heading\">Sobre la comunicaci\u00f3n, la presidenta detall\u00f3 que no hubo un tema en particular en la llamada, solo refiri\u00f3 que se sigue negociando para tener una buena relaci\u00f3n.<\/h2>\n\n\n\n<figure class=\"wp-block-image\"><img decoding=\"async\" src=\"https:\/\/www.excelsior.com.mx\/800x600\/filters:format(webp):quality(75)\/media\/pictures\/2025\/05\/22\/3311489.jpg\" alt=\"Sheinbaum sostuvo llamada con Trump; 'seguimos negociando, con buena relaci\u00f3n'\"\/><figcaption class=\"wp-element-caption\">Foto: AFP\/Fernando D\u00e1vila<\/figcaption><\/figure>\n\n\n\n<p class=\"has-vivid-red-color has-text-color has-link-color has-medium-font-size wp-elements-8dd69a6853a8805d4a206c679e0240ac\"><strong>Fernando D\u00e1vila\u00a0\/ Exc\u00e9lsior<\/strong><a href=\"https:\/\/clck.mgid.com\/ghits\/23369287\/i\/57966180\/0\/pp\/3\/1?h=92fzokWdOibKnTmBZmIe-2vXWFo6QA0s6MhAcSPjhe06DbY3d3xf5rTA-ls4NrjosMgTQ8Z9-W_8VXd_L1FoqzRfKjGKOci54FEEzc_YAoM*&amp;rid=19b787b4-3735-11f0-89a9-d404e6f98490&amp;ts=excelsior.com.mx&amp;tt=Referral&amp;att=4&amp;cpm=1&amp;iv=17&amp;ct=1&amp;gdprApplies=0&amp;st=-360&amp;mp4=1&amp;h2=_qqeozt5TCH1P4UZnz_DllSEsoE2eBaTiOLRth63CvlBQseTQINOocJWCz6ON7E5&amp;muid=p44QFVCC6uy5\" target=\"_blank\" rel=\"noreferrer noopener\"><\/a><\/p>\n\n\n\n<p>Este jueves y con un retraso en el inicio de su conferecia ma\u00f1anera, la presenta de M\u00e9xico,&nbsp;<a href=\"https:\/\/www.excelsior.com.mx\/claudia-sheinbaum\" target=\"_blank\" rel=\"noreferrer noopener\">Claudia Sheinbaum Pardo<\/a>,&nbsp;revel\u00f3 que sostuvo una llamada telef\u00f3nica con su similar de Estados Unidos,&nbsp;<a href=\"https:\/\/www.excelsior.com.mx\/donald-trump\" target=\"_blank\" rel=\"noreferrer noopener\">Donald Trump<\/a>. Sobre esta comunicaci\u00f3n, la presidenta detall\u00f3 que no hubo un tema en particular en la llamada, solo refiri\u00f3 que&nbsp;<strong>se sigue negociando para tener una buena relaci\u00f3n<\/strong>&nbsp;en temas de inter\u00e9s binacional.<\/p>\n\n\n\n<p><strong>TE PUEDE INTERESAR:&nbsp;<a href=\"https:\/\/www.excelsior.com.mx\/global\/casa-blanca-impuesto-remesas-35-camara-aprueba-plan-trump\/1717314\">C\u00e1mara Baja de EU avala impuesto de 3.5% a remesas<\/a><\/strong>Play Video<\/p>\n\n\n\n<p>Aunado a lo anterior, la presidenta apunt\u00f3 que el secretario de Econom\u00eda,&nbsp;<a href=\"https:\/\/www.excelsior.com.mx\/topico\/marcelo-ebrard\" target=\"_blank\" rel=\"noreferrer noopener\">Marcelo Ebrard<\/a>, viajar\u00e1 ma\u00f1ana a Washington DC, para tener una&nbsp;<strong>reuni\u00f3n con autoridades del pa\u00eds vecino<\/strong>&nbsp;sobre los temas comerciales.<\/p>\n\n\n\n<blockquote class=\"wp-block-quote is-layout-flow wp-block-quote-is-layout-flow\">\n<p class=\"has-ast-global-color-4-background-color has-background has-medium-font-size\">Movimos un poco la conferencia porque tuvimos una llamada temprano con el presidente Trump. Ma\u00f1ana se va el secretario de Econom\u00eda a Washington a tener una reuni\u00f3n, seguimos hablando sobre los temas comerciales, nada en particular, sino seguimos negociando, con buena relaci\u00f3n y comunicaci\u00f3n\u00bb, explic\u00f3.<\/p>\n<\/blockquote>\n\n\n\n<p>Aunado a lo anterior, la jefa de Estado mencion\u00f3 que&nbsp;<strong>seguir\u00e1 teniendo comunicaci\u00f3n con el mandatario estadunidense<\/strong>&nbsp;con el fin de seguir coadyuvando a la buena vecindad; a pregunta expresa sobre los temas que abordaron, expres\u00f3 que fue sobre comercio y aranceles.&nbsp;<\/p>\n\n\n\n<p>En este contexto, Sheinbaum Pardo se\u00f1al\u00f3 que M\u00e9xico tiene una situaci\u00f3n preferencial en el caso automotriz, pero refiri\u00f3 que se sigue trabajando en el tema que tiene que ver con el acero y el aluminio.<\/p>\n\n\n\n<p>La llamada entre ambos se produce en medio de varias coyunturas entre M\u00e9xico y EU, m\u00e1s all\u00e1 de la crisis desatada por la guerra arancelaria emprendida por Trump, pues tan solo esta semana,\u00a0<strong>legisladores republicanos han dado impulso a una pol\u00e9mica reforma.<\/strong><a href=\"https:\/\/www.excelsior.com.mx\/nacional\/sheinbaum-llamada-trump-seguimos-negociando\/1717329#\"><\/a><\/p>\n\n\n\n<p>Dicha inicitiva busca aplicar un impuesto a las remesas, lo que ha sido rechazado por la administraci\u00f3n de Sheinbaum, ya que representa un duro golpe a las comunidades de migrantes que ya pagan impuestos en territorio estadunidense.<\/p>\n\n\n\n<p>fdm<\/p>\n\n\n\n<p>Fuente: <a href=\"https:\/\/www.excelsior.com.mx\/nacional\/sheinbaum-llamada-trump-seguimos-negociando\/1717329\">https:\/\/www.excelsior.com.mx\/nacional\/sheinbaum-llamada-trump-seguimos-negociando\/1717329<\/a><\/p>\n","protected":false},"excerpt":{"rendered":"<p>Sobre la comunicaci\u00f3n, la presidenta detall\u00f3 que no hubo un tema en particular en la llamada, solo refiri\u00f3 que se [&hellip;]<\/p>\n","protected":false},"author":1,"featured_media":99947,"comment_status":"open","ping_status":"open","sticky":false,"template":"","format":"standard","meta":{"site-sidebar-layout":"default","site-content-layout":"","ast-site-content-layout":"default","site-content-style":"default","site-sidebar-style":"default","ast-global-header-display":"","ast-banner-title-visibility":"","ast-main-header-display":"","ast-hfb-above-header-display":"","ast-hfb-below-header-display":"","ast-hfb-mobile-header-display":"","site-post-title":"","ast-breadcrumbs-content":"","ast-featured-img":"","footer-sml-layout":"","theme-transparent-header-meta":"","adv-header-id-meta":"","stick-header-meta":"","header-above-stick-meta":"","header-main-stick-meta":"","header-below-stick-meta":"","astra-migrate-meta-layouts":"default","ast-page-background-enabled":"default","ast-page-background-meta":{"desktop":{"background-color":"var(--ast-global-color-4)","background-image":"","background-repeat":"repeat","background-position":"center center","background-size":"auto","background-attachment":"scroll","background-type":"","background-media":"","overlay-type":"","overlay-color":"","overlay-opacity":"","overlay-gradient":""},"tablet":{"background-color":"","background-image":"","background-repeat":"repeat","background-position":"center center","background-size":"auto","background-attachment":"scroll","background-type":"","background-media":"","overlay-type":"","overlay-color":"","overlay-opacity":"","overlay-gradient":""},"mobile":{"background-color":"","background-image":"","background-repeat":"repeat","background-position":"center center","background-size":"auto","background-attachment":"scroll","background-type":"","background-media":"","overlay-type":"","overlay-color":"","overlay-opacity":"","overlay-gradient":""}},"ast-content-background-meta":{"desktop":{"background-color":"var(--ast-global-color-5)","background-image":"","background-repeat":"repeat","background-position":"center center","background-size":"auto","background-attachment":"scroll","background-type":"","background-media":"","overlay-type":"","overlay-color":"","overlay-opacity":"","overlay-gradient":""},"tablet":{"background-color":"var(--ast-global-color-5)","background-image":"","background-repeat":"repeat","background-position":"center center","background-size":"auto","background-attachment":"scroll","background-type":"","background-media":"","overlay-type":"","overlay-color":"","overlay-opacity":"","overlay-gradient":""},"mobile":{"background-color":"var(--ast-global-color-5)","background-image":"","background-repeat":"repeat","background-position":"center center","background-size":"auto","background-attachment":"scroll","background-type":"","background-media":"","overlay-type":"","overlay-color":"","overlay-opacity":"","overlay-gradient":""}},"footnotes":""},"categories":[8],"tags":[37986],"class_list":["post-99946","post","type-post","status-publish","format-standard","has-post-thumbnail","hentry","category-noticias","tag-sheinbaum-llamada-trump"],"_links":{"self":[{"href":"https:\/\/losperiodistas.com.mx\/portal\/wp-json\/wp\/v2\/posts\/99946","targetHints":{"allow":["GET"]}}],"collection":[{"href":"https:\/\/losperiodistas.com.mx\/portal\/wp-json\/wp\/v2\/posts"}],"about":[{"href":"https:\/\/losperiodistas.com.mx\/portal\/wp-json\/wp\/v2\/types\/post"}],"author":[{"embeddable":true,"href":"https:\/\/losperiodistas.com.mx\/portal\/wp-json\/wp\/v2\/users\/1"}],"replies":[{"embeddable":true,"href":"https:\/\/losperiodistas.com.mx\/portal\/wp-json\/wp\/v2\/comments?post=99946"}],"version-history":[{"count":1,"href":"https:\/\/losperiodistas.com.mx\/portal\/wp-json\/wp\/v2\/posts\/99946\/revisions"}],"predecessor-version":[{"id":99948,"href":"https:\/\/losperiodistas.com.mx\/portal\/wp-json\/wp\/v2\/posts\/99946\/revisions\/99948"}],"wp:featuredmedia":[{"embeddable":true,"href":"https:\/\/losperiodistas.com.mx\/portal\/wp-json\/wp\/v2\/media\/99947"}],"wp:attachment":[{"href":"https:\/\/losperiodistas.com.mx\/portal\/wp-json\/wp\/v2\/media?parent=99946"}],"wp:term":[{"taxonomy":"category","embeddable":true,"href":"https:\/\/losperiodistas.com.mx\/portal\/wp-json\/wp\/v2\/categories?post=99946"},{"taxonomy":"post_tag","embeddable":true,"href":"https:\/\/losperiodistas.com.mx\/portal\/wp-json\/wp\/v2\/tags?post=99946"}],"curies":[{"name":"wp","href":"https:\/\/api.w.org\/{rel}","templated":true}]}}