{"id":99933,"date":"2025-05-22T06:00:53","date_gmt":"2025-05-22T12:00:53","guid":{"rendered":"https:\/\/losperiodistas.com.mx\/portal\/?p=99933"},"modified":"2025-05-22T06:37:41","modified_gmt":"2025-05-22T12:37:41","slug":"denuncian-a-influencer-que-se-colgo-de-arbol-sobre-el-canon-del-sumidero-el-heraldo-de-mexico","status":"publish","type":"post","link":"https:\/\/losperiodistas.com.mx\/portal\/denuncian-a-influencer-que-se-colgo-de-arbol-sobre-el-canon-del-sumidero-el-heraldo-de-mexico\/","title":{"rendered":"Denuncian a influencer que se colg\u00f3 de \u00e1rbol sobre el Ca\u00f1\u00f3n del Sumidero | El Heraldo de M\u00e9xico"},"content":{"rendered":"\n<p class=\"has-medium-font-size\">Un sujeto, conocido en redes sociales como Chrisbiker, se colg\u00f3 de la rama de un \u00e1rbol que se encuentra a 750 metros de altura en el Parque Nacional chiapaneco<\/p>\n\n\n\n<figure class=\"wp-block-image size-full\"><img fetchpriority=\"high\" decoding=\"async\" width=\"848\" height=\"477\" src=\"https:\/\/losperiodistas.com.mx\/portal\/wp-content\/uploads\/2025\/05\/f848x477-1130696_1188499_5050.jpeg\" alt=\"\" class=\"wp-image-99934\" srcset=\"https:\/\/losperiodistas.com.mx\/portal\/wp-content\/uploads\/2025\/05\/f848x477-1130696_1188499_5050.jpeg 848w, https:\/\/losperiodistas.com.mx\/portal\/wp-content\/uploads\/2025\/05\/f848x477-1130696_1188499_5050-300x169.jpeg 300w, https:\/\/losperiodistas.com.mx\/portal\/wp-content\/uploads\/2025\/05\/f848x477-1130696_1188499_5050-768x432.jpeg 768w\" sizes=\"(max-width: 848px) 100vw, 848px\" \/><figcaption class=\"wp-element-caption\">El sujeto se puso en riesgo mortal al realizar esta acci\u00f3n.\u00a0Foto: Chrisbiker<\/figcaption><\/figure>\n\n\n\n<p class=\"has-vivid-red-color has-text-color has-link-color has-medium-font-size wp-elements-6931ed1491cec73a4975abca608bcdd9\"><strong>JOS\u00c9 TORRES CANCINO \/ El Heraldo de M\u00e9xico<\/strong><\/p>\n\n\n\n<p>La Comisi\u00f3n Nacional de \u00c1reas Naturales Protegidas (Conanp) denunci\u00f3 al influencer \u201cChrisbiker\u201d, por exhibir una fotograf\u00eda en la cual se sujeta de una rama de \u00e1rbol, con el peligro de haber ca\u00eddo al precipicio en el Parque Nacional Ca\u00f1\u00f3n del Sumidero, en&nbsp;<strong>Chiapa de Corzo<\/strong>,&nbsp;<strong>Chiapas<\/strong>.<\/p>\n\n\n\n<p>La denuncia de la instancia federal fue presentada formalmente ante la&nbsp;<strong>Procuradur\u00eda Federal de Protecci\u00f3n al Ambiente<\/strong>&nbsp;(Profepa), por una violaci\u00f3n a la normatividad ambiental vigente, al realizar una acci\u00f3n no autorizada en un \u00e1rea natural protegida.<\/p>\n\n\n\n<p>La dependencia se\u00f1ala que esto representa una posible alteraci\u00f3n del entorno y un&nbsp;<strong>mensaje irresponsable<\/strong>&nbsp;que puede incentivar conductas similares entre otros visitantes o creadores de contenido.<\/p>\n\n\n\n<p>La Conanp solicit\u00f3 la intervenci\u00f3n de la Profepa para iniciar el procedimiento correspondiente, luego de identificar al responsable por sus alias en redes sociales \u201c<strong>Chrisbiker<\/strong>\u201d, \u201c<strong>El Chorizo<\/strong>\u201d y \u201c<strong>Solitario<\/strong>\u201d. La denuncia tambi\u00e9n involucra a otras personas que aparecen en el material, grabado en este espacio protegido al cual no debieron de haber ingresado.<\/p>\n\n\n\n<h2 class=\"wp-block-heading\">Acusa dependencia un uso inadecuado del parque nacional<\/h2>\n\n\n\n<p>La Conanp se\u00f1ala a los implicados por haber cometido&nbsp;<strong>actos<\/strong>&nbsp;u&nbsp;<strong>omisiones<\/strong>&nbsp;que han producido, propiciado o contin\u00faan provocando desequilibrio ecol\u00f3gico, adem\u00e1s de afectar los recursos naturales y transgredir disposiciones legales que protegen este parque.<\/p>\n\n\n\n<p>Los hechos ocurrieron en d\u00edas recientes en el mirador&nbsp;<strong>La Coyota<\/strong>, uno de los m\u00e1s altos en M\u00e9xico, pues se encuentra a unos 750 metros sobre el caudal del r\u00edo Grijalva, uno de los m\u00e1s caudalosos del estado.&nbsp;<\/p>\n\n\n\n<p>El uso indebido de este tipo de espacios para generar contenido en&nbsp;<strong>redes sociales<\/strong>&nbsp;no s\u00f3lo vulnera el entorno, sino que contradice los principios de conservaci\u00f3n que regulan las \u00e1reas naturales protegidas, se\u00f1al\u00f3 la dependencia.<\/p>\n\n\n\n<p>Fuente: <a href=\"https:\/\/heraldodemexico.com.mx\/nacional\/2025\/5\/21\/denuncian-influencer-que-se-colgo-de-arbol-sobre-el-canon-del-sumidero-701023.html\">https:\/\/heraldodemexico.com.mx\/nacional\/2025\/5\/21\/denuncian-influencer-que-se-colgo-de-arbol-sobre-el-canon-del-sumidero-701023.html<\/a><\/p>\n","protected":false},"excerpt":{"rendered":"<p>Un sujeto, conocido en redes sociales como Chrisbiker, se colg\u00f3 de la rama de un \u00e1rbol que se encuentra a [&hellip;]<\/p>\n","protected":false},"author":1,"featured_media":99934,"comment_status":"open","ping_status":"open","sticky":false,"template":"","format":"standard","meta":{"site-sidebar-layout":"default","site-content-layout":"","ast-site-content-layout":"default","site-content-style":"default","site-sidebar-style":"default","ast-global-header-display":"","ast-banner-title-visibility":"","ast-main-header-display":"","ast-hfb-above-header-display":"","ast-hfb-below-header-display":"","ast-hfb-mobile-header-display":"","site-post-title":"","ast-breadcrumbs-content":"","ast-featured-img":"","footer-sml-layout":"","theme-transparent-header-meta":"","adv-header-id-meta":"","stick-header-meta":"","header-above-stick-meta":"","header-main-stick-meta":"","header-below-stick-meta":"","astra-migrate-meta-layouts":"default","ast-page-background-enabled":"default","ast-page-background-meta":{"desktop":{"background-color":"var(--ast-global-color-4)","background-image":"","background-repeat":"repeat","background-position":"center center","background-size":"auto","background-attachment":"scroll","background-type":"","background-media":"","overlay-type":"","overlay-color":"","overlay-opacity":"","overlay-gradient":""},"tablet":{"background-color":"","background-image":"","background-repeat":"repeat","background-position":"center center","background-size":"auto","background-attachment":"scroll","background-type":"","background-media":"","overlay-type":"","overlay-color":"","overlay-opacity":"","overlay-gradient":""},"mobile":{"background-color":"","background-image":"","background-repeat":"repeat","background-position":"center center","background-size":"auto","background-attachment":"scroll","background-type":"","background-media":"","overlay-type":"","overlay-color":"","overlay-opacity":"","overlay-gradient":""}},"ast-content-background-meta":{"desktop":{"background-color":"var(--ast-global-color-5)","background-image":"","background-repeat":"repeat","background-position":"center center","background-size":"auto","background-attachment":"scroll","background-type":"","background-media":"","overlay-type":"","overlay-color":"","overlay-opacity":"","overlay-gradient":""},"tablet":{"background-color":"var(--ast-global-color-5)","background-image":"","background-repeat":"repeat","background-position":"center center","background-size":"auto","background-attachment":"scroll","background-type":"","background-media":"","overlay-type":"","overlay-color":"","overlay-opacity":"","overlay-gradient":""},"mobile":{"background-color":"var(--ast-global-color-5)","background-image":"","background-repeat":"repeat","background-position":"center center","background-size":"auto","background-attachment":"scroll","background-type":"","background-media":"","overlay-type":"","overlay-color":"","overlay-opacity":"","overlay-gradient":""}},"footnotes":""},"categories":[8],"tags":[38653,38652,4311,38654,38655,38656],"class_list":["post-99933","post","type-post","status-publish","format-standard","has-post-thumbnail","hentry","category-noticias","tag-canon-del-sumidero","tag-chiapa-de-corzo","tag-conanp","tag-influencer-chrisbiker","tag-influencer-el-chorizo","tag-influencer-solitario"],"_links":{"self":[{"href":"https:\/\/losperiodistas.com.mx\/portal\/wp-json\/wp\/v2\/posts\/99933","targetHints":{"allow":["GET"]}}],"collection":[{"href":"https:\/\/losperiodistas.com.mx\/portal\/wp-json\/wp\/v2\/posts"}],"about":[{"href":"https:\/\/losperiodistas.com.mx\/portal\/wp-json\/wp\/v2\/types\/post"}],"author":[{"embeddable":true,"href":"https:\/\/losperiodistas.com.mx\/portal\/wp-json\/wp\/v2\/users\/1"}],"replies":[{"embeddable":true,"href":"https:\/\/losperiodistas.com.mx\/portal\/wp-json\/wp\/v2\/comments?post=99933"}],"version-history":[{"count":1,"href":"https:\/\/losperiodistas.com.mx\/portal\/wp-json\/wp\/v2\/posts\/99933\/revisions"}],"predecessor-version":[{"id":99935,"href":"https:\/\/losperiodistas.com.mx\/portal\/wp-json\/wp\/v2\/posts\/99933\/revisions\/99935"}],"wp:featuredmedia":[{"embeddable":true,"href":"https:\/\/losperiodistas.com.mx\/portal\/wp-json\/wp\/v2\/media\/99934"}],"wp:attachment":[{"href":"https:\/\/losperiodistas.com.mx\/portal\/wp-json\/wp\/v2\/media?parent=99933"}],"wp:term":[{"taxonomy":"category","embeddable":true,"href":"https:\/\/losperiodistas.com.mx\/portal\/wp-json\/wp\/v2\/categories?post=99933"},{"taxonomy":"post_tag","embeddable":true,"href":"https:\/\/losperiodistas.com.mx\/portal\/wp-json\/wp\/v2\/tags?post=99933"}],"curies":[{"name":"wp","href":"https:\/\/api.w.org\/{rel}","templated":true}]}}