{"id":99927,"date":"2025-05-22T03:13:27","date_gmt":"2025-05-22T09:13:27","guid":{"rendered":"https:\/\/losperiodistas.com.mx\/portal\/?p=99927"},"modified":"2025-05-22T05:13:57","modified_gmt":"2025-05-22T11:13:57","slug":"fortes-asi-se-torea-asi-se-carga-la-suerte-abc","status":"publish","type":"post","link":"https:\/\/losperiodistas.com.mx\/portal\/fortes-asi-se-torea-asi-se-carga-la-suerte-abc\/","title":{"rendered":"Fortes: \u00a1as\u00ed se torea, as\u00ed se carga la suerte! | ABC"},"content":{"rendered":"\n<h2 class=\"wp-block-heading has-vivid-green-cyan-background-color has-background\">Un excepcional Fortes pincha la Puerta Grande despu\u00e9s de cuajar la tarde de la feria<\/h2>\n\n\n\n<figure class=\"wp-block-image size-large\"><img fetchpriority=\"high\" decoding=\"async\" width=\"1024\" height=\"717\" src=\"https:\/\/losperiodistas.com.mx\/portal\/wp-content\/uploads\/2025\/05\/fortes1-RmsSip5Wyuzi3E8eN9NSSXM-1200x840@diario_abc-1024x717.jpeg\" alt=\"\" class=\"wp-image-99928\" srcset=\"https:\/\/losperiodistas.com.mx\/portal\/wp-content\/uploads\/2025\/05\/fortes1-RmsSip5Wyuzi3E8eN9NSSXM-1200x840@diario_abc-1024x717.jpeg 1024w, https:\/\/losperiodistas.com.mx\/portal\/wp-content\/uploads\/2025\/05\/fortes1-RmsSip5Wyuzi3E8eN9NSSXM-1200x840@diario_abc-300x210.jpeg 300w, https:\/\/losperiodistas.com.mx\/portal\/wp-content\/uploads\/2025\/05\/fortes1-RmsSip5Wyuzi3E8eN9NSSXM-1200x840@diario_abc-768x538.jpeg 768w, https:\/\/losperiodistas.com.mx\/portal\/wp-content\/uploads\/2025\/05\/fortes1-RmsSip5Wyuzi3E8eN9NSSXM-1200x840@diario_abc.jpeg 1200w\" sizes=\"(max-width: 1024px) 100vw, 1024px\" \/><figcaption class=\"wp-element-caption\">Sa\u00fal Jim\u00e9nez Fortes hizo el toreo de lo que va de feria\u00a0\/\/ <strong>Emilio M\u00e9ndez<\/strong><\/figcaption><\/figure>\n\n\n\n<p class=\"has-vivid-red-color has-text-color has-link-color has-medium-font-size wp-elements-ff0fd3aaf1727165d1d07c83453c45b6\"><strong><a href=\"https:\/\/www.abc.es\/autor\/rosario-perez-1332\/\">Rosario P\u00e9rez<\/a> \/ ABC<\/strong><\/p>\n\n\n\n<p>Madrid<\/p>\n\n\n\n<p>Si a Fortes no lo anuncian en todas las&nbsp;<a href=\"https:\/\/www.abc.es\/cultura\/toros\/inaugurada-exposicion-paloma-velarde-ventas-20250520175246-nt.html\">ferias<\/a>&nbsp;que queden sin cerrar, es para quitar el carnet a los empresarios. \u00a1Qu\u00e9 manera de torear! As\u00ed se dice y se hace el toreo. Con pureza infinita, con esa manera de hundir las&nbsp;zapatillas. En el sitio que quema, en el lugar donde los toros embisten s\u00ed o s\u00ed, como si ese sitio del peligro extremo fuera su hogar. Porque nadie apostaba por&nbsp;<a href=\"https:\/\/www.abc.es\/cultura\/toros\/ructl-celebra-120-anos-historia-pais-quiere-20250520135353-nt.html\">Gimotero<\/a>, salvo el matador. Desentendido sali\u00f3 este segundo, que no prometi\u00f3 nada halag\u00fce\u00f1o, pero Sa\u00fal le vio algo y logr\u00f3 darle celo en su medio viaje. Tanto lo consinti\u00f3 que sac\u00f3 el fondo noble que ten\u00eda, con una&nbsp;<a href=\"https:\/\/www.abc.es\/cultura\/toros\/inaugurada-exposicion-paloma-velarde-ventas-20250520175246-nt.html\">serenidad<\/a>&nbsp;impropia de quien llevaba cuatro a\u00f1os y casi mil quinientas noches sin pisar Madrid, que rugi\u00f3 con su forma de estar y sentir. A otro, con ese rival de Ara\u00faz, le hubiesen pedido la hora al minuto&#8230;<\/p>\n\n\n\n<p>Pero all\u00ed se erig\u00eda el hombre tranquilo, el que cog\u00eda el estaquillador por esa mitad m\u00e1s uno donde los toreros se la juegan a carta cabal. Aplomado y reunido, con valor natural, acariciando la embestida en una faena que fue pura cadencia. Qu\u00e9 gozada ver un torerazo as\u00ed, cuyo nombre ha empezado a sonar de nuevo tras sus tardes en M\u00e1laga acartelado con Roca Rey. Solo la espada le priv\u00f3 de un premio de aut\u00e9ntico peso: en la memoria queda la medida faena, la de mayores excelencias de lo que llevamos de feria (ojo, faltaba la del quinto), la de cargar la suerte que le deniegan en los despachos, aunque ellos podr\u00edan rebatir, claro, que ha sido la corrida de menor asistencia&#8230;<\/p>\n\n\n\n<p>Fue una tarde de Puerta Grande. Aunque no se abriera por la tizona, pero en la que esa salida a hombros imaginaria recorr\u00eda el coraz\u00f3n del tendido, al que le doli\u00f3 que no entrara a la primera tanto como al malague\u00f1o. M\u00e1s se enfadaron con esos puyazos traser\u00edsimos a Chivita, de amplias velas. En calma la apertura genuflexa, con un trincherazo de cartel. Plana la muleta, la mano baja&#8230; en el terreno de un chotis. Qu\u00e9 encaje tuvo el conjunto, c\u00f3mo esper\u00f3 la embestida, c\u00f3mo busc\u00f3 la colocaci\u00f3n sincera. Y c\u00f3mo se volc\u00f3 la Monumental ante la absoluta honestidad de Sa\u00fal. Fortes sigui\u00f3 creciendo con el de Ara\u00faz \u2013carente de empuje y continuidad\u2013 porque est\u00e1 en un momento en que se agiganta con todos. \u00bfCu\u00e1ndo es la pr\u00f3xima? \u00a1Sitio a un torero de zapatillas a montera!Noticia Relacionada<\/p>\n\n\n\n<figure class=\"wp-block-image\"><a href=\"https:\/\/www.abc.es\/cultura\/toros\/ructl-celebra-120-anos-historia-pais-quiere-20250520135353-nt.html#vca=modulo-rel-uno&amp;vso=abc&amp;vmc=noticias-rel&amp;vli=cultura\"><img decoding=\"async\" src=\"https:\/\/s3.abcstatics.com\/abc\/www\/multimedia\/cultura\/2025\/05\/20\/GrYPW1NWsAA4Gtr-U18220158176amQ-366x256@diario_abc.jpg\" alt=\"La RUCTL celebra 120 a\u00f1os de historia, \u00abla de un pa\u00eds que no quiere renunciar a su esencia\u00bb\"\/><\/a><\/figure>\n\n\n\n<h3 class=\"wp-block-heading\"><a href=\"https:\/\/www.abc.es\/cultura\/toros\/ructl-celebra-120-anos-historia-pais-quiere-20250520135353-nt.html#vca=modulo-rel-uno&amp;vso=abc&amp;vmc=noticias-rel&amp;vli=cultura\">La RUCTL celebra 120 a\u00f1os de historia, \u00abla de un pa\u00eds que no quiere renunciar a su esencia\u00bb<\/a><\/h3>\n\n\n\n<p>Alicia P. Velarde<\/p>\n\n\n\n<p>Los art\u00edfices de esta uni\u00f3n o Enrique Ponce fueron premiados en una gala presidida por la Infanta Elena, en la que no falt\u00f3 Almeida<\/p>\n\n\n\n<p>Qu\u00e9 importancia tuvo tambi\u00e9n la actuaci\u00f3n de Morenito de Aranda, tanto su impecable t\u00e9cnica con el manso y bruto primero, complicad\u00edsimo para darle matarile mientras tapaba la salida, como en el cuarto, un toro duro de pelar en el que demostr\u00f3 su maestr\u00eda, pinchada en la hora final. No vali\u00f3 un pimiento el lote de un torero tan ilusionante como Adri\u00e1n de Torres: nulas sus opciones. Y de pincha\u00favas, como sus compa\u00f1eros, en la tarde del toreo m\u00e1s aut\u00e9ntico de la feria.<\/p>\n\n\n\n<h3 class=\"wp-block-heading\">Feria de San Isidro<\/h3>\n\n\n\n<ul class=\"wp-block-list\">\n<li><strong>Monumental de las Ventas.<\/strong>\u00a0Mi\u00e9rcoles, 21 de mayo de 2025. Und\u00e9cima corrida. 16687 espectadores. Toros de Ara\u00faz de Robles y Castillejo de Huebra (6\u00ba bis), desiguales, indefinidos y mansos de salida, asperotes; algunos respondieron agradecidos.<\/li>\n\n\n\n<li><strong>Morenito de Aranda,<\/strong>\u00a0de azul azafata y oro: dos pinchazos y estocada ca\u00edda (silencio tras dos avisos); tres pinchazos (saludos aviso).<\/li>\n\n\n\n<li><strong>Fortes,<\/strong>\u00a0de rosa chicle y oro: dos pinchazos y estocada (saludos); pinchazo y estocada trasera atravesada (vuelta al ruedo tras aviso).<\/li>\n\n\n\n<li><strong>Adri\u00e1n de Torres,<\/strong>\u00a0de rosa palo y oro: cuatro pinchazos y estocada (silencio); tres pinchazos, media y descabello (silencio).<\/li>\n<\/ul>\n\n\n\n<p>Fuente: <a href=\"https:\/\/www.abc.es\/cultura\/toros\/miercoles-san-isidro-20250520233329-nt.html\">https:\/\/www.abc.es\/cultura\/toros\/miercoles-san-isidro-20250520233329-nt.html<\/a><\/p>\n","protected":false},"excerpt":{"rendered":"<p>Un excepcional Fortes pincha la Puerta Grande despu\u00e9s de cuajar la tarde de la feria Rosario P\u00e9rez \/ ABC Madrid [&hellip;]<\/p>\n","protected":false},"author":1,"featured_media":99928,"comment_status":"open","ping_status":"open","sticky":false,"template":"","format":"standard","meta":{"site-sidebar-layout":"default","site-content-layout":"","ast-site-content-layout":"default","site-content-style":"default","site-sidebar-style":"default","ast-global-header-display":"","ast-banner-title-visibility":"","ast-main-header-display":"","ast-hfb-above-header-display":"","ast-hfb-below-header-display":"","ast-hfb-mobile-header-display":"","site-post-title":"","ast-breadcrumbs-content":"","ast-featured-img":"","footer-sml-layout":"","theme-transparent-header-meta":"","adv-header-id-meta":"","stick-header-meta":"","header-above-stick-meta":"","header-main-stick-meta":"","header-below-stick-meta":"","astra-migrate-meta-layouts":"default","ast-page-background-enabled":"default","ast-page-background-meta":{"desktop":{"background-color":"var(--ast-global-color-4)","background-image":"","background-repeat":"repeat","background-position":"center center","background-size":"auto","background-attachment":"scroll","background-type":"","background-media":"","overlay-type":"","overlay-color":"","overlay-opacity":"","overlay-gradient":""},"tablet":{"background-color":"","background-image":"","background-repeat":"repeat","background-position":"center center","background-size":"auto","background-attachment":"scroll","background-type":"","background-media":"","overlay-type":"","overlay-color":"","overlay-opacity":"","overlay-gradient":""},"mobile":{"background-color":"","background-image":"","background-repeat":"repeat","background-position":"center center","background-size":"auto","background-attachment":"scroll","background-type":"","background-media":"","overlay-type":"","overlay-color":"","overlay-opacity":"","overlay-gradient":""}},"ast-content-background-meta":{"desktop":{"background-color":"var(--ast-global-color-5)","background-image":"","background-repeat":"repeat","background-position":"center center","background-size":"auto","background-attachment":"scroll","background-type":"","background-media":"","overlay-type":"","overlay-color":"","overlay-opacity":"","overlay-gradient":""},"tablet":{"background-color":"var(--ast-global-color-5)","background-image":"","background-repeat":"repeat","background-position":"center center","background-size":"auto","background-attachment":"scroll","background-type":"","background-media":"","overlay-type":"","overlay-color":"","overlay-opacity":"","overlay-gradient":""},"mobile":{"background-color":"var(--ast-global-color-5)","background-image":"","background-repeat":"repeat","background-position":"center center","background-size":"auto","background-attachment":"scroll","background-type":"","background-media":"","overlay-type":"","overlay-color":"","overlay-opacity":"","overlay-gradient":""}},"footnotes":""},"categories":[8],"tags":[38643,38647,38644,38645,38646],"class_list":["post-99927","post","type-post","status-publish","format-standard","has-post-thumbnail","hentry","category-noticias","tag-feria-san-isidro","tag-robles-y-castillejo","tag-saul-jhimenez-fortes","tag-toro-gimotero","tag-toros-de-arauz-de-robles"],"_links":{"self":[{"href":"https:\/\/losperiodistas.com.mx\/portal\/wp-json\/wp\/v2\/posts\/99927","targetHints":{"allow":["GET"]}}],"collection":[{"href":"https:\/\/losperiodistas.com.mx\/portal\/wp-json\/wp\/v2\/posts"}],"about":[{"href":"https:\/\/losperiodistas.com.mx\/portal\/wp-json\/wp\/v2\/types\/post"}],"author":[{"embeddable":true,"href":"https:\/\/losperiodistas.com.mx\/portal\/wp-json\/wp\/v2\/users\/1"}],"replies":[{"embeddable":true,"href":"https:\/\/losperiodistas.com.mx\/portal\/wp-json\/wp\/v2\/comments?post=99927"}],"version-history":[{"count":1,"href":"https:\/\/losperiodistas.com.mx\/portal\/wp-json\/wp\/v2\/posts\/99927\/revisions"}],"predecessor-version":[{"id":99929,"href":"https:\/\/losperiodistas.com.mx\/portal\/wp-json\/wp\/v2\/posts\/99927\/revisions\/99929"}],"wp:featuredmedia":[{"embeddable":true,"href":"https:\/\/losperiodistas.com.mx\/portal\/wp-json\/wp\/v2\/media\/99928"}],"wp:attachment":[{"href":"https:\/\/losperiodistas.com.mx\/portal\/wp-json\/wp\/v2\/media?parent=99927"}],"wp:term":[{"taxonomy":"category","embeddable":true,"href":"https:\/\/losperiodistas.com.mx\/portal\/wp-json\/wp\/v2\/categories?post=99927"},{"taxonomy":"post_tag","embeddable":true,"href":"https:\/\/losperiodistas.com.mx\/portal\/wp-json\/wp\/v2\/tags?post=99927"}],"curies":[{"name":"wp","href":"https:\/\/api.w.org\/{rel}","templated":true}]}}