{"id":99924,"date":"2025-05-22T04:59:30","date_gmt":"2025-05-22T10:59:30","guid":{"rendered":"https:\/\/losperiodistas.com.mx\/portal\/?p=99924"},"modified":"2025-05-22T04:59:31","modified_gmt":"2025-05-22T10:59:31","slug":"optimus-el-robot-humanoide-de-elon-musk-ya-baila-cocina-limpia-y-saca-la-basura-abc","status":"publish","type":"post","link":"https:\/\/losperiodistas.com.mx\/portal\/optimus-el-robot-humanoide-de-elon-musk-ya-baila-cocina-limpia-y-saca-la-basura-abc\/","title":{"rendered":"Optimus: el robot humanoide de Elon Musk ya baila, cocina, limpia y saca la basura | ABC"},"content":{"rendered":"\n<h2 class=\"wp-block-heading has-pale-cyan-blue-background-color has-background\">Tesla espera comenzar a comercializar el dispositivo el a\u00f1o que viene<\/h2>\n\n\n\n<figure class=\"wp-block-image size-large\"><img fetchpriority=\"high\" decoding=\"async\" width=\"1024\" height=\"717\" src=\"https:\/\/losperiodistas.com.mx\/portal\/wp-content\/uploads\/2025\/05\/optimus-cocina-RkKvgqmpj9XZNyTgXlwVFBN-1200x840@diario_abc-1024x717.webp\" alt=\"\" class=\"wp-image-99925\" srcset=\"https:\/\/losperiodistas.com.mx\/portal\/wp-content\/uploads\/2025\/05\/optimus-cocina-RkKvgqmpj9XZNyTgXlwVFBN-1200x840@diario_abc-1024x717.webp 1024w, https:\/\/losperiodistas.com.mx\/portal\/wp-content\/uploads\/2025\/05\/optimus-cocina-RkKvgqmpj9XZNyTgXlwVFBN-1200x840@diario_abc-300x210.webp 300w, https:\/\/losperiodistas.com.mx\/portal\/wp-content\/uploads\/2025\/05\/optimus-cocina-RkKvgqmpj9XZNyTgXlwVFBN-1200x840@diario_abc-768x538.webp 768w, https:\/\/losperiodistas.com.mx\/portal\/wp-content\/uploads\/2025\/05\/optimus-cocina-RkKvgqmpj9XZNyTgXlwVFBN-1200x840@diario_abc.webp 1200w\" sizes=\"(max-width: 1024px) 100vw, 1024px\" \/><figcaption class=\"wp-element-caption\">El robot de Elon Musk cocinando<\/figcaption><\/figure>\n\n\n\n<p class=\"has-vivid-red-color has-text-color has-link-color has-medium-font-size wp-elements-2e5e637abdc7d042cf0a64cf0d127ae3\"><strong><a href=\"https:\/\/www.abc.es\/autor\/rodrigo-alonso-2414\/\">Rodrigo Alonso<\/a> \/ ABC<\/strong><\/p>\n\n\n\n<p><a href=\"javascript:void(0)\"><\/a><\/p>\n\n\n\n<p><a href=\"https:\/\/www.abc.es\/tecnologia\/bill-gates-acusa-elon-musk-estar-involucrado-20250509160118-nt.html\">Elon Musk<\/a>&nbsp;est\u00e1 convencido de que, en el futuro, los&nbsp;<strong>robots<\/strong>&nbsp;ser\u00e1n los encargados de llevar a cabo cualquier tipo de labor repetitiva y agotadora que tenga lugar en el mundo f\u00edsico. Para el virtual ya estar\u00e1 la inteligencia artificial generativa. El magnate sudafricano anunci\u00f3 el pasado 2021 que su empresa Tesla estaba trabajando en desarrollo de una m\u00e1quina de forma humana destinada a liberar a los trabajadores de toda la vida en f\u00e1bricas y en hogares. Su nombre es&nbsp;<a href=\"https:\/\/www.abc.es\/tecnologia\/elon-musk-presenta-robot-optimus-mayordomo-futuro-20241011092447-nt.html\">Optimus<\/a>, y a estas alturas igual baila, que limpia o cocina.<\/p>\n\n\n\n<p>Tesla acaba de sacar un nuevo v\u00eddeo en su cuenta de X en el que se puede ver al humanoide agach\u00e1ndose para recoger una bolsa de basura para, a continuaci\u00f3n, meterla en el interior de un cubo. A continuaci\u00f3n, la m\u00e1quina limpia desperdicios con un cepillo y un recogedor, coge una cuchara para remover la comida que est\u00e1 cocinando y pasa la aspiradora por el suelo.<\/p>\n\n\n\n<p>M\u00c1S INFORMACI\u00d3N<\/p>\n\n\n\n<ul class=\"wp-block-list\">\n<li><a href=\"https:\/\/www.abc.es\/tecnologia\/elon-musk-borra-dudas-sobre-robot-optimus-20250514121459-nt.html#vca=modulo&amp;vso=abc&amp;vmc=noticias-rel&amp;vli=tecnologia\">Elon Musk borra las dudas sobre su robot Optimus poni\u00e9ndole a bailar<\/a><\/li>\n<\/ul>\n\n\n\n<p>Seg\u00fan se\u00f1ala Tesla, Optimus ha aprendido a realizar todas estas acciones a trav\u00e9s de v\u00eddeos en los que aparecen personas reales llev\u00e1ndolas a cabo. \u00abEste avance nos permite aprender nuevas tareas mucho m\u00e1s r\u00e1pido y ahora estamos trabajando para mejorar a\u00fan m\u00e1s la confiabilidad\u00bb, se\u00f1alan desde la compa\u00f1\u00eda tecnol\u00f3gica.<\/p>\n\n\n\n<figure class=\"wp-block-embed is-type-rich is-provider-twitter wp-block-embed-twitter\"><div class=\"wp-block-embed__wrapper\">\n<blockquote class=\"twitter-tweet\" data-width=\"500\" data-dnt=\"true\"><p lang=\"en\" dir=\"ltr\">I\u2019m not just dancing all day, ok <a href=\"https:\/\/t.co\/rKs5WwKjvf\">pic.twitter.com\/rKs5WwKjvf<\/a><\/p>&mdash; Tesla Optimus (@Tesla_Optimus) <a href=\"https:\/\/twitter.com\/Tesla_Optimus\/status\/1925047336256078302?ref_src=twsrc%5Etfw\">May 21, 2025<\/a><\/blockquote><script async src=\"https:\/\/platform.twitter.com\/widgets.js\" charset=\"utf-8\"><\/script>\n<\/div><\/figure>\n\n\n\n<p>Durante la presentaci\u00f3n de esta versi\u00f3n del humanoide, el pasado oto\u00f1o, Elon Musk apunt\u00f3 que&nbsp;<strong>Tesla esperaba comenzar a comercializarlo a partir de 2026<\/strong>. Sin embargo, no est\u00e1 nada claro que se cumplan los plazos. El magnate tambi\u00e9n ha afirmado que el objetivo de la empresa es fabricar 10.000 unidades del dispositivo antes de que termine el presente 2025.<\/p>\n\n\n\n<p>Respecto al precio que tendr\u00e1, tampoco hay informaci\u00f3n. Musk espera que se mueva entre los 20.000 y 30.000 d\u00f3lares \u00aba largo plazo\u00bb y que, llegado el momento, pueda ser \u00fatil como trabajador en empresas y como mayordomo en domicilios. \u00abCreo que este ser\u00e1 el producto m\u00e1s grande de cualquier tipo jam\u00e1s creado\u00bb, afirm\u00f3 el empresario durante la presentaci\u00f3n, celebrada el pasado mes de octubre.<\/p>\n\n\n\n<p>Sea como sea, Tesla no est\u00e1 sola dentro del negocio de los humanoides.&nbsp;<a href=\"https:\/\/www.abc.es\/tecnologia\/robots-conquistaran-marte-haran-desayuno-20240201042404-nt.html\">China se ha propuesto que sus empresas consigan llevar la voz cantante<\/a>&nbsp;en este negocio. Lo mismo est\u00e1n intentando otras firmas occidentales,&nbsp;<a href=\"https:\/\/www.abc.es\/tecnologia\/empresa-chatgpt-quiere-crear-robots-humanoides-hablen-20240301111918-nt.html\">como la estadounidense Figure<\/a>, que tiene un acuerdo con OpenAI para llevar la tecnolog\u00eda de ChatGPT a sus robots.<\/p>\n\n\n\n<p>Fuente: <a href=\"https:\/\/www.abc.es\/tecnologia\/optimus-robot-humanoide-elon-musk-baila-cocina-20250521170331-nt.html\">https:\/\/www.abc.es\/tecnologia\/optimus-robot-humanoide-elon-musk-baila-cocina-20250521170331-nt.html<\/a><\/p>\n","protected":false},"excerpt":{"rendered":"<p>Tesla espera comenzar a comercializar el dispositivo el a\u00f1o que viene Rodrigo Alonso \/ ABC Elon Musk&nbsp;est\u00e1 convencido de que, [&hellip;]<\/p>\n","protected":false},"author":1,"featured_media":99925,"comment_status":"open","ping_status":"open","sticky":false,"template":"","format":"standard","meta":{"site-sidebar-layout":"default","site-content-layout":"","ast-site-content-layout":"default","site-content-style":"default","site-sidebar-style":"default","ast-global-header-display":"","ast-banner-title-visibility":"","ast-main-header-display":"","ast-hfb-above-header-display":"","ast-hfb-below-header-display":"","ast-hfb-mobile-header-display":"","site-post-title":"","ast-breadcrumbs-content":"","ast-featured-img":"","footer-sml-layout":"","theme-transparent-header-meta":"","adv-header-id-meta":"","stick-header-meta":"","header-above-stick-meta":"","header-main-stick-meta":"","header-below-stick-meta":"","astra-migrate-meta-layouts":"default","ast-page-background-enabled":"default","ast-page-background-meta":{"desktop":{"background-color":"var(--ast-global-color-4)","background-image":"","background-repeat":"repeat","background-position":"center center","background-size":"auto","background-attachment":"scroll","background-type":"","background-media":"","overlay-type":"","overlay-color":"","overlay-opacity":"","overlay-gradient":""},"tablet":{"background-color":"","background-image":"","background-repeat":"repeat","background-position":"center center","background-size":"auto","background-attachment":"scroll","background-type":"","background-media":"","overlay-type":"","overlay-color":"","overlay-opacity":"","overlay-gradient":""},"mobile":{"background-color":"","background-image":"","background-repeat":"repeat","background-position":"center center","background-size":"auto","background-attachment":"scroll","background-type":"","background-media":"","overlay-type":"","overlay-color":"","overlay-opacity":"","overlay-gradient":""}},"ast-content-background-meta":{"desktop":{"background-color":"var(--ast-global-color-5)","background-image":"","background-repeat":"repeat","background-position":"center center","background-size":"auto","background-attachment":"scroll","background-type":"","background-media":"","overlay-type":"","overlay-color":"","overlay-opacity":"","overlay-gradient":""},"tablet":{"background-color":"var(--ast-global-color-5)","background-image":"","background-repeat":"repeat","background-position":"center center","background-size":"auto","background-attachment":"scroll","background-type":"","background-media":"","overlay-type":"","overlay-color":"","overlay-opacity":"","overlay-gradient":""},"mobile":{"background-color":"var(--ast-global-color-5)","background-image":"","background-repeat":"repeat","background-position":"center center","background-size":"auto","background-attachment":"scroll","background-type":"","background-media":"","overlay-type":"","overlay-color":"","overlay-opacity":"","overlay-gradient":""}},"footnotes":""},"categories":[8],"tags":[2757,33651,38642,15688],"class_list":["post-99924","post","type-post","status-publish","format-standard","has-post-thumbnail","hentry","category-noticias","tag-elon-musk","tag-optimus","tag-robot-cocinero","tag-robots"],"_links":{"self":[{"href":"https:\/\/losperiodistas.com.mx\/portal\/wp-json\/wp\/v2\/posts\/99924","targetHints":{"allow":["GET"]}}],"collection":[{"href":"https:\/\/losperiodistas.com.mx\/portal\/wp-json\/wp\/v2\/posts"}],"about":[{"href":"https:\/\/losperiodistas.com.mx\/portal\/wp-json\/wp\/v2\/types\/post"}],"author":[{"embeddable":true,"href":"https:\/\/losperiodistas.com.mx\/portal\/wp-json\/wp\/v2\/users\/1"}],"replies":[{"embeddable":true,"href":"https:\/\/losperiodistas.com.mx\/portal\/wp-json\/wp\/v2\/comments?post=99924"}],"version-history":[{"count":1,"href":"https:\/\/losperiodistas.com.mx\/portal\/wp-json\/wp\/v2\/posts\/99924\/revisions"}],"predecessor-version":[{"id":99926,"href":"https:\/\/losperiodistas.com.mx\/portal\/wp-json\/wp\/v2\/posts\/99924\/revisions\/99926"}],"wp:featuredmedia":[{"embeddable":true,"href":"https:\/\/losperiodistas.com.mx\/portal\/wp-json\/wp\/v2\/media\/99925"}],"wp:attachment":[{"href":"https:\/\/losperiodistas.com.mx\/portal\/wp-json\/wp\/v2\/media?parent=99924"}],"wp:term":[{"taxonomy":"category","embeddable":true,"href":"https:\/\/losperiodistas.com.mx\/portal\/wp-json\/wp\/v2\/categories?post=99924"},{"taxonomy":"post_tag","embeddable":true,"href":"https:\/\/losperiodistas.com.mx\/portal\/wp-json\/wp\/v2\/tags?post=99924"}],"curies":[{"name":"wp","href":"https:\/\/api.w.org\/{rel}","templated":true}]}}