{"id":99921,"date":"2025-05-22T04:48:51","date_gmt":"2025-05-22T10:48:51","guid":{"rendered":"https:\/\/losperiodistas.com.mx\/portal\/?p=99921"},"modified":"2025-05-22T04:48:53","modified_gmt":"2025-05-22T10:48:53","slug":"sin-rescate-ni-gestion-el-centro-historico-seguira-en-deterioro-adelaida-ortega-e-consulta","status":"publish","type":"post","link":"https:\/\/losperiodistas.com.mx\/portal\/sin-rescate-ni-gestion-el-centro-historico-seguira-en-deterioro-adelaida-ortega-e-consulta\/","title":{"rendered":"Sin rescate ni gesti\u00f3n, el Centro Hist\u00f3rico seguir\u00e1 en deterioro: Adelaida Ortega | e-consulta"},"content":{"rendered":"\n<p style=\"font-size:24px\">La hija del creador del escudo del estado de Puebla dijo que Carlos Slim planea adquirir inmuebles para viviendas<\/p>\n\n\n\n<figure class=\"wp-block-image size-full\"><img fetchpriority=\"high\" decoding=\"async\" width=\"640\" height=\"426\" src=\"https:\/\/losperiodistas.com.mx\/portal\/wp-content\/uploads\/2025\/05\/sin_rescate_ni_gestion_el_centro_historico_seguira_en_deterioro_adelaida_ortega_3.webp\" alt=\"\" class=\"wp-image-99922\" srcset=\"https:\/\/losperiodistas.com.mx\/portal\/wp-content\/uploads\/2025\/05\/sin_rescate_ni_gestion_el_centro_historico_seguira_en_deterioro_adelaida_ortega_3.webp 640w, https:\/\/losperiodistas.com.mx\/portal\/wp-content\/uploads\/2025\/05\/sin_rescate_ni_gestion_el_centro_historico_seguira_en_deterioro_adelaida_ortega_3-300x200.webp 300w\" sizes=\"(max-width: 640px) 100vw, 640px\" \/><figcaption class=\"wp-element-caption\">Foto: Carlos Moreno<br><br><a href=\"https:\/\/www.facebook.com\/sharer\/sharer.php?u=https:\/\/www.e-consulta.com\/nota\/2025-05-21\/ciudad\/sin-rescate-ni-gestion-el-centro-historico-seguira-en-deterioro-adelaida\" target=\"_blank\" rel=\"noreferrer noopener\"><\/a><a href=\"https:\/\/twitter.com\/intent\/tweet?text=Sin%20rescate%20ni%20gesti%C3%B3n%2C%20el%20Centro%20Hist%C3%B3rico%20seguir%C3%A1%20en%20deterioro%3A%20Adelaida%20Ortega&amp;url=https:\/\/www.e-consulta.com\/nota\/2025-05-21\/ciudad\/sin-rescate-ni-gestion-el-centro-historico-seguira-en-deterioro-adelaida&amp;via=e_consulta\" target=\"_blank\" rel=\"noreferrer noopener\"><\/a><a href=\"whatsapp:\/\/send?text=Sin%20rescate%20ni%20gesti%C3%B3n%2C%20el%20Centro%20Hist%C3%B3rico%20seguir%C3%A1%20en%20deterioro%3A%20Adelaida%20Ortega%20-%20[Leer]%20https:\/\/www.e-consulta.com\/nota\/2025-05-21\/ciudad\/sin-rescate-ni-gestion-el-centro-historico-seguira-en-deterioro-adelaida\"><\/a><a href=\"tg:\/\/msg_url?url=https:\/\/www.e-consulta.com\/nota\/2025-05-21\/ciudad\/sin-rescate-ni-gestion-el-centro-historico-seguira-en-deterioro-adelaida\" target=\"_blank\" rel=\"noreferrer noopener\"><\/a><\/figcaption><\/figure>\n\n\n\n<p class=\"has-vivid-red-color has-text-color has-link-color has-medium-font-size wp-elements-ee0683a0ff580f5cf9bc8f28e89715d3\"><strong>CARLOS MORENO \/ e-consulta<\/strong><\/p>\n\n\n\n<p>El&nbsp;<strong>Centro Hist\u00f3rico de Puebla<\/strong>&nbsp;carece de un&nbsp;<strong>programa especializado<\/strong>&nbsp;para rescatar los&nbsp;<strong>edificios abandonados<\/strong>&nbsp;que est\u00e1n a punto de colapsar y puedan ser conservados, afirm\u00f3&nbsp;<strong>Adelaida Ortega Cambranis<\/strong>, arquitecta y restauradora distinguida con la&nbsp;<strong>Medalla 7 de Julio&nbsp;<\/strong>por el Congreso de Patrimonio Mundial.<\/p>\n\n\n\n<p>Los principales obst\u00e1culos para repoblar el&nbsp;<a href=\"https:\/\/www.e-consulta.com\/nota\/2025-04-30\/ciudad\/gobierno-de-la-ciudad-impulsa-preservacion-y-promocion-del-centro-historico\" target=\"_blank\" rel=\"noreferrer noopener\">Centro Hist\u00f3rico<\/a>&nbsp;son tres y uno es la falta de un sistema de&nbsp;<strong>transporte p\u00fablico eficiente<\/strong>&nbsp;que recorra la zona en su totalidad, ya que actualmente la conectividad es limitada y&nbsp;<strong>desincentiva que m\u00e1s personas habiten<\/strong>&nbsp;en \u00e9l, afirm\u00f3 Ortega Cambranis, quien egres\u00f3 de la escuela de restauraci\u00f3n de la&nbsp;<strong>Universidad de Roma La Sapienza<\/strong>.<\/p>\n\n\n\n<p>Durante el programa\u00a0<a href=\"https:\/\/www.youtube.com\/watch?v=3qZfiJI5688\" target=\"_blank\" rel=\"noreferrer noopener\">Cuchara Cuchillo Tenedor<\/a>, la hija de\u00a0<strong>Salvador Ortega Salazar<\/strong>, creador del escudo del estado de Puebla, mencion\u00f3 que aunque los\u00a0<strong>usos de suelo<\/strong>\u00a0del\u00a0<a href=\"https:\/\/www.e-consulta.com\/nota\/2024-12-11\/cultura\/centro-historico-de-puebla-cumple-37-anos-como-patrimonio-mundial-unesco\" target=\"_blank\" rel=\"noreferrer noopener\">Centro Hist\u00f3rico<\/a>\u00a0ya est\u00e1n regulados, el problema radica en la\u00a0<strong>aplicaci\u00f3n efectiva de la norma<\/strong>, pues no siempre se cumple lo que establecen los planes de desarrollo urbano.<\/p>\n\n\n\n<figure class=\"wp-block-embed is-type-video is-provider-youtube wp-block-embed-youtube wp-embed-aspect-16-9 wp-has-aspect-ratio\"><div class=\"wp-block-embed__wrapper\">\n<iframe title=\"Hoy en Cuchara Cuchillo Tenedor Adelaida Ortega Cambranis\" width=\"500\" height=\"281\" src=\"https:\/\/www.youtube.com\/embed\/l3mbnJJr68E?feature=oembed\" frameborder=\"0\" allow=\"accelerometer; autoplay; clipboard-write; encrypted-media; gyroscope; picture-in-picture; web-share\" referrerpolicy=\"strict-origin-when-cross-origin\" allowfullscreen><\/iframe>\n<\/div><\/figure>\n\n\n\n<p><\/p>\n\n\n\n<p>Te puede interesar:<\/p>\n\n\n\n<p><a href=\"https:\/\/www.e-consulta.com\/nota\/2024-12-07\/ciudad\/el-centro-historico-el-museo-mas-grande-de-puebla\">Centro Hist\u00f3rico, el museo m\u00e1s grande de Puebla<\/a><\/p>\n\n\n\n<p>Adem\u00e1s, los procedimientos administrativos son tan lentos y engorrosos que&nbsp;<strong>obtener un permiso<\/strong>&nbsp;puede tomar uno o dos a\u00f1os, lo cual&nbsp;<strong>frena inversiones y proyectos<\/strong>&nbsp;de rehabilitaci\u00f3n en el&nbsp;<strong>Centro Hist\u00f3rico<\/strong>, dijo la exdirectora de la Zona de Monumentos y Regulaciones de \u00c1reas Patrimoniales en el Ayuntamiento de Puebla de&nbsp;<strong>Luis Banck Serrato<\/strong>.<\/p>\n\n\n\n<p>Otro de los temas que abord\u00f3 la excoordinadora en Puebla del&nbsp;<strong>Consejo Internacional de Monumentos y Sitios (Icomos)<\/strong>&nbsp;es que los inmuebles que planea adquirir el empresario&nbsp;<strong>Carlos Slim<\/strong>&nbsp;para crear viviendas no son hist\u00f3ricos, sino monumentales.<\/p>\n\n\n\n<p>Sin embargo,&nbsp;<a href=\"https:\/\/www.e-consulta.com\/nota\/2024-11-17\/ciudad\/que-servicios-ofrece-la-gerencia-del-centro-historico-de-puebla\" target=\"_blank\" rel=\"noreferrer noopener\">los inmuebles<\/a>&nbsp;que se vayan a construir podr\u00edan ser edificios que no superaran los 15 metros de altura, ya que las normativas no&nbsp;<strong>permiten que se rebase dicha altitud<\/strong>, indic\u00f3 Ortega Salazar.<\/p>\n\n\n\n<figure class=\"wp-block-image\"><img decoding=\"async\" src=\"https:\/\/www.e-consulta.com\/_next\/image?url=https%3A%2F%2Ffotos.e-consulta.com%2Fsite_uploads%2F2025%2FAbril%2Fsin_rescate_ni_gestion_el_centro_historico_seguira_en_deterioro_adelaida_ortega_1_0.jpg&amp;w=3840&amp;q=75\" alt=\"Sin rescate ni gesti\u00f3n, el Centro Hist\u00f3rico seguir\u00e1 en deterioro: Adelaida Ortega\"\/><\/figure>\n\n\n\n<p>Te puede interesar:<\/p>\n\n\n\n<p><a href=\"https:\/\/www.e-consulta.com\/nota\/2025-01-07\/ciudad\/falta-de-permisos-tiraria-inversion-de-slim-en-centro-de-puebla-cicepac\">Falta de permisos tirar\u00eda inversi\u00f3n de Slim en centro de Puebla: Cicepac<\/a><\/p>\n\n\n\n<p><\/p>\n\n\n\n<p>Respecto a si el proyecto del exgobernador&nbsp;<strong>Manuel Bartlett D\u00edaz<\/strong>&nbsp;para repoblar la zona del&nbsp;<strong>Paseo de San Francisco<\/strong>&nbsp;era viable, la entrevistada afirm\u00f3 que no, ya que se el plan no estaba bien estructurado.<\/p>\n\n\n\n<p>\u201cSi nosotros no tenemos\u00a0<strong>proyectos integrales<\/strong>\u00a0que permitan rescatar 6.9 kil\u00f3metros cuadrados del\u00a0<strong>Centro Hist\u00f3rico no se podr\u00e1n realizar<\/strong>\u00a0los proyectos de urbanizaci\u00f3n\u201d, acot\u00f3 la especialista en arquitectura.<\/p>\n\n\n\n<figure class=\"wp-block-embed is-type-video is-provider-youtube wp-block-embed-youtube wp-embed-aspect-16-9 wp-has-aspect-ratio\"><div class=\"wp-block-embed__wrapper\">\n<iframe title=\"En Puebla no tenemos un programa de rescate de los edificios\" width=\"500\" height=\"281\" src=\"https:\/\/www.youtube.com\/embed\/idEJiuCXUCY?feature=oembed\" frameborder=\"0\" allow=\"accelerometer; autoplay; clipboard-write; encrypted-media; gyroscope; picture-in-picture; web-share\" referrerpolicy=\"strict-origin-when-cross-origin\" allowfullscreen><\/iframe>\n<\/div><\/figure>\n\n\n\n<p>La falta de un proyecto de rescate de inmuebles o de gesti\u00f3n para la urbanizaci\u00f3n provocar\u00e1 que el Centro Hist\u00f3rico contin\u00fae con&nbsp;<strong>\u00e1reas que seguir\u00e1n en un deterioro progresivo<\/strong>&nbsp;permanente, hasta que alguien&nbsp;<strong>decida poner orden<\/strong>.<\/p>\n\n\n\n<p>Actualmente quienes tienen m\u00e1s intenci\u00f3n de\u00a0<strong>rescatar los inmuebles hist\u00f3ricos o monumentales<\/strong>\u00a0son los propietarios, quienes les interesa\u00a0<strong>rescatar su patrimonio<\/strong>\u00a0y en\u00a0<a href=\"https:\/\/www.e-consulta.com\/nota\/2023-05-02\/ciudad\/otra-vez-obras-en-calles-del-centro-historico-de-puebla-gastaran-200-mdp\">pocas ocasiones los gobiernos<\/a>, relat\u00f3 la egresada de la\u00a0<strong>Universidad de La Sapienza<\/strong>, refiri\u00e9ndose a su experiencia como arquitecta y restauradora.<\/p>\n\n\n\n<figure class=\"wp-block-embed is-type-video is-provider-youtube wp-block-embed-youtube wp-embed-aspect-16-9 wp-has-aspect-ratio\"><div class=\"wp-block-embed__wrapper\">\n<iframe title=\"3 prioridades que se deben cambiar el Centro Hist\u00f3rico\" width=\"500\" height=\"281\" src=\"https:\/\/www.youtube.com\/embed\/A5V6PlEDuO8?feature=oembed\" frameborder=\"0\" allow=\"accelerometer; autoplay; clipboard-write; encrypted-media; gyroscope; picture-in-picture; web-share\" referrerpolicy=\"strict-origin-when-cross-origin\" allowfullscreen><\/iframe>\n<\/div><\/figure>\n\n\n\n<h2 class=\"wp-block-heading\"><strong>Adelaida Ortega gana Medalla 7 de Julio<\/strong><\/h2>\n\n\n\n<p>La&nbsp;<strong>Medalla 7 de Julio<\/strong>&nbsp;que otorga el&nbsp;<strong>Congreso de Patrimonio Mundial del estado de Guanajuato<\/strong>&nbsp;se le entregar\u00e1 el&nbsp;<strong>jueves 22 de mayo de este a\u00f1o<\/strong>&nbsp;a la poblana Adelaida Ortega Cambranis en la Ciudad de Puebla.<\/p>\n\n\n\n<p>El galard\u00f3n lo han recibido arquitectos como&nbsp;<strong>Francisco Javier L\u00f3pez Morales<\/strong>, especialista en conservaci\u00f3n del patrimonio, o los intelectuales&nbsp;<strong>Miguel Le\u00f3n Portilla<\/strong>,&nbsp;<strong>Eduardo Matos Moctezuma<\/strong>&nbsp;y&nbsp;<strong>Eusebio Leal Spengler<\/strong>.<\/p>\n\n\n\n<p>La ceremonia ser\u00e1 en el&nbsp;<strong>Antiguo Trato de Tociner\u00eda<\/strong>&nbsp;a las 17:00 horas, ah\u00ed Adelaida Ortega recibir\u00e1 el distintivo fundido en plata con ba\u00f1o de oro, cuya imagen&nbsp;<strong>simboliza la Ruta de Plata<\/strong>&nbsp;y hace referencia a&nbsp;<strong>Ignacio Allende<\/strong>, mano derecha del cura&nbsp;<strong>Miguel Hidalgo<\/strong>&nbsp;durante la Guerra de Independencia. (CR\/MCJ)<\/p>\n\n\n\n<figure class=\"wp-block-image\"><img decoding=\"async\" src=\"https:\/\/www.e-consulta.com\/_next\/image?url=https%3A%2F%2Ffotos.e-consulta.com%2Fsite_uploads%2F2025%2FAbril%2Fsin_rescate_ni_gestion_el_centro_historico_seguira_en_deterioro_adelaida_ortega_2.jpg&amp;w=3840&amp;q=75\" alt=\"Sin rescate ni gesti\u00f3n, el Centro Hist\u00f3rico seguir\u00e1 en deterioro: Adelaida Ortega\"\/><\/figure>\n\n\n\n<p><\/p>\n\n\n\n<p>Fuente: <a href=\"https:\/\/www.e-consulta.com\/nota\/2025-05-21\/ciudad\/sin-rescate-ni-gestion-el-centro-historico-seguira-en-deterioro-adelaida\">https:\/\/www.e-consulta.com\/nota\/2025-05-21\/ciudad\/sin-rescate-ni-gestion-el-centro-historico-seguira-en-deterioro-adelaida<\/a><\/p>\n\n\n\n<p><\/p>\n","protected":false},"excerpt":{"rendered":"<p>La hija del creador del escudo del estado de Puebla dijo que Carlos Slim planea adquirir inmuebles para viviendas CARLOS [&hellip;]<\/p>\n","protected":false},"author":1,"featured_media":99922,"comment_status":"open","ping_status":"open","sticky":false,"template":"","format":"standard","meta":{"site-sidebar-layout":"default","site-content-layout":"","ast-site-content-layout":"default","site-content-style":"default","site-sidebar-style":"default","ast-global-header-display":"","ast-banner-title-visibility":"","ast-main-header-display":"","ast-hfb-above-header-display":"","ast-hfb-below-header-display":"","ast-hfb-mobile-header-display":"","site-post-title":"","ast-breadcrumbs-content":"","ast-featured-img":"","footer-sml-layout":"","theme-transparent-header-meta":"","adv-header-id-meta":"","stick-header-meta":"","header-above-stick-meta":"","header-main-stick-meta":"","header-below-stick-meta":"","astra-migrate-meta-layouts":"default","ast-page-background-enabled":"default","ast-page-background-meta":{"desktop":{"background-color":"var(--ast-global-color-4)","background-image":"","background-repeat":"repeat","background-position":"center center","background-size":"auto","background-attachment":"scroll","background-type":"","background-media":"","overlay-type":"","overlay-color":"","overlay-opacity":"","overlay-gradient":""},"tablet":{"background-color":"","background-image":"","background-repeat":"repeat","background-position":"center center","background-size":"auto","background-attachment":"scroll","background-type":"","background-media":"","overlay-type":"","overlay-color":"","overlay-opacity":"","overlay-gradient":""},"mobile":{"background-color":"","background-image":"","background-repeat":"repeat","background-position":"center center","background-size":"auto","background-attachment":"scroll","background-type":"","background-media":"","overlay-type":"","overlay-color":"","overlay-opacity":"","overlay-gradient":""}},"ast-content-background-meta":{"desktop":{"background-color":"var(--ast-global-color-5)","background-image":"","background-repeat":"repeat","background-position":"center center","background-size":"auto","background-attachment":"scroll","background-type":"","background-media":"","overlay-type":"","overlay-color":"","overlay-opacity":"","overlay-gradient":""},"tablet":{"background-color":"var(--ast-global-color-5)","background-image":"","background-repeat":"repeat","background-position":"center center","background-size":"auto","background-attachment":"scroll","background-type":"","background-media":"","overlay-type":"","overlay-color":"","overlay-opacity":"","overlay-gradient":""},"mobile":{"background-color":"var(--ast-global-color-5)","background-image":"","background-repeat":"repeat","background-position":"center center","background-size":"auto","background-attachment":"scroll","background-type":"","background-media":"","overlay-type":"","overlay-color":"","overlay-opacity":"","overlay-gradient":""}},"footnotes":""},"categories":[8],"tags":[1981,38641,1037,38640,16973],"class_list":["post-99921","post","type-post","status-publish","format-standard","has-post-thumbnail","hentry","category-noticias","tag-centro-historico-puebla","tag-dra-adelaida-ortega-cambranis","tag-inah","tag-medalla-7-de-julio","tag-patrimonio-edificado"],"_links":{"self":[{"href":"https:\/\/losperiodistas.com.mx\/portal\/wp-json\/wp\/v2\/posts\/99921","targetHints":{"allow":["GET"]}}],"collection":[{"href":"https:\/\/losperiodistas.com.mx\/portal\/wp-json\/wp\/v2\/posts"}],"about":[{"href":"https:\/\/losperiodistas.com.mx\/portal\/wp-json\/wp\/v2\/types\/post"}],"author":[{"embeddable":true,"href":"https:\/\/losperiodistas.com.mx\/portal\/wp-json\/wp\/v2\/users\/1"}],"replies":[{"embeddable":true,"href":"https:\/\/losperiodistas.com.mx\/portal\/wp-json\/wp\/v2\/comments?post=99921"}],"version-history":[{"count":1,"href":"https:\/\/losperiodistas.com.mx\/portal\/wp-json\/wp\/v2\/posts\/99921\/revisions"}],"predecessor-version":[{"id":99923,"href":"https:\/\/losperiodistas.com.mx\/portal\/wp-json\/wp\/v2\/posts\/99921\/revisions\/99923"}],"wp:featuredmedia":[{"embeddable":true,"href":"https:\/\/losperiodistas.com.mx\/portal\/wp-json\/wp\/v2\/media\/99922"}],"wp:attachment":[{"href":"https:\/\/losperiodistas.com.mx\/portal\/wp-json\/wp\/v2\/media?parent=99921"}],"wp:term":[{"taxonomy":"category","embeddable":true,"href":"https:\/\/losperiodistas.com.mx\/portal\/wp-json\/wp\/v2\/categories?post=99921"},{"taxonomy":"post_tag","embeddable":true,"href":"https:\/\/losperiodistas.com.mx\/portal\/wp-json\/wp\/v2\/tags?post=99921"}],"curies":[{"name":"wp","href":"https:\/\/api.w.org\/{rel}","templated":true}]}}