{"id":99913,"date":"2025-05-22T04:32:55","date_gmt":"2025-05-22T10:32:55","guid":{"rendered":"https:\/\/losperiodistas.com.mx\/portal\/?p=99913"},"modified":"2025-05-22T04:32:57","modified_gmt":"2025-05-22T10:32:57","slug":"la-historia-del-tatuaje-del-lumpen-y-la-marginalidad-a-los-museos-el-cultural","status":"publish","type":"post","link":"https:\/\/losperiodistas.com.mx\/portal\/la-historia-del-tatuaje-del-lumpen-y-la-marginalidad-a-los-museos-el-cultural\/","title":{"rendered":"La historia del tatuaje: del lumpen y la marginalidad a los museos | El Cultural"},"content":{"rendered":"\n<h2 class=\"wp-block-heading has-very-light-gray-to-cyan-bluish-gray-gradient-background has-background\">El tatuaje y su consideraci\u00f3n social ha variado a lo largo de los siglos. La exposici\u00f3n &#8216;Tattoos. Histories of the Mediterranean&#8217; y los libros &#8216;El cuerpo anunciado&#8217; y &#8216;Curar la piel&#8217; dan buena cuenta de ello.&nbsp;<\/h2>\n\n\n\n<h2 class=\"wp-block-heading\"><\/h2>\n\n\n\n<figure class=\"wp-block-image size-large\"><img fetchpriority=\"high\" decoding=\"async\" width=\"1024\" height=\"576\" src=\"https:\/\/losperiodistas.com.mx\/portal\/wp-content\/uploads\/2025\/05\/1003743766599_255748759_1706x960-1024x576.jpeg\" alt=\"\" class=\"wp-image-99914\" srcset=\"https:\/\/losperiodistas.com.mx\/portal\/wp-content\/uploads\/2025\/05\/1003743766599_255748759_1706x960-1024x576.jpeg 1024w, https:\/\/losperiodistas.com.mx\/portal\/wp-content\/uploads\/2025\/05\/1003743766599_255748759_1706x960-300x169.jpeg 300w, https:\/\/losperiodistas.com.mx\/portal\/wp-content\/uploads\/2025\/05\/1003743766599_255748759_1706x960-768x432.jpeg 768w, https:\/\/losperiodistas.com.mx\/portal\/wp-content\/uploads\/2025\/05\/1003743766599_255748759_1706x960-1536x864.jpeg 1536w, https:\/\/losperiodistas.com.mx\/portal\/wp-content\/uploads\/2025\/05\/1003743766599_255748759_1706x960.jpeg 1706w\" sizes=\"(max-width: 1024px) 100vw, 1024px\" \/><figcaption class=\"wp-element-caption\">\u00abBajo el cielo de Shiraz\u00bb, de la serie de obras &#8216;Sharok et Arthur&#8217;, de Alireza Shojaian. Foto: Centre de la Vieille Charit\u00e9 \/ Bing Xu Collection<\/figcaption><\/figure>\n\n\n\n<p class=\"has-vivid-red-color has-text-color has-link-color has-medium-font-size wp-elements-9b1a2e1b14305398e9a91bcdd0d11bdd\"><strong><a href=\"https:\/\/www.elespanol.com\/autor\/saioa-camarzana\/?utm_cmp_rs=authorpage\">Saioa Camarzana<\/a> \/ El Cultura<\/strong><\/p>\n\n\n\n<p><\/p>\n\n\n\n<p id=\"paragraph_1\">\u00abQueequeg era\u2026 un hombre tatuado. Su cuerpo era una masa de tatuajes, como una antolog\u00eda griega, con una historia de su vida en cada l\u00ednea y figura\u00bb. As\u00ed se describe al arponero de origen maor\u00ed de&nbsp;<em>Moby Dick<\/em>. Tambi\u00e9n su rostro, cubierto de motivos tradicionales de su cultura, llama la atenci\u00f3n de Ismael, el protagonista de la novela de&nbsp;<a href=\"https:\/\/www.elespanol.com\/el-cultural\/historia\/20240910\/elizabeth-hardwick-caza-herman-melville-misterioso-padre-gran-novela-norteamericana\/882411900_0.html?utm_cmp_rs=linksinline\">Herman Melville<\/a>, publicada en 1851.&nbsp;<strong>Casi dos siglos despu\u00e9s, seguimos leyendo la piel<\/strong>&nbsp;aunque su aceptaci\u00f3n es radicalmente diferente.<\/p>\n\n\n\n<p id=\"paragraph_2\">\u00bfQu\u00e9 nos cuentan los cuerpos tatuados, de d\u00f3nde viene esta pr\u00e1ctica y c\u00f3mo ha cambiado su sentido a lo largo de los a\u00f1os? El tatuaje ha sido motivo tradicional de algunas culturas como la inuit y s\u00edmbolo del lumpen y la marginalidad en diferentes momentos de la historia.<strong>&nbsp;En la actualidad vive su mejor \u00e9poca<\/strong>: proliferan los estudios y artistas dedicados a ello, surgen nuevas t\u00e9cnicas y se ha convertido en motivo de ensayos y exposiciones art\u00edsticas.<\/p>\n\n\n\n<p id=\"paragraph_3\">Muestra de ello es&nbsp;<strong><em>Tattoos. Histories of the Mediterranean<\/em><\/strong>, exposici\u00f3n que acaba de inaugurar en el Centre de la Vieille Charit\u00e9 de Marsella y que plantea un recorrido hist\u00f3rico y antropol\u00f3gico que empieza en el&nbsp;<a href=\"https:\/\/www.elespanol.com\/el-cultural\/historia\/arqueologia\/20250416\/tabu-falta-interes-desconocimiento-egipcios-no-representaban-graficamente-piramides\/1003743715980_0.html?utm_cmp_rs=linksinline\">Egipto fara\u00f3nico<\/a>&nbsp;y llega hasta la actualidad. El tatuaje, sugiere, no es solo una forma de expresi\u00f3n est\u00e9tica sino archivo, identidad, cicatriz y amuleto. Algo similar plantean<strong>&nbsp;Pablo Cerezo<\/strong>&nbsp;en<em>&nbsp;El cuerpo enunciado<\/em>&nbsp;(Siglo XXI editores) y&nbsp;<a href=\"https:\/\/www.elespanol.com\/el-cultural\/letras\/20231106\/nadal-suau-tatuajes-afirmacion-vida-memoria\/806419518_0.html?utm_cmp_rs=linksinline\">Nadal Suau<\/a>&nbsp;en&nbsp;<a href=\"https:\/\/www.elespanol.com\/el-cultural\/letras\/20231106\/curar-piel-libro-tatuajes-realidad-habla\/806919714_0.html?utm_cmp_rs=linksinline\"><em>Curar la piel<\/em><\/a>&nbsp;(Premio Anagrama de Ensayo). Si bien el ensayo de Cerezo aborda el tatuaje desde la teor\u00eda del cuerpo y Suau desde el duelo y la autobiograf\u00eda, ambos tienen algo en com\u00fan:&nbsp;<strong>tatuarse es narrarse<\/strong>.<\/p>\n\n\n\n<figure class=\"wp-block-image\"><img decoding=\"async\" src=\"https:\/\/s1.elespanol.com\/2024\/02\/02\/el-cultural\/blogs\/ultimo_pase\/829677947_239641287_320x180.jpg\" alt=\"Futbolistas y tatuajes: historia de la banalidad del mal (est\u00e9tico)\"\/><\/figure>\n\n\n\n<p><a href=\"https:\/\/www.elespanol.com\/el-cultural\/blogs\/ultimo_pase\/20240204\/futbolistas-tatuajes-historia-banalidad-mal-estetico\/829537045_12.html?utm_cmp_rs=relatednewsinline\">Futbolistas y tatuajes: historia de la banalidad del mal (est\u00e9tico)<\/a><\/p>\n\n\n\n<h3 class=\"wp-block-heading\">Ritos funerarios, prohibici\u00f3n y marginalidad<\/h3>\n\n\n\n<p id=\"paragraph_4\"><strong>La exposici\u00f3n de Marsella traza un recorrido desde el antiguo Egipto<\/strong>, cultura en la que se han encontrado momias adornadas con motivos geom\u00e9tricos y simb\u00f3licos, vinculados a la protecci\u00f3n, la belleza, la religi\u00f3n y la fertilidad. Se cree que muchas de aquellas mujeres fueron sacerdotisas, m\u00fasicas o bailarinas aunque tambi\u00e9n podr\u00edan simbolizar la transici\u00f3n a la adolescencia o marcar rituales funerarios.<\/p>\n\n\n\n<p id=\"paragraph_5\">Sin embargo, la cultura griega cl\u00e1sica cambi\u00f3 radicalmente su significado: de lo espiritual, el tatuaje pasa a ser un castigo,&nbsp;<strong>una forma de control social a trav\u00e9s de la inscripci\u00f3n forzada de criminales<\/strong>, esclavos y prisioneros. Y en la&nbsp;<a href=\"https:\/\/www.elespanol.com\/el-cultural\/historia\/20221006\/elites-no-barbaros-novedosa-provocadora-imperio-romano\/708429476_0.html?utm_cmp_rs=linksinline\">Roma imperial<\/a>, la piel se convierte en superficie legal: se inscrib\u00edan las palabras<em>&nbsp;fugitivus hic est<\/em>&nbsp;en la piel de los esclavos fugitivos y, seg\u00fan algunas cr\u00f3nicas, el emperador Cal\u00edgula marcaba con su nombre a los enemigos capturados en las batallas, convirtiendo el cuerpo ajeno en posesi\u00f3n y bot\u00edn.<\/p>\n\n\n\n<p id=\"paragraph_6\">\u00ab<strong>El tatuaje tiene un v\u00ednculo estricto con la pol\u00edtica<\/strong>, toda la historia de los cuerpos es pol\u00edtica. A lo largo del tiempo los usos han sido distintos pero han servido para marcar a los presos y a los esclavos\u00bb, recuerda Cerezo. El poder no solo quer\u00eda mostrar su dominio, tambi\u00e9n se buscaba visibilizar la extensi\u00f3n de su mano: \u00abNo solo se trata de demostrar que eres un ladr\u00f3n sino que se vea qu\u00e9 les pasa a los ladrones\u00bb.<\/p>\n\n\n\n<figure class=\"wp-block-image size-large\"><img decoding=\"async\" width=\"1024\" height=\"576\" src=\"https:\/\/losperiodistas.com.mx\/portal\/wp-content\/uploads\/2025\/05\/1003743767334_255761522_1706x960-1024x576.webp\" alt=\"\" class=\"wp-image-99915\" srcset=\"https:\/\/losperiodistas.com.mx\/portal\/wp-content\/uploads\/2025\/05\/1003743767334_255761522_1706x960-1024x576.webp 1024w, https:\/\/losperiodistas.com.mx\/portal\/wp-content\/uploads\/2025\/05\/1003743767334_255761522_1706x960-300x169.webp 300w, https:\/\/losperiodistas.com.mx\/portal\/wp-content\/uploads\/2025\/05\/1003743767334_255761522_1706x960-768x432.webp 768w, https:\/\/losperiodistas.com.mx\/portal\/wp-content\/uploads\/2025\/05\/1003743767334_255761522_1706x960-1536x864.webp 1536w, https:\/\/losperiodistas.com.mx\/portal\/wp-content\/uploads\/2025\/05\/1003743767334_255761522_1706x960.webp 1706w\" sizes=\"(max-width: 1024px) 100vw, 1024px\" \/><\/figure>\n\n\n\n<p>&#8216;Un jour j&#8217;ai reve d&#8217;une etoile&#8217;, una de las obras disponibles en la exposici\u00f3n &#8216;Tattoos. Histories of the Mediterranean&#8217;. Foto: Meziane Djaout<\/p>\n\n\n\n<p id=\"paragraph_7\">Con la llegada del cristianismo como religi\u00f3n oficial en el a\u00f1o 313 d.C.,&nbsp;<strong>el cuerpo comienza a ser considerado un templo divino<\/strong>. Entonces, \u00abse impuso la creencia de que el hombre estaba hecho a imagen y semejanza de Dios y el emperador Constantino prohibi\u00f3 los tatuajes en la cara de acuerdo con el principio de que cualquier incursi\u00f3n sobre la piel supon\u00eda profanar la creaci\u00f3n divina\u00bb, escribe en<em>&nbsp;El cuerpo enunciado<\/em>.<\/p>\n\n\n\n<p id=\"paragraph_8\">Sin embargo, tanto la exposici\u00f3n como el ensayo de Cerezo ponen de manifiesto c\u00f3mo algunas comunidades mantuvieron la tradici\u00f3n del tatuaje: los coptos se tatuaban cruces en la mu\u00f1eca para reconocerse entre ellos y algunos soldados cristianos inscrib\u00edan su piel para asegurar una sepultura seg\u00fan su fe en caso de fallecer en combate. Entrado el siglo XV, fruto de los viajes coloniales,<strong>&nbsp;el tatuaje se fue transformando en un relato racializado<\/strong>&nbsp;y las culturas americanas, africanas y asi\u00e1ticas que lo utilizaban como ritual, fueron consideradas b\u00e1rbaras, primitivas e inferiores.<\/p>\n\n\n\n<p id=\"paragraph_9\">No obstante, como explica Cerezo en su ensayo,&nbsp;<strong>el tatuaje volvi\u00f3 a Europa en barcos de la marina inglesa con el&nbsp;<a href=\"https:\/\/www.elespanol.com\/el-cultural\/historia\/20220203\/polemica-hallazgo-endeavour-barcos-famosos-historia\/647435302_0.html?utm_cmp_rs=linksinline\">capit\u00e1n Cook<\/a><\/strong>, que \u00abdocument\u00f3 con detalle su encuentro con los pueblos tatuados\u00bb. Si bien&nbsp;<a href=\"https:\/\/www.elespanol.com\/el-cultural\/arte\/exposiciones\/20240923\/cristobal-colon-epistolar-aterriza-palacio-liria\/887161460_0.html?utm_cmp_rs=linksinline\">Crist\u00f3bal Col\u00f3n<\/a>&nbsp;y \u00c1lvaro Menda\u00f1a reflejaron en sus diarios estos descubrimientos, Cook trajo a bordo de sus barcos a \u00abejemplares ex\u00f3ticos tatuados\u00bb. Durante estas expediciones, los marineros, embarcados durante semanas, comenzaron a imitar estas pr\u00e1cticas y desarrollaron su propia simbolog\u00eda: estrellas polares, anclas o nombres de mujer.<\/p>\n\n\n\n<p id=\"paragraph_10\">M\u00e1s tarde, en el siglo XIX, \u00abcon los cambios en los reg\u00edmenes penales y en la justicia, el tatuaje se usa para marcar a los cuerpos disidentes y desviados y tambi\u00e9n se convierte en una admonici\u00f3n del crimen\u00bb, apunta Cerezo. Ahora,&nbsp;<strong>los cuerpos tatuados se corresponden con lo marginal<\/strong>: presos, militares y prostitutas. Sin embargo, como sostiene Foucault, donde hay poder hay contrapoder y, como apunta el ensayista, \u00abtanto el lumpen como otros sectores de la sociedad le dan la vuelta y hacen del estigma una forma de orgullo\u00bb.<\/p>\n\n\n\n<figure class=\"wp-block-image\"><img decoding=\"async\" src=\"https:\/\/s1.elespanol.com\/2023\/11\/05\/el-cultural\/letras\/807429397_237350127_320x180.jpg\" alt=\"Portada del c\u00f3mic 'Popeye'. A la derecha, Guy Pearce en 'Memento'\"\/><\/figure>\n\n\n\n<p><a href=\"https:\/\/www.elespanol.com\/el-cultural\/letras\/20231106\/tatuaje-simbologia-cultura-popeye-memento-conchita-piquer-the-who\/806919730_0.html?utm_cmp_rs=relatednewsinline\">El tatuaje y su simbolog\u00eda en la cultura: de Popeye a &#8216;Memento&#8217;, de Conchita Piquer a The Who<\/a><\/p>\n\n\n\n<h3 class=\"wp-block-heading\">El tatuaje hoy: del lumpen a la aceptaci\u00f3n general<\/h3>\n\n\n\n<p id=\"paragraph_11\">Tanto la exposici\u00f3n de Marsella como el libro de Pablo Cerezo trazan tambi\u00e9n el presente de este arte que ha encontrado su esplendor en los \u00faltimos a\u00f1os. \u00abDesde los a\u00f1os 70 la econom\u00eda permea todos los aspectos de la vida, tenemos que trabajar como si fu\u00e9ramos un producto que tiene que venderse. Vivimos el&nbsp;<em>new age<\/em>&nbsp;y la individualizaci\u00f3n de algunos problemas y ah\u00ed entra&nbsp;<strong>el tatuaje como veh\u00edculo para diferenciarnos, para ser seres exclusivos<\/strong>\u00ab, sostiene su autor.<\/p>\n\n\n\n<p id=\"paragraph_12\">A partir de los a\u00f1os 90, los cambios en la sociedad, en la relaci\u00f3n con el trabajo y la identidad tienen tambi\u00e9n su impacto. \u00abNadal Suau habla de&nbsp;<a href=\"https:\/\/www.elespanol.com\/el-cultural\/escenarios\/musica\/20230123\/janis-joplin-anos-perla-blues\/733676739_0.html?utm_cmp_rs=linksinline\">Janis Joplin<\/a>, es en esa \u00e9poca cuando m\u00e1s se evidencia\u00bb, asegura Cerezo, que tambi\u00e9n habla del futbolista David Beckham como figura que inserta el tatuaje en la esfera del&nbsp;<em>mainstream<\/em>. Si bien hasta entonces el tatuaje se asociaba al lumpen, hoy se ha convertido en algo habitual:&nbsp;<strong>\u00abHace 20 a\u00f1os era raro ver a alguien tatuado, ahora es dif\u00edcil no verlos\u00bb<\/strong>.<\/p>\n\n\n\n<p id=\"paragraph_13\">En&nbsp;<em>Curar la piel<\/em>&nbsp;Suau refleja algo similar: \u00ab<strong>Hubo un tiempo en que hacerlo significaba algo concreto y universal<\/strong>, tal y como refleja la cultura popular: peligro, exceso, libertad o pertenencia lim\u00edtrofe, una militancia que part\u00eda en dos mitades al entorno, la mayor\u00eda escandalizada y la minor\u00eda c\u00f3mplice\u00bb. Desde que se saca del \u00e1mbito de lo marginal, \u00abque no deja de ser un proceso de apropiaci\u00f3n o expropiaci\u00f3n cultural, se empieza a utilizar por gente que no viene de esos mundos donde circulaba\u00bb, a\u00f1ade Suau. Ahora, sin ese componente de peligrosidad.<\/p>\n\n\n\n<p><img decoding=\"async\" alt=\"'Le Tatouage du matelot', de Constantin Jean Marie Pr\u00e9vost. Foto: Mairie de Toulouse, Mus\u00e9e des Augustins\" height=\"2439\" width=\"1706\" src=\"https:\/\/s1.elespanol.com\/2025\/05\/21\/actualidad\/1003743767347_255762046_1706x2439.jpg\"><\/p>\n\n\n\n<p>&#8216;Le Tatouage du matelot&#8217;, de Constantin Jean Marie Pr\u00e9vost. Foto: Mairie de Toulouse, Mus\u00e9e des Augustins<\/p>\n\n\n\n<p id=\"paragraph_14\">En la actualidad,<strong>&nbsp;la tinta se ha convertido en un veh\u00edculo de expresi\u00f3n<\/strong>. \u00abLos tatuajes cambian y tambi\u00e9n la manera de hacerlos.&nbsp;<strong>En un momento dado las clases medias se apropian de ello<\/strong>&nbsp;pero ya no se tat\u00faan &#8216;amor de madre&#8217; en el brazo\u00bb, ampl\u00eda Cerezo. Se ha pasado del tribal y el&nbsp;<em>old school<\/em>&nbsp;a lo minimalista, la l\u00ednea fina y el microtatuaje. Todas estas t\u00e9cnicas han diversificado los p\u00fablicos y \u00ablo interesante es que tiene que ver con los cambios sociol\u00f3gicos y de identidad, la subcultura del tatuaje define sus estilos\u00bb. La industria del tatuaje es diversa y los significados los aporta el tatuado, \u00abya no hay un lenguaje compartido, sino una l\u00f3gica de la personalizaci\u00f3n\u00bb, defiende este \u00faltimo.<\/p>\n\n\n\n<p id=\"paragraph_15\">En este sentido, Suau admite que un tatuaje puede surgir de un intento de \u00abretener en tu piel un estado de \u00e1nimo,&nbsp;<strong>un momento de tu vida mediante un c\u00f3digo que se traduce en un motivo visual<\/strong>. Este busca explicar lo que ocurri\u00f3, o no busca explicar nada, aunque inevitablemente tiene algo de interpretaci\u00f3n\u00bb, arguye.<\/p>\n\n\n\n<p><a href=\"https:\/\/www.elespanol.com\/el-cultural\/arte\/20211203\/historia-tatuaje-piel-museo\/631938307_0.html?utm_cmp_rs=relatednewsinline\">La historia del tatuaje, de la piel al museo<\/a><\/p>\n\n\n\n<p id=\"paragraph_16\">Si bien hace unos a\u00f1os los cuerpos tatuados eran la excepci\u00f3n y generaban rechazo incluso inseguridad,&nbsp;<strong>hoy la tinta est\u00e1 aceptada<\/strong>. \u00abEl debate generacional con los padres se sigue dando y aunque tatuarse ya no es algo subversivo, hay cierto matiz heredado del cristianismo, de esa idea del cuerpo como templo que tenemos que cuidar y que sigue afincado en nosotros\u00bb, recuerda Cerezo.<\/p>\n\n\n\n<p id=\"paragraph_17\">Como en todas las manifestaciones culturales y art\u00edsticas,&nbsp;<strong>el paso del tiempo ha situado este arte en otro estadio<\/strong>&nbsp;y, como escribe Suau, \u00abel tatuaje se generaliz\u00f3, se multiplic\u00f3 y se diversific\u00f3 en docenas de estilos, un proceso de apenas medio siglo que ha debilitado su condici\u00f3n disruptiva y la polarizaci\u00f3n del impacto que causa en la sociedad\u00bb.<\/p>\n\n\n\n<p><img loading=\"lazy\" decoding=\"async\" alt=\"Una fotograf\u00eda de Lazhar Mansouri disponible en la exposici\u00f3n marsellesa. Foto: Lazhar Mansouri, cortes\u00eda de Westwood Gallery NYC\" height=\"2892\" width=\"1706\" src=\"https:\/\/s1.elespanol.com\/2025\/05\/21\/actualidad\/1003743767373_255762493_1706x2892.jpg\"><\/p>\n\n\n\n<p>Una fotograf\u00eda de Lazhar Mansouri disponible en la exposici\u00f3n marsellesa. Foto: Lazhar Mansouri, cortes\u00eda de Westwood Gallery NYC<\/p>\n\n\n\n<p id=\"paragraph_18\">No obstante, actualmente la \u00faltima barrera del estigma se encuentra en el rostro. \u00abEs una declaraci\u00f3n de intenciones. La gente que se tat\u00faa la cara trata de mostrar que no tiene que volver a pasar por una entrevista de trabajo.&nbsp;<strong>La cara es ahora lo que antes eran los tatuajes en general<\/strong>\u00ab, explica Cerezo. Y Suau corrobora esa idea: \u00abla cara tiene un componente de identidad muy fuerte y puede suponer un problema para gente de clase media. En el barrio, el tatuaje, como las u\u00f1as largas, puede significar que no se plantean trabajar en un supermercado, o que son cantantes urbanos. Otro lugar en el que no representa un problema es en las altas esferas: un dise\u00f1ador gr\u00e1fico, un empresario moderno, personas con trabajos creativos bien remunerados que pueden permit\u00edrselo\u00bb.<\/p>\n\n\n\n<h3 class=\"wp-block-heading\">El tatuaje: un pacto con el tiempo y un ritual de sanaci\u00f3n<\/h3>\n\n\n\n<p id=\"paragraph_19\">Frente a la mirada hist\u00f3rica y sociol\u00f3gica del ensayo de Pablo Cerezo, en&nbsp;<em>Curar la piel<\/em>&nbsp;Nadal Suau propone una lectura m\u00e1s \u00edntima y autobiogr\u00e1fica y lo aborda como un espacio emocional, lugar de duelo y memoria. De hecho, al inicio del ensayo asegura que&nbsp;<strong>el tatuaje es una relaci\u00f3n mortal con el tiempo<\/strong>. \u00abCasi todo lo que hacemos los seres humanos, y todo lo art\u00edstico, se resume en que somos mortales y, conscientes de serlo, escribimos, pintamos e incluso organizamos revoluciones\u00bb.<\/p>\n\n\n\n<p id=\"paragraph_20\">En el \u00e1mbito del tatuaje, sigue existiendo cierto poso tradicional, el de rito de paso: la llegada a una determinada edad, dejar constancia de haber cumplido una aventura o un reto y, \u00ab<strong>lo m\u00e1s contrario al esp\u00edritu de nuestro tiempo es la perdurabilidad<\/strong>\u00ab, incide el ensayista y cr\u00edtico literario, porque el tatuaje est\u00e1 llamado a perdurar toda tu vida en una cultura atravesada por todo lo contrario, con v\u00ednculos afectivos que tienden a no ser para siempre\u00bb. En este sentido, el tatuaje \u00abes un empe\u00f1o en decir que hay cosas para siempre y este inter\u00e9s es una especie de hast\u00edo en torno a la idea de que todo tiene fecha de caducidad\u00bb.<\/p>\n\n\n\n<figure class=\"wp-block-image size-large\"><img loading=\"lazy\" decoding=\"async\" width=\"1024\" height=\"576\" src=\"https:\/\/losperiodistas.com.mx\/portal\/wp-content\/uploads\/2025\/05\/1003743767395_255762990_1706x960-1024x576.webp\" alt=\"\" class=\"wp-image-99916\" srcset=\"https:\/\/losperiodistas.com.mx\/portal\/wp-content\/uploads\/2025\/05\/1003743767395_255762990_1706x960-1024x576.webp 1024w, https:\/\/losperiodistas.com.mx\/portal\/wp-content\/uploads\/2025\/05\/1003743767395_255762990_1706x960-300x169.webp 300w, https:\/\/losperiodistas.com.mx\/portal\/wp-content\/uploads\/2025\/05\/1003743767395_255762990_1706x960-768x432.webp 768w, https:\/\/losperiodistas.com.mx\/portal\/wp-content\/uploads\/2025\/05\/1003743767395_255762990_1706x960-1536x864.webp 1536w, https:\/\/losperiodistas.com.mx\/portal\/wp-content\/uploads\/2025\/05\/1003743767395_255762990_1706x960.webp 1706w\" sizes=\"(max-width: 1024px) 100vw, 1024px\" \/><\/figure>\n\n\n\n<p>&#8216;Harem Revisited #32&#8217;, de Lalla Essaydi. Foto: Lalla Essaydi \/ Edwynn Houk Gallery<\/p>\n\n\n\n<p id=\"paragraph_21\">En el caso personal de Nadal Suau, el escritor refleja c\u00f3mo muchas de sus piezas han nacido de momentos de dolor o de transformaci\u00f3n convirtiendo al tatuaje en una v\u00eda de sanaci\u00f3n espiritual. \u00abEn momentos de p\u00e9rdida o transformaci\u00f3n, son una herramienta de acompa\u00f1amiento. Cuando perdemos a un ser querido siempre se dice que lo vamos a recordar siempre. En este aspecto&nbsp;<strong>el tatuaje es una manera de rubricarlo, un compromiso con la memoria, la biograf\u00eda y la comunidad<\/strong>\u00ab, explica.<\/p>\n\n\n\n<p id=\"paragraph_22\">Aunque ya no tiene por qu\u00e9 significar la pertenencia a una comunidad, para \u00e9l \u00ab<strong>es un elemento con potencial de crear comunidad<\/strong>, de contribuir a establecer v\u00ednculos y, adem\u00e1s, se relaciona con la existencia del otro, que lo mira e intenta descifrar\u00bb. Este inter\u00e9s por descifrar estos nuevos c\u00f3digos culturales han llevado al tatuaje al mundo literario, donde vemos una gran proliferaci\u00f3n de t\u00edtulos como los de Pablo Cerezo y Nadal Suau, pero tambi\u00e9n otros como&nbsp;<em>Filosof\u00eda del tatuaje<\/em>&nbsp;(Altamarea), de Federico Vercellone, o t\u00edtulos m\u00e1s art\u00edsticos como&nbsp;<em>Tatuaje<\/em>.&nbsp;<em>Una nueva generaci\u00f3n de artistas<\/em>&nbsp;(Phaidon). Por supuesto, tambi\u00e9n ha sido motivo de exposiciones como la de Marsella o&nbsp;<em>Tattoo. Arte bajo la piel<\/em>, que pudo ver en CaixaForum.<\/p>\n\n\n\n<figure class=\"wp-block-image\"><img decoding=\"async\" src=\"https:\/\/s1.elespanol.com\/2015\/03\/25\/el-cultural\/el_cultural_20759395_220857483_320x180.jpg\" alt=\"Imagen | Pura ficci\u00f3n tatuada en papel\"\/><\/figure>\n\n\n\n<p><a href=\"https:\/\/www.elespanol.com\/el-cultural\/letras\/20211117\/pura-ficcion-tatuada-papel\/627938438_0.html?utm_cmp_rs=relatednewsinline\">Pura ficci\u00f3n tatuada en papel<\/a><\/p>\n\n\n\n<p id=\"paragraph_23\">\u00abEl tatuaje estaba de moda hace 10 o 15 a\u00f1os, en su pico m\u00e1s alto los museos no sienten inter\u00e9s por ello, ocurre cuando ya es irrebatible. No creo que el tatuaje se vaya a volver minoritario o marginal en un futuro pr\u00f3ximo pero&nbsp;<strong>puede que haya un baj\u00f3n de la ola<\/strong>\u00ab, intuye Suau.<\/p>\n\n\n\n<p id=\"paragraph_24\">Para Ismael, Queequeg era una antolog\u00eda griega,&nbsp;<strong>hoy nos fijamos en los cuerpos y los tratamos de leer como si fueran libros<\/strong>. De castigo a curaci\u00f3n, de estigma a manifestaci\u00f3n art\u00edstica. En un mundo atravesado por la fugacidad, tatuarse es apostar por algo que permanece.<\/p>\n\n\n\n<p>Fuente: <a href=\"https:\/\/www.elespanol.com\/el-cultural\/arte\/20250521\/historia-tatuaje-lumpen-marginalidad-museos\/1003743766487_0.html\">https:\/\/www.elespanol.com\/el-cultural\/arte\/20250521\/historia-tatuaje-lumpen-marginalidad-museos\/1003743766487_0.html<\/a><\/p>\n","protected":false},"excerpt":{"rendered":"<p>El tatuaje y su consideraci\u00f3n social ha variado a lo largo de los siglos. La exposici\u00f3n &#8216;Tattoos. Histories of the [&hellip;]<\/p>\n","protected":false},"author":1,"featured_media":99914,"comment_status":"open","ping_status":"open","sticky":false,"template":"","format":"standard","meta":{"site-sidebar-layout":"default","site-content-layout":"","ast-site-content-layout":"default","site-content-style":"default","site-sidebar-style":"default","ast-global-header-display":"","ast-banner-title-visibility":"","ast-main-header-display":"","ast-hfb-above-header-display":"","ast-hfb-below-header-display":"","ast-hfb-mobile-header-display":"","site-post-title":"","ast-breadcrumbs-content":"","ast-featured-img":"","footer-sml-layout":"","theme-transparent-header-meta":"","adv-header-id-meta":"","stick-header-meta":"","header-above-stick-meta":"","header-main-stick-meta":"","header-below-stick-meta":"","astra-migrate-meta-layouts":"default","ast-page-background-enabled":"default","ast-page-background-meta":{"desktop":{"background-color":"var(--ast-global-color-4)","background-image":"","background-repeat":"repeat","background-position":"center center","background-size":"auto","background-attachment":"scroll","background-type":"","background-media":"","overlay-type":"","overlay-color":"","overlay-opacity":"","overlay-gradient":""},"tablet":{"background-color":"","background-image":"","background-repeat":"repeat","background-position":"center center","background-size":"auto","background-attachment":"scroll","background-type":"","background-media":"","overlay-type":"","overlay-color":"","overlay-opacity":"","overlay-gradient":""},"mobile":{"background-color":"","background-image":"","background-repeat":"repeat","background-position":"center center","background-size":"auto","background-attachment":"scroll","background-type":"","background-media":"","overlay-type":"","overlay-color":"","overlay-opacity":"","overlay-gradient":""}},"ast-content-background-meta":{"desktop":{"background-color":"var(--ast-global-color-5)","background-image":"","background-repeat":"repeat","background-position":"center center","background-size":"auto","background-attachment":"scroll","background-type":"","background-media":"","overlay-type":"","overlay-color":"","overlay-opacity":"","overlay-gradient":""},"tablet":{"background-color":"var(--ast-global-color-5)","background-image":"","background-repeat":"repeat","background-position":"center center","background-size":"auto","background-attachment":"scroll","background-type":"","background-media":"","overlay-type":"","overlay-color":"","overlay-opacity":"","overlay-gradient":""},"mobile":{"background-color":"var(--ast-global-color-5)","background-image":"","background-repeat":"repeat","background-position":"center center","background-size":"auto","background-attachment":"scroll","background-type":"","background-media":"","overlay-type":"","overlay-color":"","overlay-opacity":"","overlay-gradient":""}},"footnotes":""},"categories":[8],"tags":[38639,38638,38635,38637,38636],"class_list":["post-99913","post","type-post","status-publish","format-standard","has-post-thumbnail","hentry","category-noticias","tag-curar-la-piel","tag-el-cuerpo-anunciado","tag-historia-del-tatuaje","tag-histories-of-the-mediterranean","tag-tattoos"],"_links":{"self":[{"href":"https:\/\/losperiodistas.com.mx\/portal\/wp-json\/wp\/v2\/posts\/99913","targetHints":{"allow":["GET"]}}],"collection":[{"href":"https:\/\/losperiodistas.com.mx\/portal\/wp-json\/wp\/v2\/posts"}],"about":[{"href":"https:\/\/losperiodistas.com.mx\/portal\/wp-json\/wp\/v2\/types\/post"}],"author":[{"embeddable":true,"href":"https:\/\/losperiodistas.com.mx\/portal\/wp-json\/wp\/v2\/users\/1"}],"replies":[{"embeddable":true,"href":"https:\/\/losperiodistas.com.mx\/portal\/wp-json\/wp\/v2\/comments?post=99913"}],"version-history":[{"count":1,"href":"https:\/\/losperiodistas.com.mx\/portal\/wp-json\/wp\/v2\/posts\/99913\/revisions"}],"predecessor-version":[{"id":99917,"href":"https:\/\/losperiodistas.com.mx\/portal\/wp-json\/wp\/v2\/posts\/99913\/revisions\/99917"}],"wp:featuredmedia":[{"embeddable":true,"href":"https:\/\/losperiodistas.com.mx\/portal\/wp-json\/wp\/v2\/media\/99914"}],"wp:attachment":[{"href":"https:\/\/losperiodistas.com.mx\/portal\/wp-json\/wp\/v2\/media?parent=99913"}],"wp:term":[{"taxonomy":"category","embeddable":true,"href":"https:\/\/losperiodistas.com.mx\/portal\/wp-json\/wp\/v2\/categories?post=99913"},{"taxonomy":"post_tag","embeddable":true,"href":"https:\/\/losperiodistas.com.mx\/portal\/wp-json\/wp\/v2\/tags?post=99913"}],"curies":[{"name":"wp","href":"https:\/\/api.w.org\/{rel}","templated":true}]}}