{"id":99910,"date":"2025-05-22T04:03:18","date_gmt":"2025-05-22T10:03:18","guid":{"rendered":"https:\/\/losperiodistas.com.mx\/portal\/?p=99910"},"modified":"2025-05-22T04:03:19","modified_gmt":"2025-05-22T10:03:19","slug":"republicanos-se-ponen-piadosos-recortan-impuesto-a-remesas-al-3-5-el-financiero","status":"publish","type":"post","link":"https:\/\/losperiodistas.com.mx\/portal\/republicanos-se-ponen-piadosos-recortan-impuesto-a-remesas-al-3-5-el-financiero\/","title":{"rendered":"Republicanos se ponen \u2018piadosos\u2019: Recortan impuesto a remesas al 3.5% | El Financiero"},"content":{"rendered":"\n<h2 class=\"wp-block-heading\">Despu\u00e9s de casi un d\u00eda completo de debate en comisiones, la C\u00e1mara de Representantes abord\u00f3 el tema del impuesto a las remesas, juntos con toda la iniciativa fiscal de Donald Trump.<\/h2>\n\n\n\n<figure class=\"wp-block-image size-large\"><img fetchpriority=\"high\" decoding=\"async\" width=\"1024\" height=\"576\" src=\"https:\/\/losperiodistas.com.mx\/portal\/wp-content\/uploads\/2025\/05\/WWMEEHBSBFDIVLQ72GCVBA6MJA-1024x576.jpeg\" alt=\"\" class=\"wp-image-99911\" srcset=\"https:\/\/losperiodistas.com.mx\/portal\/wp-content\/uploads\/2025\/05\/WWMEEHBSBFDIVLQ72GCVBA6MJA-1024x576.jpeg 1024w, https:\/\/losperiodistas.com.mx\/portal\/wp-content\/uploads\/2025\/05\/WWMEEHBSBFDIVLQ72GCVBA6MJA-300x169.jpeg 300w, https:\/\/losperiodistas.com.mx\/portal\/wp-content\/uploads\/2025\/05\/WWMEEHBSBFDIVLQ72GCVBA6MJA-768x432.jpeg 768w, https:\/\/losperiodistas.com.mx\/portal\/wp-content\/uploads\/2025\/05\/WWMEEHBSBFDIVLQ72GCVBA6MJA.jpeg 1200w\" sizes=\"(max-width: 1024px) 100vw, 1024px\" \/><figcaption class=\"wp-element-caption\">La C\u00e1mara de Representantes baj\u00f3 la propuesta de impuestos a remesas del 5 al 3.5 por ciento.\u00a0(Shutterstock)<\/figcaption><\/figure>\n\n\n\n<p class=\"has-vivid-red-color has-text-color has-link-color has-medium-font-size wp-elements-813c677399df38526fbc2862a37d28f7\"><strong>Por\u00a0Jos\u00e9 L\u00f3pez Zamorano \/ El Financiero<\/strong><\/p>\n\n\n\n<p><a href=\"https:\/\/www.elfinanciero.com.mx\/opinion\/victor-piz\/2025\/05\/16\/las-benditas-remesas-para-casi-10-millones\/\">Una reducci\u00f3n de los impuestos en las remesas se aproxima<\/a>. Esto, luego de que el dictamen final de la&nbsp;<a href=\"https:\/\/www.elfinanciero.com.mx\/mundo\/2025\/05\/18\/destraban-plan-fiscal-de-trump-que-incluye-impuestos-a-remesas\/\">iniciativa fiscal del presidente Donald Trump<\/a>, la principal prioridad de su agenda legislativa este a\u00f1o, pas\u00f3 a voto final al pleno de la C\u00e1mara de Representantes, al cabo de casi 22 horas de debate en comisiones del Congreso, con diversas modificaciones.<\/p>\n\n\n\n<p>Luego de una acalorada discusi\u00f3n entre los legisladores republicanos y dem\u00f3cratas en el&nbsp;<strong>Comit\u00e9 de Reglas de la C\u00e1mara baja,<\/strong>&nbsp;el dictamen final de 42 p\u00e1ginas, aprobado con tan solo los votos de los conservadores, incluy\u00f3 un ajuste para bajar de 5 por ciento a 3.5 por ciento el impuesto que se cobrar\u00e1 a los residentes extranjeros que env\u00eden remesas a sus pa\u00edses de origen.<\/p>\n\n\n\n<p><a href=\"https:\/\/www.elfinanciero.com.mx\/mundo\/2025\/05\/16\/republicanos-dan-respiro-a-mexico-bloquean-en-el-congreso-plan-de-trump-sobre-impuesto-a-remesas\/\">El gravamen de las remesas hab\u00eda sido rechazado<\/a>&nbsp;de manera categ\u00f3rica tanto por el Gobierno de M\u00e9xico, como por 24 miembros de la bancada hispana del Congreso. Sin embargo, se mantuvo el mismo presupuesto de casi 150,000 millones para seguridad en la frontera con M\u00e9xico y la construcci\u00f3n del muro.<\/p>\n\n\n\n<p>El dictamen final incluy\u00f3, as\u00ed mismo, recortes en programas sociales como Medicaid, que entrar\u00e1n en vigor en 2026, tres a\u00f1os antes de lo previsto, como lo demand\u00f3 el ala m\u00e1s dura de los republicanos, con los que el presidente Donald Trump se reuni\u00f3 la tarde de este mi\u00e9rcoles 21 de mayo en la Casa Blanca. Del mismo modo,&nbsp;<strong>se cuadruplicaron a 40,000 d\u00f3lares las deducciones de impuestos estatales y locales<\/strong>&nbsp;a personas en estados dem\u00f3cratas.<\/p>\n\n\n\n<p>\u2018Hay que abatirlos\u2019: Alcalde de Uruapan pide a polic\u00edas usar la fuerza letal contra delincuentes<\/p>\n\n\n\n<p>Se espera que la iniciativa sea aprobada en las primeras horas de este jueves 22 de mayo para ser enviada de inmediato al Senado para su voto final, donde podr\u00eda enfrentar resistencia de un grupo de los llamados \u2018halcones fiscales\u2019 que desean menores gastos en seguridad fronteriza y otros temas.<\/p>\n\n\n\n<p>Fuente: <a href=\"https:\/\/www.elfinanciero.com.mx\/mundo\/2025\/05\/21\/recortan-republicanos-impuesto-a-remesas-al-35\/\">https:\/\/www.elfinanciero.com.mx\/mundo\/2025\/05\/21\/recortan-republicanos-impuesto-a-remesas-al-35\/<\/a><\/p>\n\n\n\n<p><\/p>\n","protected":false},"excerpt":{"rendered":"<p>Despu\u00e9s de casi un d\u00eda completo de debate en comisiones, la C\u00e1mara de Representantes abord\u00f3 el tema del impuesto a [&hellip;]<\/p>\n","protected":false},"author":1,"featured_media":99911,"comment_status":"open","ping_status":"open","sticky":false,"template":"","format":"standard","meta":{"site-sidebar-layout":"default","site-content-layout":"","ast-site-content-layout":"default","site-content-style":"default","site-sidebar-style":"default","ast-global-header-display":"","ast-banner-title-visibility":"","ast-main-header-display":"","ast-hfb-above-header-display":"","ast-hfb-below-header-display":"","ast-hfb-mobile-header-display":"","site-post-title":"","ast-breadcrumbs-content":"","ast-featured-img":"","footer-sml-layout":"","theme-transparent-header-meta":"","adv-header-id-meta":"","stick-header-meta":"","header-above-stick-meta":"","header-main-stick-meta":"","header-below-stick-meta":"","astra-migrate-meta-layouts":"default","ast-page-background-enabled":"default","ast-page-background-meta":{"desktop":{"background-color":"var(--ast-global-color-4)","background-image":"","background-repeat":"repeat","background-position":"center center","background-size":"auto","background-attachment":"scroll","background-type":"","background-media":"","overlay-type":"","overlay-color":"","overlay-opacity":"","overlay-gradient":""},"tablet":{"background-color":"","background-image":"","background-repeat":"repeat","background-position":"center center","background-size":"auto","background-attachment":"scroll","background-type":"","background-media":"","overlay-type":"","overlay-color":"","overlay-opacity":"","overlay-gradient":""},"mobile":{"background-color":"","background-image":"","background-repeat":"repeat","background-position":"center center","background-size":"auto","background-attachment":"scroll","background-type":"","background-media":"","overlay-type":"","overlay-color":"","overlay-opacity":"","overlay-gradient":""}},"ast-content-background-meta":{"desktop":{"background-color":"var(--ast-global-color-5)","background-image":"","background-repeat":"repeat","background-position":"center center","background-size":"auto","background-attachment":"scroll","background-type":"","background-media":"","overlay-type":"","overlay-color":"","overlay-opacity":"","overlay-gradient":""},"tablet":{"background-color":"var(--ast-global-color-5)","background-image":"","background-repeat":"repeat","background-position":"center center","background-size":"auto","background-attachment":"scroll","background-type":"","background-media":"","overlay-type":"","overlay-color":"","overlay-opacity":"","overlay-gradient":""},"mobile":{"background-color":"var(--ast-global-color-5)","background-image":"","background-repeat":"repeat","background-position":"center center","background-size":"auto","background-attachment":"scroll","background-type":"","background-media":"","overlay-type":"","overlay-color":"","overlay-opacity":"","overlay-gradient":""}},"footnotes":""},"categories":[8],"tags":[38633,38634,38632],"class_list":["post-99910","post","type-post","status-publish","format-standard","has-post-thumbnail","hentry","category-noticias","tag-camara-de-representantes","tag-impuesto-a-remesas-3-5","tag-impuesto-remesas-ee-uu"],"_links":{"self":[{"href":"https:\/\/losperiodistas.com.mx\/portal\/wp-json\/wp\/v2\/posts\/99910","targetHints":{"allow":["GET"]}}],"collection":[{"href":"https:\/\/losperiodistas.com.mx\/portal\/wp-json\/wp\/v2\/posts"}],"about":[{"href":"https:\/\/losperiodistas.com.mx\/portal\/wp-json\/wp\/v2\/types\/post"}],"author":[{"embeddable":true,"href":"https:\/\/losperiodistas.com.mx\/portal\/wp-json\/wp\/v2\/users\/1"}],"replies":[{"embeddable":true,"href":"https:\/\/losperiodistas.com.mx\/portal\/wp-json\/wp\/v2\/comments?post=99910"}],"version-history":[{"count":1,"href":"https:\/\/losperiodistas.com.mx\/portal\/wp-json\/wp\/v2\/posts\/99910\/revisions"}],"predecessor-version":[{"id":99912,"href":"https:\/\/losperiodistas.com.mx\/portal\/wp-json\/wp\/v2\/posts\/99910\/revisions\/99912"}],"wp:featuredmedia":[{"embeddable":true,"href":"https:\/\/losperiodistas.com.mx\/portal\/wp-json\/wp\/v2\/media\/99911"}],"wp:attachment":[{"href":"https:\/\/losperiodistas.com.mx\/portal\/wp-json\/wp\/v2\/media?parent=99910"}],"wp:term":[{"taxonomy":"category","embeddable":true,"href":"https:\/\/losperiodistas.com.mx\/portal\/wp-json\/wp\/v2\/categories?post=99910"},{"taxonomy":"post_tag","embeddable":true,"href":"https:\/\/losperiodistas.com.mx\/portal\/wp-json\/wp\/v2\/tags?post=99910"}],"curies":[{"name":"wp","href":"https:\/\/api.w.org\/{rel}","templated":true}]}}