{"id":99907,"date":"2025-05-22T03:56:37","date_gmt":"2025-05-22T09:56:37","guid":{"rendered":"https:\/\/losperiodistas.com.mx\/portal\/?p=99907"},"modified":"2025-05-22T03:56:39","modified_gmt":"2025-05-22T09:56:39","slug":"basta-ya-dejen-de-matar-dejen-a-la-poblacion-en-paz-mons-francisco-acero-religion-digital","status":"publish","type":"post","link":"https:\/\/losperiodistas.com.mx\/portal\/basta-ya-dejen-de-matar-dejen-a-la-poblacion-en-paz-mons-francisco-acero-religion-digital\/","title":{"rendered":"\u00abBasta ya. Dejen de matar, dejen a la poblaci\u00f3n en paz\u00bb: Mons. Francisco Acero | Religi\u00f3n Digital"},"content":{"rendered":"\n<h2 class=\"wp-block-heading\">Despu\u00e9s de que el martes 20 de mayo, se registr\u00f3 el asesinato a sangre fr\u00eda de dos integrantes del equipo de la Jefa de Gobierno de la Ciudad de M\u00e9xico, Clara Brugada; Ximena Guzm\u00e1n, su secretaria particular, y Jos\u00e9 Mu\u00f1oz, su asesor, a plena luz del d\u00eda y en una de las avenidas m\u00e1s transitadas de la capital mexicano<\/h2>\n\n\n\n<h2 class=\"wp-block-heading\">La Arquidi\u00f3cesis Primada de M\u00e9xico, que dirige el Cardenal Carlos Aguiar Retes, reitero su posici\u00f3n de apertura, trabajo y compromiso para reconstruir el tejido social y seguir realizando acciones para construir la paz que tanto se necesita en todo el pa\u00eds.&nbsp;<\/h2>\n\n\n\n<figure class=\"wp-block-image\"><img decoding=\"async\" src=\"https:\/\/www.religiondigital.org\/2025\/05\/22\/america\/Basta-Dejen-Mons-Francisco-Acero_2781631810_17742460_660x371.jpg\" alt=\"&quot;Basta ya. Dejen de matar, dejen a la poblaci\u00f3n en paz&quot;: Mons. Francisco Acero\"\/><figcaption class=\"wp-element-caption\">\u00abBasta ya. Dejen de matar, dejen a la poblaci\u00f3n en paz\u00bb: Mons. Francisco Acero<\/figcaption><\/figure>\n\n\n\n<p class=\"has-vivid-red-color has-text-color has-link-color has-medium-font-size wp-elements-aea3bbc49d69f7a55c0fdde7c72941fc\"><strong><a href=\"https:\/\/www.religiondigital.org\/jimena_hernandez_-mexico\/\">Jimena Hern\u00e1ndez corresponsal en M\u00e9xico<\/a> \/ Religi\u00f3n Digital <\/strong><\/p>\n\n\n\n<p>En conferencia de prensa, la Iglesia cat\u00f3lica en la Ciudad de M\u00e9xico, a trav\u00e9s de sus autoridades pastorales y en comuni\u00f3n con diversos actores sociales, hizo un llamado urgente a toda la sociedad a trabajar unidos por la paz, en medio de un contexto con hechos violentos y la fragmentaci\u00f3n del tejido social.<\/p>\n\n\n\n<p>Monse\u00f1or Francisco Javier Acero P\u00e9rez, obispo auxiliar de la Arquidi\u00f3cesis Primada de M\u00e9xico, reafirm\u00f3 el compromiso de la Iglesia con la construcci\u00f3n de la paz como eje central de su misi\u00f3n pastoral.&nbsp;<\/p>\n\n\n\n<blockquote class=\"wp-block-quote is-layout-flow wp-block-quote-is-layout-flow\">\n<p class=\"has-luminous-vivid-amber-background-color has-background has-medium-font-size\">\u201cLa violencia no se combate con m\u00e1s violencia, sino con comunidad, cercan\u00eda, escucha y acciones concretas desde el coraz\u00f3n del Evangelio\u201d, expres\u00f3.<\/p>\n<\/blockquote>\n\n\n\n<p>Monse\u00f1or Acero, quien acudi\u00f3 en representaci\u00f3n de los obispos de la Provincia de M\u00e9xico \u2013integrada por la Arquidi\u00f3cesis Primada de M\u00e9xico y las di\u00f3cesis de Xochimilco, Iztapalapa y Azcapotzaloco\u2013 record\u00f3 las palabras del Papa Le\u00f3n XIV, quien ha llamado a los cat\u00f3licos a llevar al mundo la paz de Cristo, una paz&nbsp;<em><strong>\u201cdesarmada y desarmante\u201d.<\/strong><\/em>&nbsp;En ese sentido, enfatiz\u00f3:&nbsp;<em><strong>\u201cNo buscamos confrontaci\u00f3n, sino reconciliaci\u00f3n; no queremos promover el miedo, sino la esperanza\u201d.<\/strong><\/em><\/p>\n\n\n\n<figure class=\"wp-block-image\"><img decoding=\"async\" src=\"https:\/\/www.religiondigital.org\/2024\/12\/05\/america\/Monsenor-Francisco-Javier-Acero-Perez_2731236878_17441744_667x375.jpg\" alt=\"Monse\u00f1or Francisco Javier Acero P\u00e9rez\"\/><figcaption class=\"wp-element-caption\">Monse\u00f1or Francisco Javier Acero P\u00e9rez<\/figcaption><\/figure>\n\n\n\n<p>El obispo exhort\u00f3 a las parroquias y comunidades eclesiales a generar espacios de encuentro, escucha, formaci\u00f3n para la no violencia, acompa\u00f1amiento a v\u00edctimas y programas de prevenci\u00f3n.<\/p>\n\n\n\n<blockquote class=\"wp-block-quote is-layout-flow wp-block-quote-is-layout-flow\">\n<p class=\"has-luminous-vivid-amber-background-color has-background has-medium-font-size\">\u201cLa paz no se impone desde arriba: se construye caminando junto al pueblo. Invitamos respetuosamente a nuestras autoridades a escuchar los temores, los duelos, las injusticias, y desde ah\u00ed buscar respuestas humanas y cercanas a las realidades que vive la gente\u201d, afirm\u00f3.<\/p>\n<\/blockquote>\n\n\n\n<p>Monse\u00f1or Acero enfatiz\u00f3 que con el crimen organizado no se puede dialogar, porque cuando hay sangre de por medio no se va a dialogar y lo importante es ser mediadores para que dejen de matar.&nbsp;<\/p>\n\n\n\n<blockquote class=\"wp-block-quote is-layout-flow wp-block-quote-is-layout-flow\">\n<p class=\"has-luminous-vivid-amber-background-color has-background has-medium-font-size\">\u00abPara que dejen de matar, me pondr\u00e9 y nos pondremos los obispos de rodillas. Pero desde aqu\u00ed les decimos \u2018Basta ya. Dejen de matar, dejen a la poblaci\u00f3n en paz\u2019. Nosotros vamos a mediar por el pueblo de Dios, pero no vamos a ceder con el plomo en la mano. Queremos ecos de paz y de amor, no ecos de plomo\u201d.<\/p>\n<\/blockquote>\n\n\n\n<figure class=\"wp-block-image\"><img decoding=\"async\" src=\"https:\/\/www.religiondigital.org\/2024\/01\/19\/america\/Monsenor-Francisco-Javier-Acero_2634946504_16899161_667x375.png\" alt=\"Monse\u00f1or Francisco Javier Acero\"\/><figcaption class=\"wp-element-caption\">Monse\u00f1or Francisco Javier Acero<\/figcaption><\/figure>\n\n\n\n<p>En la conferencia tambi\u00e9n particip\u00f3 el Padre Jorge Atilano Gonz\u00e1lez, Director Ejecutivo del Di\u00e1logo Nacional por la Paz, quien subray\u00f3 que la violencia en el pa\u00eds est\u00e1 directamente relacionada con una disputa por el territorio local, lo que ha colocado en situaci\u00f3n de riesgo a las autoridades municipales.&nbsp;<\/p>\n\n\n\n<blockquote class=\"wp-block-quote is-layout-flow wp-block-quote-is-layout-flow\">\n<p class=\"has-luminous-vivid-amber-background-color has-background has-medium-font-size\">\u201cComo Iglesia asumimos el riesgo de estar cercanos a las comunidades, de acompa\u00f1ar y de trabajar por construir la comunidad, por construir la familia para que tengamos bases que permitan recuperar la paz en el pa\u00eds\u201d, declar\u00f3.<\/p>\n<\/blockquote>\n\n\n\n<p>Por su parte, la Maestra Karen Castillo Mayagoitia, Directora del Instituto Mexicano de Doctrina Social Cristiana (IMDOSOC), destac\u00f3 la relevancia del trabajo conjunto entre diversos sectores sociales.&nbsp;<\/p>\n\n\n\n<blockquote class=\"wp-block-quote is-layout-flow wp-block-quote-is-layout-flow\">\n<p class=\"has-luminous-vivid-amber-background-color has-background has-medium-font-size\">\u201cTodas y todos estamos trabajando por el bien com\u00fan y por cada una de las personas que est\u00e1n siendo o que estamos siendo afectadas por esta situaci\u00f3n. Nos afecta a todos, pero tambi\u00e9n porque a todos nos preocupa y nos ocupa. No hacemos distinci\u00f3n de si son j\u00f3venes de un grupo o de otro, si son personas del gobierno, de la sociedad civil o de colectivos. Nos interesa el bien de cada persona, de cada ciudadano, de cada miembro de esta sociedad\u201d, puntualiz\u00f3.<\/p>\n<\/blockquote>\n\n\n\n<p>Los ponentes hicieron un llamado a la sociedad para conocer y trabajar por las 300 buenas pr\u00e1cticas por la paz que pueden consultarse en la p\u00e1gina del Di\u00e1logo Nacional por la Paz para replicarlas en todo el pa\u00eds.<\/p>\n\n\n\n<p>La Arquidi\u00f3cesis Primada de M\u00e9xico reitera su llamado a los gobiernos, empresarios, organizaciones civiles, medios de comunicaci\u00f3n, comunidades de fe y familias, a unir esfuerzos para que la Ciudad de M\u00e9xico sea un espacio de esperanza, reconciliaci\u00f3n y futuro sin miedo. Como dijo el Papa Le\u00f3n XIV: \u201cEsta es la hora del amor\u201d. Nosotros decimos: \u00a1que en la Ciudad de M\u00e9xico esta sea la hora de la paz!<\/p>\n\n\n\n<p><\/p>\n\n\n\n<figure class=\"wp-block-embed is-type-rich is-provider-twitter wp-block-embed-twitter\"><div class=\"wp-block-embed__wrapper\">\n<blockquote class=\"twitter-tweet\" data-width=\"500\" data-dnt=\"true\"><p lang=\"es\" dir=\"ltr\">La Conferencia del Episcopado Mexicano expresa su profunda consternaci\u00f3n por el asesinato de Ximena Guzm\u00e1n, secretaria particular, y Jos\u00e9 Mu\u00f1oz, asesor, ambos integrantes del equipo de la Jefa de <a href=\"https:\/\/twitter.com\/GobCDMX?ref_src=twsrc%5Etfw\">@GobCDMX<\/a>, <a href=\"https:\/\/twitter.com\/ClaraBrugadaM?ref_src=twsrc%5Etfw\">@ClaraBrugadaM<\/a> <br>Confiamos en que, con la fuerza del Evangelio y la\u2026 <a href=\"https:\/\/t.co\/9X4CiTEhpu\">pic.twitter.com\/9X4CiTEhpu<\/a><\/p>&mdash; CEM (@IglesiaMexico) <a href=\"https:\/\/twitter.com\/IglesiaMexico\/status\/1924891852181803297?ref_src=twsrc%5Etfw\">May 20, 2025<\/a><\/blockquote><script async src=\"https:\/\/platform.twitter.com\/widgets.js\" charset=\"utf-8\"><\/script>\n<\/div><\/figure>\n\n\n\n<p>Fuente: <a href=\"https:\/\/www.religiondigital.org\/america\/Basta-Dejen-Mons-Francisco-Acero_0_2781621811.html\">https:\/\/www.religiondigital.org\/america\/Basta-Dejen-Mons-Francisco-Acero_0_2781621811.html<\/a><\/p>\n","protected":false},"excerpt":{"rendered":"<p>Despu\u00e9s de que el martes 20 de mayo, se registr\u00f3 el asesinato a sangre fr\u00eda de dos integrantes del equipo [&hellip;]<\/p>\n","protected":false},"author":1,"featured_media":99908,"comment_status":"open","ping_status":"open","sticky":false,"template":"","format":"standard","meta":{"site-sidebar-layout":"default","site-content-layout":"","ast-site-content-layout":"default","site-content-style":"default","site-sidebar-style":"default","ast-global-header-display":"","ast-banner-title-visibility":"","ast-main-header-display":"","ast-hfb-above-header-display":"","ast-hfb-below-header-display":"","ast-hfb-mobile-header-display":"","site-post-title":"","ast-breadcrumbs-content":"","ast-featured-img":"","footer-sml-layout":"","theme-transparent-header-meta":"","adv-header-id-meta":"","stick-header-meta":"","header-above-stick-meta":"","header-main-stick-meta":"","header-below-stick-meta":"","astra-migrate-meta-layouts":"default","ast-page-background-enabled":"default","ast-page-background-meta":{"desktop":{"background-color":"var(--ast-global-color-4)","background-image":"","background-repeat":"repeat","background-position":"center center","background-size":"auto","background-attachment":"scroll","background-type":"","background-media":"","overlay-type":"","overlay-color":"","overlay-opacity":"","overlay-gradient":""},"tablet":{"background-color":"","background-image":"","background-repeat":"repeat","background-position":"center center","background-size":"auto","background-attachment":"scroll","background-type":"","background-media":"","overlay-type":"","overlay-color":"","overlay-opacity":"","overlay-gradient":""},"mobile":{"background-color":"","background-image":"","background-repeat":"repeat","background-position":"center center","background-size":"auto","background-attachment":"scroll","background-type":"","background-media":"","overlay-type":"","overlay-color":"","overlay-opacity":"","overlay-gradient":""}},"ast-content-background-meta":{"desktop":{"background-color":"var(--ast-global-color-5)","background-image":"","background-repeat":"repeat","background-position":"center center","background-size":"auto","background-attachment":"scroll","background-type":"","background-media":"","overlay-type":"","overlay-color":"","overlay-opacity":"","overlay-gradient":""},"tablet":{"background-color":"var(--ast-global-color-5)","background-image":"","background-repeat":"repeat","background-position":"center center","background-size":"auto","background-attachment":"scroll","background-type":"","background-media":"","overlay-type":"","overlay-color":"","overlay-opacity":"","overlay-gradient":""},"mobile":{"background-color":"var(--ast-global-color-5)","background-image":"","background-repeat":"repeat","background-position":"center center","background-size":"auto","background-attachment":"scroll","background-type":"","background-media":"","overlay-type":"","overlay-color":"","overlay-opacity":"","overlay-gradient":""}},"footnotes":""},"categories":[8],"tags":[38631,3450,38630],"class_list":["post-99907","post","type-post","status-publish","format-standard","has-post-thumbnail","hentry","category-noticias","tag-dejen-de-matar","tag-episcopado-mexicano","tag-mons-francisco-acero"],"_links":{"self":[{"href":"https:\/\/losperiodistas.com.mx\/portal\/wp-json\/wp\/v2\/posts\/99907","targetHints":{"allow":["GET"]}}],"collection":[{"href":"https:\/\/losperiodistas.com.mx\/portal\/wp-json\/wp\/v2\/posts"}],"about":[{"href":"https:\/\/losperiodistas.com.mx\/portal\/wp-json\/wp\/v2\/types\/post"}],"author":[{"embeddable":true,"href":"https:\/\/losperiodistas.com.mx\/portal\/wp-json\/wp\/v2\/users\/1"}],"replies":[{"embeddable":true,"href":"https:\/\/losperiodistas.com.mx\/portal\/wp-json\/wp\/v2\/comments?post=99907"}],"version-history":[{"count":1,"href":"https:\/\/losperiodistas.com.mx\/portal\/wp-json\/wp\/v2\/posts\/99907\/revisions"}],"predecessor-version":[{"id":99909,"href":"https:\/\/losperiodistas.com.mx\/portal\/wp-json\/wp\/v2\/posts\/99907\/revisions\/99909"}],"wp:featuredmedia":[{"embeddable":true,"href":"https:\/\/losperiodistas.com.mx\/portal\/wp-json\/wp\/v2\/media\/99908"}],"wp:attachment":[{"href":"https:\/\/losperiodistas.com.mx\/portal\/wp-json\/wp\/v2\/media?parent=99907"}],"wp:term":[{"taxonomy":"category","embeddable":true,"href":"https:\/\/losperiodistas.com.mx\/portal\/wp-json\/wp\/v2\/categories?post=99907"},{"taxonomy":"post_tag","embeddable":true,"href":"https:\/\/losperiodistas.com.mx\/portal\/wp-json\/wp\/v2\/tags?post=99907"}],"curies":[{"name":"wp","href":"https:\/\/api.w.org\/{rel}","templated":true}]}}