{"id":99896,"date":"2025-05-22T03:20:19","date_gmt":"2025-05-22T09:20:19","guid":{"rendered":"https:\/\/losperiodistas.com.mx\/portal\/?p=99896"},"modified":"2025-05-22T03:20:21","modified_gmt":"2025-05-22T09:20:21","slug":"un-grupo-de-paises-de-la-ue-piden-medidas-mas-rotundas-contra-israel-el-pais","status":"publish","type":"post","link":"https:\/\/losperiodistas.com.mx\/portal\/un-grupo-de-paises-de-la-ue-piden-medidas-mas-rotundas-contra-israel-el-pais\/","title":{"rendered":"Un grupo de pa\u00edses de la UE piden medidas m\u00e1s rotundas contra Israel | El Pa\u00eds"},"content":{"rendered":"\n<h2 class=\"wp-block-heading\">Espa\u00f1a, Francia y B\u00e9lgica reclaman una mayor contundencia frente a Israel tras aprobarse la revisi\u00f3n del marco que regula la relaci\u00f3n bilateral. Mientras, Alemania defiende mantener el acuerdo de asociaci\u00f3n<\/h2>\n\n\n\n<figure class=\"wp-block-image size-large\"><img fetchpriority=\"high\" decoding=\"async\" width=\"1024\" height=\"683\" src=\"https:\/\/losperiodistas.com.mx\/portal\/wp-content\/uploads\/2025\/05\/BKLLBGRXBRGFDKGSC65GH6LJYM-copia-1024x683.jpg\" alt=\"\" class=\"wp-image-99897\" srcset=\"https:\/\/losperiodistas.com.mx\/portal\/wp-content\/uploads\/2025\/05\/BKLLBGRXBRGFDKGSC65GH6LJYM-copia-1024x683.jpg 1024w, https:\/\/losperiodistas.com.mx\/portal\/wp-content\/uploads\/2025\/05\/BKLLBGRXBRGFDKGSC65GH6LJYM-copia-300x200.jpg 300w, https:\/\/losperiodistas.com.mx\/portal\/wp-content\/uploads\/2025\/05\/BKLLBGRXBRGFDKGSC65GH6LJYM-copia-768x512.jpg 768w, https:\/\/losperiodistas.com.mx\/portal\/wp-content\/uploads\/2025\/05\/BKLLBGRXBRGFDKGSC65GH6LJYM-copia.jpg 1200w\" sizes=\"(max-width: 1024px) 100vw, 1024px\" \/><figcaption class=\"wp-element-caption\">Palestinos huyen tras un ataque israel\u00ed contra un campo de refugiados en Gaza Saeed M. M. T. Jaras (Anadolu\/Getty Images)<\/figcaption><\/figure>\n\n\n\n<p><\/p>\n\n\n\n<p class=\"has-vivid-red-color has-text-color has-link-color has-medium-font-size wp-elements-f07e91228f516ec84cc1e07cad1cc619\"><strong><a href=\"https:\/\/elpais.com\/autor\/silvia-ayuso-determeyer\/#?rel=author_top\">Silvia Ayuso<\/a> \/ El Pa\u00eds<\/strong><\/p>\n\n\n\n<p>Bruselas <\/p>\n\n\n\n<p>Europa se dispone ya a revisar el acuerdo de asociaci\u00f3n que regula la relaci\u00f3n entre Israel y la UE para evaluar si el Gobierno de Benjam\u00edn Netanyahu cumple los est\u00e1ndares de derechos humanos que exige ese marco bilateral. El proceso,&nbsp;<a href=\"https:\/\/elpais.com\/internacional\/2025-05-21\/europa-empieza-a-tomar-medidas-contra-israel-ante-la-inaceptable-situacion-en-gaza.html\">anunciado por la alta representante para la Pol\u00edtica Exterior, Kaja Kallas<\/a>, no deber\u00eda demorarse. Ante la crudeza de los hechos en Gaza, a los que este mi\u00e9rcoles se sum\u00f3 un ins\u00f3lito ataque con disparos de fuerzas israel\u00edes a una delegaci\u00f3n de diplom\u00e1ticos europeos y otros pa\u00edses en Cisjordania, varios pa\u00edses (Francia, Espa\u00f1a y B\u00e9lgica, adem\u00e1s del Reino Unido desde fuera de la UE) piden ir m\u00e1s all\u00e1 en las medidas. Entre ellos no figura Alemania, partidaria incluso de mantener tal como est\u00e1 el acuerdo de asociaci\u00f3n con Israel.<\/p>\n\n\n\n<p>M\u00e1s all\u00e1 de las im\u00e1genes de devastaci\u00f3n y&nbsp;<a href=\"https:\/\/elpais.com\/internacional\/2025-05-20\/gaza-sufre-otra-noche-de-matanzas-mientras-aumentan-las-criticas-a-la-invasion-militar-de-israel.html\">cat\u00e1strofe humanitaria que llegan cada d\u00eda desde la franja de Gaza<\/a>, sobre todo desde que Israel rompi\u00f3 en marzo el alto el fuego y bloque\u00f3 la entrada de ayuda internacional, una buena parte del an\u00e1lisis ya est\u00e1 hecho: poco antes de dejar el cargo, el predecesor de Kallas, el espa\u00f1ol Josep Borrell, present\u00f3 a los Veintisiete un exhaustivo informe en el que documentaba c\u00f3mo Israel no hab\u00eda respondido \u201cde manera suficiente\u201d a las inquietudes europeas sobre \u201cposibles violaciones\u201d del derecho humanitario internacional en Gaza.<\/p>\n\n\n\n<figure class=\"wp-block-image size-large\"><img decoding=\"async\" width=\"1024\" height=\"703\" src=\"https:\/\/losperiodistas.com.mx\/portal\/wp-content\/uploads\/2025\/05\/HVRSA4ZEQVGDBJBXCYTSDKAI2A-1024x703.avif\" alt=\"\" class=\"wp-image-99899\" srcset=\"https:\/\/losperiodistas.com.mx\/portal\/wp-content\/uploads\/2025\/05\/HVRSA4ZEQVGDBJBXCYTSDKAI2A-1024x703.avif 1024w, https:\/\/losperiodistas.com.mx\/portal\/wp-content\/uploads\/2025\/05\/HVRSA4ZEQVGDBJBXCYTSDKAI2A-300x206.avif 300w, https:\/\/losperiodistas.com.mx\/portal\/wp-content\/uploads\/2025\/05\/HVRSA4ZEQVGDBJBXCYTSDKAI2A-768x527.avif 768w, https:\/\/losperiodistas.com.mx\/portal\/wp-content\/uploads\/2025\/05\/HVRSA4ZEQVGDBJBXCYTSDKAI2A-1536x1054.avif 1536w, https:\/\/losperiodistas.com.mx\/portal\/wp-content\/uploads\/2025\/05\/HVRSA4ZEQVGDBJBXCYTSDKAI2A.avif 1960w\" sizes=\"(max-width: 1024px) 100vw, 1024px\" \/><figcaption class=\"wp-element-caption\">Ni\u00f1os y mujeres palestinos lloraban la muerte de un familiar, este mi\u00e9rcoles en el Hospital Nasser de Jan Yunis, en la franja de Gaza.Hatem Khaled (REUTERS)<\/figcaption><\/figure>\n\n\n\n<p>Corr\u00eda noviembre de 2024 y&nbsp;<a href=\"https:\/\/elpais.com\/internacional\/2024-02-14\/espana-e-irlanda-exigen-a-bruselas-medidas-contra-israel-por-las-violaciones-de-derechos-en-gaza.html\">muy pocos en la UE, salvo Espa\u00f1a, Irlanda<\/a>&nbsp;y el propio Borrell, parec\u00edan considerar \u2014o se atrev\u00edan a decirlo en voz alta\u2014 que la actuaci\u00f3n israel\u00ed en la Franja en respuesta al terrible ataque terrorista de Ham\u00e1s el 7 de octubre de 2023 (cuya gravedad ning\u00fan pa\u00eds europeo ha cuestionado nunca) ameritaba revisar el acuerdo que, desde 2000, encuadra las relaciones entre el Estado jud\u00edo y la Uni\u00f3n. Y que constituye una de las pocas palancas de presi\u00f3n que Bruselas tiene ante el Ejecutivo de Netanyahu, ya que la UE es el mayor socio comercial de Israel al suministrar un 32% del total de mercanc\u00edas de Israel con el mundo en 2024, seg\u00fan datos de la Comisi\u00f3n Europea.<\/p>\n\n\n\n<p>Mucho menos se atrev\u00edan los pa\u00edses en ese momento a apoyar un paso tan contundente como el que propuso Borrell:&nbsp;<a href=\"https:\/\/elpais.com\/internacional\/2024-11-13\/borrell-pide-a-los-veintisiete-que-suspendan-el-dialogo-politico-con-israel.html\">suspender el di\u00e1logo pol\u00edtico con Israel<\/a>. La iniciativa fue rechazada de inmediato por pa\u00edses como Austria o Alemania, al\u00e9rgicos, por su pasado nazi, a formular cualquier cr\u00edtica que pueda valerle una acusaci\u00f3n de antisemita. Pero tambi\u00e9n muchos otros Estados manifestaron su temor a forzar una votaci\u00f3n que mostrara la profunda divisi\u00f3n que este conflicto provoca en los Veintisiete, que hasta ahora solo han dado respuestas unificadas bastante t\u00edmidas, pese a que el informe de Borrell ya advert\u00eda en noviembre de que hab\u00eda un \u201criesgo de empeoramiento de la cat\u00e1strofe humanitaria en Gaza\u201d.<\/p>\n\n\n\n<p>Seis meses m\u00e1s tarde, y con esa profec\u00eda m\u00e1s que cumplida, esos pudores parecen diluirse. No solo es que la estonia Kallas \u2014de la que el Gobierno de Netanyahu esperaba que emprendiera una senda diferente a la del inc\u00f3modo Borrell\u2014&nbsp;<a href=\"https:\/\/elpais.com\/internacional\/2025-05-21\/europa-empieza-a-tomar-medidas-contra-israel-ante-la-inaceptable-situacion-en-gaza.html\">se haya abierto a analizar si Israel cumple los derechos humanos<\/a>. Es que lo hace instada por una \u201cenorme mayor\u00eda\u201d de Estados miembros, 17 de 27, entre ellos aliados s\u00f3lidos de Israel como Austria o Polonia. Las cifras dan la vuelta. Aunque sea ya tarde para muchos palestinos.<\/p>\n\n\n\n<figure class=\"wp-block-image size-large\"><img decoding=\"async\" width=\"1024\" height=\"708\" src=\"https:\/\/losperiodistas.com.mx\/portal\/wp-content\/uploads\/2025\/05\/5W6KIGHQBRNYI2VLO3IVDY2KJA-1024x708.avif\" alt=\"\" class=\"wp-image-99898\" srcset=\"https:\/\/losperiodistas.com.mx\/portal\/wp-content\/uploads\/2025\/05\/5W6KIGHQBRNYI2VLO3IVDY2KJA-1024x708.avif 1024w, https:\/\/losperiodistas.com.mx\/portal\/wp-content\/uploads\/2025\/05\/5W6KIGHQBRNYI2VLO3IVDY2KJA-300x208.avif 300w, https:\/\/losperiodistas.com.mx\/portal\/wp-content\/uploads\/2025\/05\/5W6KIGHQBRNYI2VLO3IVDY2KJA-768x531.avif 768w, https:\/\/losperiodistas.com.mx\/portal\/wp-content\/uploads\/2025\/05\/5W6KIGHQBRNYI2VLO3IVDY2KJA-1536x1063.avif 1536w, https:\/\/losperiodistas.com.mx\/portal\/wp-content\/uploads\/2025\/05\/5W6KIGHQBRNYI2VLO3IVDY2KJA.avif 1960w\" sizes=\"(max-width: 1024px) 100vw, 1024px\" \/><figcaption class=\"wp-element-caption\">Palestinos esperan el reparto de comida en Ciudad de Gaza, este mi\u00e9rcoles.Mahmoud Issa (REUTERS)<\/figcaption><\/figure>\n\n\n\n<h3 class=\"wp-block-heading\">Condena un\u00e1nime<\/h3>\n\n\n\n<p>\u201cCuando Espa\u00f1a e Irlanda pidieron la revisi\u00f3n del Acuerdo de Asociaci\u00f3n [en una carta a la presidenta de la Comisi\u00f3n Europea, Ursula von der Leyen, en febrero de 2024, que la alemana ignor\u00f3], hab\u00eda 28.000 muertos. Ahora son m\u00e1s de 50.000. Ha hecho falta ese aumento para que algunos digan que ya no pueden cerrar los ojos\u201d, lamenta Borrell. Con todo \u2014apunta en conversaci\u00f3n telef\u00f3nica\u2014, ser\u00e1 dif\u00edcil que ahora Bruselas no d\u00e9 una respuesta que ha eludido durante m\u00e1s de un a\u00f1o pese a los contundentes informes internos \u2014firmados por el entonces representante especial de la UE para derechos humanos, Olof Skoog, hoy vice secretario general del Servicio de Acci\u00f3n Exterior que dirige Kallas\u2014 que ya se presentaron meses atr\u00e1s. Y a los que ahora se unen&nbsp;<a href=\"https:\/\/elpais.com\/internacional\/2025-05-07\/la-ue-endurece-el-tono-contra-israel-por-sus-planes-de-ocupacion-de-gaza.html\">las cada vez m\u00e1s numerosas denuncias internacionales<\/a>&nbsp;\u2014incluso de los pa\u00edses que siguen siendo reticentes a actuar contra Israel\u2014 por unas acciones \u201cintolerables\u201d que est\u00e1n recibiendo una condena un\u00e1nime, incluso de los pa\u00edses amigos.<\/p>\n\n\n\n<p>\u201cEl Gobierno austriaco est\u00e1 totalmente comprometido con la seguridad de Israel (\u2026) Pero la poblaci\u00f3n civil no tiene que pagar el precio del terror de Ham\u00e1s: el derecho internacional debe ser respetado bajo todas las circunstancias\u201d, le dijo el canciller austriaco, Christian Stocker, a Netanyahu, despu\u00e9s de que su ministra de Exteriores, Beate Meinl-Reisinger, diera la sorpresa sum\u00e1ndose en Bruselas a la iniciativa de Pa\u00edses Bajos \u2014otro de los antiguos casi incondicionales de Israel\u2014 a pedir la revisi\u00f3n del acuerdo de asociaci\u00f3n, usando argumentos similares a los del Gobierno de Pedro S\u00e1nchez 15 meses antes.<\/p>\n\n\n\n<figure class=\"wp-block-embed is-type-rich is-provider-twitter wp-block-embed-twitter\"><div class=\"wp-block-embed__wrapper\">\n<blockquote class=\"twitter-tweet\" data-width=\"500\" data-dnt=\"true\"><p lang=\"en\" dir=\"ltr\">Held my first phone call with Israeli Prime Minister <a href=\"https:\/\/twitter.com\/netanyahu?ref_src=twsrc%5Etfw\">@netanyahu<\/a>. The Strategic Partnership between Austria and Israel has developed well in the last years. The Austrian government is fully committed to Israel&#39;s security and to the fight against all forms of antisemitism.\u00a0<br>Hamas\u2019\u2026 <a href=\"https:\/\/t.co\/PEjh9NOxtY\">pic.twitter.com\/PEjh9NOxtY<\/a><\/p>&mdash; Christian Stocker (@_CStocker) <a href=\"https:\/\/twitter.com\/_CStocker\/status\/1924882313973780766?ref_src=twsrc%5Etfw\">May 20, 2025<\/a><\/blockquote><script async src=\"https:\/\/platform.twitter.com\/widgets.js\" charset=\"utf-8\"><\/script>\n<\/div><\/figure>\n\n\n\n<p>\u201cLes puedo asegurar que todos los Estados manifestaron serias preocupaciones sobre la crisis humanitaria en Gaza\u201d, dijo en el Parlamento Europeo este mi\u00e9rcoles el ministro de Asuntos Europeos de Polonia, Adam Szlapka, cuyo pa\u00eds ostenta este semestre la presidencia rotatoria del Consejo de la UE y que es otro de los grandes pa\u00edses que han dado un giro de 180 grados en la materia.<\/p>\n\n\n\n<p>Pero a pesar del nuevo desaf\u00edo israel\u00ed, que provoc\u00f3 nuevas protestas internacionales despu\u00e9s de que soldados israel\u00edes dispararan el mi\u00e9rcoles&nbsp;<a href=\"https:\/\/elpais.com\/internacional\/2025-05-21\/fuerzas-israelies-disparan-contra-una-delegacion-de-diplomaticos-europeos-y-de-otros-paises-en-cisjordania.html\">contra un convoy diplom\u00e1tico en Cisjordania<\/a>&nbsp;-\u201cSi tratan as\u00ed a nuestros diplom\u00e1ticos, imag\u00ednense c\u00f3mo tratan a los palestinos\u201d, coment\u00f3 el eurodiputado irland\u00e9s Barry Andrews-, no est\u00e1n todos. Y faltan pa\u00edses clave, como Italia. O Alemania.<\/p>\n\n\n\n<p>Pese a que tambi\u00e9n ha dejado claro que le preocupa la situaci\u00f3n humanitaria, Berl\u00edn sigue evitando poner en duda la relaci\u00f3n de la UE con Israel, con el argumento de que hay que mantener los canales de comunicaci\u00f3n para abordar las posibles discrepancias sobre la guerra en Gaza. \u201cEstamos convencidos de que hay que responder a estas cuestiones en di\u00e1logo con el Gobierno israel\u00ed\u201d, justifica un portavoz de Exteriores. \u201cEl acuerdo de asociaci\u00f3n es, por este motivo, un foro importante para discutir las cuestiones cr\u00edticas\u201d,&nbsp;<strong>informa Marc Bassets&nbsp;<\/strong>desde Berl\u00edn.<\/p>\n\n\n\n<figure class=\"wp-block-image\"><img decoding=\"async\" src=\"https:\/\/imagenes.elpais.com\/resizer\/v2\/575VRJOJH4JM7DL37HHVOJL2CU.jpg?auth=23dd63942ee30b2514cabf24fa31c3c69c030c67ac870191daef0dcc2227cc9d&amp;width=414\" alt=\"El canciller alem\u00e1n, Friedrich Merz, en Berl\u00edn este mi\u00e9rcoles. \n\"\/><figcaption class=\"wp-element-caption\">El canciller alem\u00e1n, Friedrich Merz, en Berl\u00edn este mi\u00e9rcoles.FILIP SINGER (EFE)<\/figcaption><\/figure>\n\n\n\n<p>El canciller alem\u00e1n, Friedrich Merz, no figuraba entre los firmantes de la carta en la que el presidente franc\u00e9s, Emmanuel Macron, y los primeros ministros brit\u00e1nico y canadiense, Keir Starmer y Mark Carney, amenazaron con sanciones a Israel si no deten\u00eda la nueva ofensiva militar y levantaba las restricciones a la ayuda humanitaria. Londres ya ha dado el primer paso, anunciando su decisi\u00f3n de suspender las actuales negociaciones respecto a un futuro acuerdo comercial con Israel.<\/p>\n\n\n\n<p>A diferencia del Reino Unido, Francia, aliada hist\u00f3rica de Israel y con fuertes v\u00ednculos con la comunidad jud\u00eda \u2014aunque tambi\u00e9n ha apoyado revisar el acuerdo\u2014 no especific\u00f3 en qu\u00e9 consistir\u00edan esas medidas. Pero podr\u00edan incluir sanciones dirigidas a individuos o entidades responsables de violaciones del derecho internacional humanitario. Adem\u00e1s, Macron planea&nbsp;<a href=\"https:\/\/elpais.com\/internacional\/2025-04-11\/la-intencion-de-macron-de-reconocer-el-estado-palestino-divide-a-la-clase-politica-francesa.html\">reconocer oficialmente al Estado de Palestina en junio<\/a>, durante una conferencia internacional en Nueva York copresidida con Arabia Saud\u00ed y en la que B\u00e9lgica tambi\u00e9n dar\u00e1 previsiblemente ese paso que ya dieron, hace un a\u00f1o, Espa\u00f1a, Irlanda, Eslovenia y Noruega,&nbsp;<strong>informa Daniel Verd\u00fa&nbsp;<\/strong>desde Par\u00eds.<\/p>\n\n\n\n<p>Pese a la creciente presi\u00f3n internacional, no est\u00e1 claro cu\u00e1ndo llegar\u00e1 el veredicto de Bruselas sobre Israel ni en qu\u00e9 redundar\u00e1. Cualquier acci\u00f3n que se proponga tras la revisi\u00f3n requerir\u00e1 el visto bueno de la Comisi\u00f3n y de los Estados si se trata de una decisi\u00f3n pol\u00edtica (y que requiere una unanimidad a\u00fan lejana).<\/p>\n\n\n\n<p>Mientras, crece el grupo de quienes piden acciones m\u00e1s rotundas. En Bruselas, el ministro espa\u00f1ol de Exteriores, Jos\u00e9 Manuel Albares, reclam\u00f3 a la UE \u201cir m\u00e1s all\u00e1 de las palabras y emprender acciones, entre las que podr\u00eda haber la suspensi\u00f3n del acuerdo o sanciones\u201d que no especific\u00f3. Tambi\u00e9n B\u00e9lgica pidi\u00f3 la ampliaci\u00f3n de sanciones europeas contra los colonos violentos, funcionarios de Ham\u00e1s y los dirigentes pol\u00edticos y militares de ambos bandos en respuesta a los abusos cometidos, seg\u00fan medios nacionales. Los intentos de ampliar las sanciones a colonos extremistas en Cisjordania o incluso a alg\u00fan ministro israel\u00ed, como propuso tambi\u00e9n Suecia, han fracasado por ahora ante la oposici\u00f3n f\u00e9rrea de al menos un Estado miembro, Hungr\u00eda, seg\u00fan fuentes diplom\u00e1ticas.<\/p>\n\n\n\n<p>Pese a ello, Bruselas bulle cada vez m\u00e1s de indignaci\u00f3n ante las acciones israel\u00edes. En un acalorado debate en el Parlamento Europeo, varios grupos pol\u00edticos, sobre todo de izquierda, reclamaron acciones inmediatas. \u201cBasta de eufemismos. La revisi\u00f3n no basta. Suspendamos el acuerdo de asociaci\u00f3n. Impongamos un embargo total de armas a Israel. Prohibamos el comercio con los asentamientos ilegales. Y establezcamos sanciones individuales a los altos cargos del Gobierno de Netanyahu\u201d, resumi\u00f3 la presidenta de los socialistas y dem\u00f3cratas, Iratxe Garc\u00eda.<\/p>\n\n\n\n<p>Fuente: <a href=\"https:\/\/elpais.com\/internacional\/2025-05-22\/un-grupo-de-paises-de-la-ue-piden-medidas-mas-rotundas-contra-israel-mientras-alemania-defiende-mantener-el-acuerdo-de-asociacion.html\">https:\/\/elpais.com\/internacional\/2025-05-22\/un-grupo-de-paises-de-la-ue-piden-medidas-mas-rotundas-contra-israel-mientras-alemania-defiende-mantener-el-acuerdo-de-asociacion.html<\/a><\/p>\n","protected":false},"excerpt":{"rendered":"<p>Espa\u00f1a, Francia y B\u00e9lgica reclaman una mayor contundencia frente a Israel tras aprobarse la revisi\u00f3n del marco que regula la [&hellip;]<\/p>\n","protected":false},"author":1,"featured_media":99897,"comment_status":"open","ping_status":"open","sticky":false,"template":"","format":"standard","meta":{"site-sidebar-layout":"default","site-content-layout":"","ast-site-content-layout":"default","site-content-style":"default","site-sidebar-style":"default","ast-global-header-display":"","ast-banner-title-visibility":"","ast-main-header-display":"","ast-hfb-above-header-display":"","ast-hfb-below-header-display":"","ast-hfb-mobile-header-display":"","site-post-title":"","ast-breadcrumbs-content":"","ast-featured-img":"","footer-sml-layout":"","theme-transparent-header-meta":"","adv-header-id-meta":"","stick-header-meta":"","header-above-stick-meta":"","header-main-stick-meta":"","header-below-stick-meta":"","astra-migrate-meta-layouts":"default","ast-page-background-enabled":"default","ast-page-background-meta":{"desktop":{"background-color":"var(--ast-global-color-4)","background-image":"","background-repeat":"repeat","background-position":"center center","background-size":"auto","background-attachment":"scroll","background-type":"","background-media":"","overlay-type":"","overlay-color":"","overlay-opacity":"","overlay-gradient":""},"tablet":{"background-color":"","background-image":"","background-repeat":"repeat","background-position":"center center","background-size":"auto","background-attachment":"scroll","background-type":"","background-media":"","overlay-type":"","overlay-color":"","overlay-opacity":"","overlay-gradient":""},"mobile":{"background-color":"","background-image":"","background-repeat":"repeat","background-position":"center center","background-size":"auto","background-attachment":"scroll","background-type":"","background-media":"","overlay-type":"","overlay-color":"","overlay-opacity":"","overlay-gradient":""}},"ast-content-background-meta":{"desktop":{"background-color":"var(--ast-global-color-5)","background-image":"","background-repeat":"repeat","background-position":"center center","background-size":"auto","background-attachment":"scroll","background-type":"","background-media":"","overlay-type":"","overlay-color":"","overlay-opacity":"","overlay-gradient":""},"tablet":{"background-color":"var(--ast-global-color-5)","background-image":"","background-repeat":"repeat","background-position":"center center","background-size":"auto","background-attachment":"scroll","background-type":"","background-media":"","overlay-type":"","overlay-color":"","overlay-opacity":"","overlay-gradient":""},"mobile":{"background-color":"var(--ast-global-color-5)","background-image":"","background-repeat":"repeat","background-position":"center center","background-size":"auto","background-attachment":"scroll","background-type":"","background-media":"","overlay-type":"","overlay-color":"","overlay-opacity":"","overlay-gradient":""}},"footnotes":""},"categories":[8],"tags":[38622,38621,38620],"class_list":["post-99896","post","type-post","status-publish","format-standard","has-post-thumbnail","hentry","category-noticias","tag-catastrofe-humanitaria-gaza","tag-franja-de-ngaza","tag-ue-medidas-rotundas-a-israel"],"_links":{"self":[{"href":"https:\/\/losperiodistas.com.mx\/portal\/wp-json\/wp\/v2\/posts\/99896","targetHints":{"allow":["GET"]}}],"collection":[{"href":"https:\/\/losperiodistas.com.mx\/portal\/wp-json\/wp\/v2\/posts"}],"about":[{"href":"https:\/\/losperiodistas.com.mx\/portal\/wp-json\/wp\/v2\/types\/post"}],"author":[{"embeddable":true,"href":"https:\/\/losperiodistas.com.mx\/portal\/wp-json\/wp\/v2\/users\/1"}],"replies":[{"embeddable":true,"href":"https:\/\/losperiodistas.com.mx\/portal\/wp-json\/wp\/v2\/comments?post=99896"}],"version-history":[{"count":1,"href":"https:\/\/losperiodistas.com.mx\/portal\/wp-json\/wp\/v2\/posts\/99896\/revisions"}],"predecessor-version":[{"id":99900,"href":"https:\/\/losperiodistas.com.mx\/portal\/wp-json\/wp\/v2\/posts\/99896\/revisions\/99900"}],"wp:featuredmedia":[{"embeddable":true,"href":"https:\/\/losperiodistas.com.mx\/portal\/wp-json\/wp\/v2\/media\/99897"}],"wp:attachment":[{"href":"https:\/\/losperiodistas.com.mx\/portal\/wp-json\/wp\/v2\/media?parent=99896"}],"wp:term":[{"taxonomy":"category","embeddable":true,"href":"https:\/\/losperiodistas.com.mx\/portal\/wp-json\/wp\/v2\/categories?post=99896"},{"taxonomy":"post_tag","embeddable":true,"href":"https:\/\/losperiodistas.com.mx\/portal\/wp-json\/wp\/v2\/tags?post=99896"}],"curies":[{"name":"wp","href":"https:\/\/api.w.org\/{rel}","templated":true}]}}