{"id":99890,"date":"2025-05-22T03:12:36","date_gmt":"2025-05-22T09:12:36","guid":{"rendered":"https:\/\/losperiodistas.com.mx\/portal\/?p=99890"},"modified":"2025-05-22T03:12:38","modified_gmt":"2025-05-22T09:12:38","slug":"dos-trabajadores-de-la-embajada-de-israel-fueron-asesinados-a-tiros-cerca-de-un-museo-judio-en-washington-d-c-twp","status":"publish","type":"post","link":"https:\/\/losperiodistas.com.mx\/portal\/dos-trabajadores-de-la-embajada-de-israel-fueron-asesinados-a-tiros-cerca-de-un-museo-judio-en-washington-d-c-twp\/","title":{"rendered":"Dos trabajadores de la Embajada de Israel fueron asesinados a tiros cerca de un museo jud\u00edo en Washington D. C. | TWP"},"content":{"rendered":"\n<p class=\"has-medium-font-size\">El estado de Israel identific\u00f3 a las v\u00edctimas como Yaron Lischinsky y Sarah Lynn Milgrim. La polic\u00eda inform\u00f3 que un sospechoso, llamado El\u00edas Rodr\u00edguez, se encontraba detenido.<\/p>\n\n\n\n<figure class=\"wp-block-image size-large\"><img fetchpriority=\"high\" decoding=\"async\" width=\"1024\" height=\"579\" src=\"https:\/\/losperiodistas.com.mx\/portal\/wp-content\/uploads\/2025\/05\/Captura-de-pantalla-2025-05-22-a-las-3.07.17\u202fa.m-1024x579.png\" alt=\"\" class=\"wp-image-99891\" srcset=\"https:\/\/losperiodistas.com.mx\/portal\/wp-content\/uploads\/2025\/05\/Captura-de-pantalla-2025-05-22-a-las-3.07.17\u202fa.m-1024x579.png 1024w, https:\/\/losperiodistas.com.mx\/portal\/wp-content\/uploads\/2025\/05\/Captura-de-pantalla-2025-05-22-a-las-3.07.17\u202fa.m-300x170.png 300w, https:\/\/losperiodistas.com.mx\/portal\/wp-content\/uploads\/2025\/05\/Captura-de-pantalla-2025-05-22-a-las-3.07.17\u202fa.m-768x434.png 768w, https:\/\/losperiodistas.com.mx\/portal\/wp-content\/uploads\/2025\/05\/Captura-de-pantalla-2025-05-22-a-las-3.07.17\u202fa.m-1536x868.png 1536w, https:\/\/losperiodistas.com.mx\/portal\/wp-content\/uploads\/2025\/05\/Captura-de-pantalla-2025-05-22-a-las-3.07.17\u202fa.m.png 1688w\" sizes=\"(max-width: 1024px) 100vw, 1024px\" \/><figcaption class=\"wp-element-caption\">Dos empleados de la Embajada de Israel fueron asesinados a tiros cerca del Museo Jud\u00edo de la Capital en Washington el 21 de mayo. (Video: The Washington Post, Foto: Tom Brenner\/The Washington Post)<\/figcaption><\/figure>\n\n\n\n<p><\/p>\n\n\n\n<p>22 de mayo de 2025 a las 3:45 a. m. EDTHoy a las 3:45 am EDT4 minutosDos miembros del personal de la Embajada de Israel fueron asesinados a tiros en Washington D. C.1:06<\/p>\n\n\n\n<p><a href=\"https:\/\/imasdk.googleapis.com\/js\/core\/bridge3.695.1_en.html#fid=goog_1363192300\">https:\/\/imasdk.googleapis.com\/js\/core\/bridge3.695.1_en.html#fid=goog_1363192300<\/a><\/p>\n\n\n\n<p class=\"has-vivid-red-color has-text-color has-link-color wp-elements-313ccf221cfbef10b0d8018bdf6c7b1f\"><strong>Por\u00a0<a href=\"https:\/\/www.washingtonpost.com\/people\/andrew-jeong\/\">Andrew Jeong<\/a> \/ <a href=\"https:\/\/www.washingtonpost.com\/people\/emily-davies\/\">Emily Davies<\/a> \/ <a href=\"https:\/\/www.washingtonpost.com\/people\/annabelle-timsit\/\">Annabelle Timsit<\/a> \/ The Washington Post<\/strong><\/p>\n\n\n\n<p>Una joven pareja israel\u00ed fue asesinada a tiros cerca del Museo Jud\u00edo Capital en Washington el mi\u00e9rcoles por la noche por un hombre armado que core\u00f3 \u201cPalestina libre, libre\u201d despu\u00e9s del tiroteo, seg\u00fan las autoridades.<\/p>\n\n\n\n<p>Las v\u00edctimas eran empleados de la Embajada de Israel. La cuenta X del Estado de Israel los&nbsp;<a href=\"https:\/\/x.com\/Israel\/status\/1925459503811625450\" target=\"_blank\" rel=\"noreferrer noopener\">identific\u00f3<\/a>&nbsp;como Yaron Lischinsky y Sarah Lynn Milgrim.<\/p>\n\n\n\n<figure class=\"wp-block-embed is-type-rich is-provider-twitter wp-block-embed-twitter\"><div class=\"wp-block-embed__wrapper\">\n<blockquote class=\"twitter-tweet\" data-width=\"500\" data-dnt=\"true\"><p lang=\"en\" dir=\"ltr\">Yaron and Sarah were our friends and colleagues. They were in the prime of their lives. <br><br>This evening, a terrorist shot and killed them as they exited an event at the Capital Jewish Museum in DC. <br><br>The entire embassy staff is heartbroken and devastated by their murder. No words\u2026 <a href=\"https:\/\/t.co\/2HytKDp8Fr\">pic.twitter.com\/2HytKDp8Fr<\/a><\/p>&mdash; Embassy of Israel to the USA (@IsraelinUSA) <a href=\"https:\/\/twitter.com\/IsraelinUSA\/status\/1925447599164702743?ref_src=twsrc%5Etfw\">May 22, 2025<\/a><\/blockquote><script async src=\"https:\/\/platform.twitter.com\/widgets.js\" charset=\"utf-8\"><\/script>\n<\/div><\/figure>\n\n\n\n<p>La pareja sal\u00eda del museo tras asistir a un evento organizado por el Comit\u00e9 Jud\u00edo Americano cuando el pistolero abri\u00f3 fuego. Ambos fueron encontrados inconscientes y sin respirar en el lugar, seg\u00fan inform\u00f3 la jefa de polic\u00eda de DC, Pamela A. Smith, a los periodistas en una conferencia de prensa celebrada pocas horas despu\u00e9s del incidente.<\/p>\n\n\n\n<p>Smith dijo que la polic\u00eda cre\u00eda que el tiroteo fue llevado a cabo por una sola persona y que un sospechoso, identificado como&nbsp;El\u00edas Rodr\u00edguez de Chicago, estaba bajo custodia.<\/p>\n\n\n\n<p>Rodr\u00edguez fue visto pase\u00e1ndose de un lado a otro afuera del museo antes del incidente, dijo. Tras dispararle a la pareja, entr\u00f3 al museo, donde fue detenido por personal de seguridad, a\u00f1adi\u00f3. La polic\u00eda indic\u00f3 inicialmente en la conferencia de prensa que Rodr\u00edguez ten\u00eda 30 a\u00f1os, pero posteriormente confirm\u00f3 que ten\u00eda 31.<\/p>\n\n\n\n<p>Smith afirm\u00f3 que la polic\u00eda de DC no hab\u00eda recibido informaci\u00f3n sobre ning\u00fan tipo de acto terrorista o delito de odio al ser preguntada si su departamento ten\u00eda alg\u00fan indicio de que tal delito pudiera ocurrir. A\u00f1adi\u00f3 que la polic\u00eda de DC no hab\u00eda tenido contacto previo con Rodr\u00edguez. \u00abNo vemos nada en sus antecedentes que nos lo haya puesto en la mira en este momento\u00bb.<\/p>\n\n\n\n<figure class=\"wp-block-image size-large\"><img decoding=\"async\" width=\"1024\" height=\"773\" src=\"https:\/\/losperiodistas.com.mx\/portal\/wp-content\/uploads\/2025\/05\/Captura-de-pantalla-2025-05-22-a-las-3.09.59\u202fa.m-1024x773.png\" alt=\"\" class=\"wp-image-99893\" srcset=\"https:\/\/losperiodistas.com.mx\/portal\/wp-content\/uploads\/2025\/05\/Captura-de-pantalla-2025-05-22-a-las-3.09.59\u202fa.m-1024x773.png 1024w, https:\/\/losperiodistas.com.mx\/portal\/wp-content\/uploads\/2025\/05\/Captura-de-pantalla-2025-05-22-a-las-3.09.59\u202fa.m-300x227.png 300w, https:\/\/losperiodistas.com.mx\/portal\/wp-content\/uploads\/2025\/05\/Captura-de-pantalla-2025-05-22-a-las-3.09.59\u202fa.m-768x580.png 768w, https:\/\/losperiodistas.com.mx\/portal\/wp-content\/uploads\/2025\/05\/Captura-de-pantalla-2025-05-22-a-las-3.09.59\u202fa.m.png 1282w\" sizes=\"(max-width: 1024px) 100vw, 1024px\" \/><figcaption class=\"wp-element-caption\"><a href=\"https:\/\/datawrapper.dwcdn.net\/wAmfw\">https:\/\/datawrapper.dwcdn.net\/wAmfw<\/a><\/figcaption><\/figure>\n\n\n\n<p><\/p>\n\n\n\n<p>Yechiel Leiter, embajador de Israel en Estados Unidos, se mostr\u00f3 visiblemente conmocionado durante la conferencia de prensa y dijo que la v\u00edctima hab\u00eda comprado recientemente un anillo con la intenci\u00f3n de proponerle matrimonio a su novia la pr\u00f3xima semana en Jerusal\u00e9n. \u00abEran una hermosa pareja que vino a disfrutar de una velada en el centro cultural de Washington\u00bb, dijo.<\/p>\n\n\n\n<p>Leiter agreg\u00f3 que el presidente Donald Trump lo hab\u00eda llamado para decirle que su administraci\u00f3n \u00abhar\u00eda todo lo posible para combatir y acabar con el antisemitismo\u00bb.<\/p>\n\n\n\n<p>En una publicaci\u00f3n posterior en redes sociales, Trump declar\u00f3: \u00abEstos horribles asesinatos en Washington D. C., obviamente basados \u200b\u200ben el antisemitismo, deben terminar YA. El odio y el radicalismo no tienen cabida en Estados Unidos\u00bb.<\/p>\n\n\n\n<p>Dan Bongino, subdirector del FBI,&nbsp;<a href=\"https:\/\/x.com\/fbiddbongino\/status\/1925420904500085116?s=46\">declar\u00f3<\/a>&nbsp;en redes sociales que cre\u00eda que el crimen fue un acto de violencia selectiva. Rodr\u00edguez estaba siendo entrevistado por la polic\u00eda de Washington D. C. y la Fuerza de Tarea Conjunta contra el Terrorismo del FBI, a\u00f1adi\u00f3.<\/p>\n\n\n\n<p>La polic\u00eda cree que el sospechoso ten\u00eda como objetivo el incidente, pero no hab\u00eda identificado a ninguna persona antes de llegar al lugar, seg\u00fan una persona familiarizada con la investigaci\u00f3n. \u00abSimplemente atac\u00f3 a quienquiera que saliera en ese momento\u00bb, dijo la persona.<\/p>\n\n\n\n<figure class=\"wp-block-image size-large\"><img decoding=\"async\" width=\"1024\" height=\"683\" src=\"https:\/\/losperiodistas.com.mx\/portal\/wp-content\/uploads\/2025\/05\/imrs-1-1024x683.avif\" alt=\"\" class=\"wp-image-99894\" srcset=\"https:\/\/losperiodistas.com.mx\/portal\/wp-content\/uploads\/2025\/05\/imrs-1-1024x683.avif 1024w, https:\/\/losperiodistas.com.mx\/portal\/wp-content\/uploads\/2025\/05\/imrs-1-300x200.avif 300w, https:\/\/losperiodistas.com.mx\/portal\/wp-content\/uploads\/2025\/05\/imrs-1-768x512.avif 768w, https:\/\/losperiodistas.com.mx\/portal\/wp-content\/uploads\/2025\/05\/imrs-1.avif 1200w\" sizes=\"(max-width: 1024px) 100vw, 1024px\" \/><figcaption class=\"wp-element-caption\">La jefa de polic\u00eda de DC, Pamela A. Smith, habla durante una conferencia de prensa el jueves en la sede de la polic\u00eda de DC. (Tom Brenner\/Para The Washington Post)<\/figcaption><\/figure>\n\n\n\n<p class=\"has-medium-font-size\"><strong>Miembros destacados de la comunidad jud\u00eda se manifestaron contra la violencia.<\/strong><\/p>\n\n\n\n<p>El primer ministro israel\u00ed, Benjam\u00edn Netanyahu, declar\u00f3 que su \u00abp\u00e9same por las familias de los queridos j\u00f3venes, cuyas vidas fueron truncadas en un instante por un vil asesino antisemita\u00bb. A\u00f1adi\u00f3 que hab\u00eda ordenado reforzar la seguridad en las misiones diplom\u00e1ticas israel\u00edes en todo el mundo.<\/p>\n\n\n\n<p>El presidente israel\u00ed, Isaac Herzog, conden\u00f3 el incidente como \u201cun acto despreciable de odio y antisemitismo\u201d.<\/p>\n\n\n\n<p>Ted Deutch, director ejecutivo del Comit\u00e9 Jud\u00edo Americano, dijo que estaba \u201cdevastado porque un acto de violencia indescriptible tuvo lugar afuera del lugar\u201d.<\/p>\n\n\n\n<p>Danny Danon, embajador de Israel ante las Naciones Unidas,&nbsp;<a href=\"https:\/\/x.com\/dannydanon\/status\/1925388251864379433\">denunci\u00f3<\/a>&nbsp;el tiroteo en redes sociales como un acto depravado de terrorismo antisemita. Afirm\u00f3 que Israel confiaba en que las autoridades estadounidenses tomar\u00edan medidas en\u00e9rgicas contra los responsables.<\/p>\n\n\n\n<p>El tiroteo ser\u00e1 investigado como un posible crimen de odio, dijo a los periodistas Steven J. Jensen, director adjunto a cargo de la oficina de campo del FBI en Washington.<\/p>\n\n\n\n<p>\u201cEstamos investigando activamente y trabajando para obtener m\u00e1s informaci\u00f3n para compartir\u201d, declar\u00f3 la secretaria de Seguridad Nacional, Kristi L. Noem, en una publicaci\u00f3n en&nbsp;<a href=\"https:\/\/x.com\/Sec_Noem\/status\/1925390666441314737\">redes sociales<\/a>&nbsp;. \u201cPor favor, oren por las familias de las v\u00edctimas. Llevaremos a este depravado perpetrador ante la justicia\u201d.<\/p>\n\n\n\n<p>La fiscal general de Estados Unidos, Pam Bondi,&nbsp;<a href=\"https:\/\/x.com\/AGPamBondi\/status\/1925386917366911042\">dijo<\/a>&nbsp;que hab\u00eda visitado la escena con la fiscal interina de Estados Unidos para el Distrito de Columbia, Jeanine Pirro,&nbsp;quien procesar\u00e1 el caso.<\/p>\n\n\n\n<p>\u201cTodas nuestras agencias federales trabajar\u00e1n en estrecha colaboraci\u00f3n\u201d con el departamento de polic\u00eda de DC, declar\u00f3 Bondi en la conferencia de prensa. \u201cNos apegaremos a los hechos. Cumpliremos con la ley, y este acusado\u2026 ser\u00e1 procesado con todo el rigor de la ley\u201d.<\/p>\n\n\n\n<p><em>Lior Soroka y Perry Stein contribuyeron a este informe.<\/em><\/p>\n\n\n\n<p>Fuente: <a href=\"https:\/\/www.washingtonpost.com\/dc-md-va\/2025\/05\/21\/dc-shooting-capital-jewish-museum\/\">https:\/\/www.washingtonpost.com\/dc-md-va\/2025\/05\/21\/dc-shooting-capital-jewish-museum\/<\/a><\/p>\n","protected":false},"excerpt":{"rendered":"<p>El estado de Israel identific\u00f3 a las v\u00edctimas como Yaron Lischinsky y Sarah Lynn Milgrim. La polic\u00eda inform\u00f3 que un [&hellip;]<\/p>\n","protected":false},"author":1,"featured_media":99891,"comment_status":"open","ping_status":"open","sticky":false,"template":"","format":"standard","meta":{"site-sidebar-layout":"default","site-content-layout":"","ast-site-content-layout":"default","site-content-style":"default","site-sidebar-style":"default","ast-global-header-display":"","ast-banner-title-visibility":"","ast-main-header-display":"","ast-hfb-above-header-display":"","ast-hfb-below-header-display":"","ast-hfb-mobile-header-display":"","site-post-title":"","ast-breadcrumbs-content":"","ast-featured-img":"","footer-sml-layout":"","theme-transparent-header-meta":"","adv-header-id-meta":"","stick-header-meta":"","header-above-stick-meta":"","header-main-stick-meta":"","header-below-stick-meta":"","astra-migrate-meta-layouts":"default","ast-page-background-enabled":"default","ast-page-background-meta":{"desktop":{"background-color":"var(--ast-global-color-4)","background-image":"","background-repeat":"repeat","background-position":"center center","background-size":"auto","background-attachment":"scroll","background-type":"","background-media":"","overlay-type":"","overlay-color":"","overlay-opacity":"","overlay-gradient":""},"tablet":{"background-color":"","background-image":"","background-repeat":"repeat","background-position":"center center","background-size":"auto","background-attachment":"scroll","background-type":"","background-media":"","overlay-type":"","overlay-color":"","overlay-opacity":"","overlay-gradient":""},"mobile":{"background-color":"","background-image":"","background-repeat":"repeat","background-position":"center center","background-size":"auto","background-attachment":"scroll","background-type":"","background-media":"","overlay-type":"","overlay-color":"","overlay-opacity":"","overlay-gradient":""}},"ast-content-background-meta":{"desktop":{"background-color":"var(--ast-global-color-5)","background-image":"","background-repeat":"repeat","background-position":"center center","background-size":"auto","background-attachment":"scroll","background-type":"","background-media":"","overlay-type":"","overlay-color":"","overlay-opacity":"","overlay-gradient":""},"tablet":{"background-color":"var(--ast-global-color-5)","background-image":"","background-repeat":"repeat","background-position":"center center","background-size":"auto","background-attachment":"scroll","background-type":"","background-media":"","overlay-type":"","overlay-color":"","overlay-opacity":"","overlay-gradient":""},"mobile":{"background-color":"var(--ast-global-color-5)","background-image":"","background-repeat":"repeat","background-position":"center center","background-size":"auto","background-attachment":"scroll","background-type":"","background-media":"","overlay-type":"","overlay-color":"","overlay-opacity":"","overlay-gradient":""}},"footnotes":""},"categories":[8],"tags":[38618,38619,25730],"class_list":["post-99890","post","type-post","status-publish","format-standard","has-post-thumbnail","hentry","category-noticias","tag-atentado-a-judios","tag-museo-judio-washington","tag-washington"],"_links":{"self":[{"href":"https:\/\/losperiodistas.com.mx\/portal\/wp-json\/wp\/v2\/posts\/99890","targetHints":{"allow":["GET"]}}],"collection":[{"href":"https:\/\/losperiodistas.com.mx\/portal\/wp-json\/wp\/v2\/posts"}],"about":[{"href":"https:\/\/losperiodistas.com.mx\/portal\/wp-json\/wp\/v2\/types\/post"}],"author":[{"embeddable":true,"href":"https:\/\/losperiodistas.com.mx\/portal\/wp-json\/wp\/v2\/users\/1"}],"replies":[{"embeddable":true,"href":"https:\/\/losperiodistas.com.mx\/portal\/wp-json\/wp\/v2\/comments?post=99890"}],"version-history":[{"count":1,"href":"https:\/\/losperiodistas.com.mx\/portal\/wp-json\/wp\/v2\/posts\/99890\/revisions"}],"predecessor-version":[{"id":99895,"href":"https:\/\/losperiodistas.com.mx\/portal\/wp-json\/wp\/v2\/posts\/99890\/revisions\/99895"}],"wp:featuredmedia":[{"embeddable":true,"href":"https:\/\/losperiodistas.com.mx\/portal\/wp-json\/wp\/v2\/media\/99891"}],"wp:attachment":[{"href":"https:\/\/losperiodistas.com.mx\/portal\/wp-json\/wp\/v2\/media?parent=99890"}],"wp:term":[{"taxonomy":"category","embeddable":true,"href":"https:\/\/losperiodistas.com.mx\/portal\/wp-json\/wp\/v2\/categories?post=99890"},{"taxonomy":"post_tag","embeddable":true,"href":"https:\/\/losperiodistas.com.mx\/portal\/wp-json\/wp\/v2\/tags?post=99890"}],"curies":[{"name":"wp","href":"https:\/\/api.w.org\/{rel}","templated":true}]}}