{"id":99883,"date":"2025-05-21T17:51:01","date_gmt":"2025-05-21T23:51:01","guid":{"rendered":"https:\/\/losperiodistas.com.mx\/portal\/?p=99883"},"modified":"2025-05-21T17:51:03","modified_gmt":"2025-05-21T23:51:03","slug":"cuatro-implicados-y-un-tercer-vehiculo-avance-en-investigacion-de-funcionarios-asesinados-la-jornada","status":"publish","type":"post","link":"https:\/\/losperiodistas.com.mx\/portal\/cuatro-implicados-y-un-tercer-vehiculo-avance-en-investigacion-de-funcionarios-asesinados-la-jornada\/","title":{"rendered":"Cuatro implicados y un tercer veh\u00edculo, avance en investigaci\u00f3n de funcionarios asesinados | La Jornada"},"content":{"rendered":"\n<figure class=\"wp-block-embed is-type-video is-provider-dailymotion wp-block-embed-dailymotion\"><div class=\"wp-block-embed__wrapper\">\n<iframe title=\"Cuatro implicados y un tercer veh\u00edculo, avance en investigaci\u00f3n en CDMX\" frameborder=\"0\" width=\"500\" height=\"281\" src=\"https:\/\/geo.dailymotion.com\/player.html?video=x9jxja2&#038;\" allowfullscreen allow=\"autoplay; fullscreen; picture-in-picture; web-share\"><\/iframe>\n<\/div><\/figure>\n\n\n\n<p class=\"has-vivid-red-color has-text-color has-link-color has-medium-font-size wp-elements-b8c6c6d20bd6b1a6345cfdd9473267a5\"><a href=\"https:\/\/www.jornada.com.mx\/autores\/La%20Jornada%20En%20L%C3%ADnea%20y%20Nayelli%20Ram%C3%ADrez\"><strong>La Jornada En L\u00ednea y Nayelli Ram\u00edrez<\/strong><\/a><\/p>\n\n\n\n<p><\/p>\n\n\n\n<p><em>Ciudad de M\u00e9xico<\/em>. El secretario de Seguridad Ciudadana, Pablo V\u00e1zquez, y la Fiscal capitalina, Bertha Alcalde, informaron que se identificaron a cuatro personas, el autor material y tres sujetos m\u00e1s, as\u00ed como un tercer veh\u00edculo vinculados al asesinato de los funcionarios del gobierno capitalino ayer en Tlalpan.&nbsp;<\/p>\n\n\n\n<p>Confirmaron que se trat\u00f3 de un ataque directo con arma de fuego cuando ambos se dirig\u00edan a su trabajo y que en el lugar se hallaron ocho casquillos percutidos, adem\u00e1s de que el arma asegurada no tiene registro con otros delitos.<\/p>\n\n\n\n<p>La Fiscal\u00eda General de Justicia de la Ciudad de M\u00e9xico y la Secretar\u00eda de Seguridad Ciudadana presentaron avances de la investigaci\u00f3n por el asesinato de los colaboradores de la jefa de Gobierno capitalina, Clara Brugada.&nbsp;<\/p>\n\n\n\n<p>Pablo V\u00e1zquez, secretario de Seguridad, dijo que por instrucciones de la mandataria local se estar\u00e1 ofreciendo informaci\u00f3n, no sin antes condenar los hechos y ofrecer sus condolencias a familiares, amigos y cercanos de las v\u00edctimas.&nbsp;<\/p>\n\n\n\n<p>\u00abNinguna forma de violencia doblegar\u00e1 a la Ciudad de M\u00e9xico ni a sus instituciones\u00bb, dijo V\u00e1zquez. Las autoridades federales y locales, agreg\u00f3, trabajan de manera coordinada para esclarecer los hechos y dar con los autores intelectuales y materiales.&nbsp;<\/p>\n\n\n\n<p>La polic\u00eda capitalina, se\u00f1al\u00f3 en conferencia de prensa, activ\u00f3 un operativo con personal especializado. Inform\u00f3 del aseguramiento de dos veh\u00edculos: una motocicleta color negro y otro veh\u00edculo azul en Iztacalco. Ambos en manos de la Fiscal\u00eda de la CDMX.&nbsp;<\/p>\n\n\n\n<p>Un tercer veh\u00edculo, mencion\u00f3, camioneta gris, tambi\u00e9n se ubic\u00f3 y es donde presuntamente los supuestos responsables se dieron a la fuga rumbo al oriente de la Ciudad.&nbsp;<\/p>\n\n\n\n<p>No se caer\u00e1n en especulaciones, dijo el secretario. Se integr\u00f3 un grupo de trabajo interinstitucional que trabaja 24 \/ 7 para eventualmente ubicar y detener a los responsables.&nbsp;<\/p>\n\n\n\n<p>\u00abNi un paso atr\u00e1s en encomienda de construir una ciudad segura y en paz\u00bb, resalt\u00f3.<\/p>\n\n\n\n<p>Por su parte, la fiscal Bertha Alcalde precis\u00f3 que fue un ataque directo y totalmente sujeto a planeaci\u00f3n, y que en el lugar se hallaron ocho casquillos percutidos, adem\u00e1s que identificaron que d\u00edas antes las v\u00edctimas fueron vigiladas por una persona en las inmediaciones del ataque.<\/p>\n\n\n\n<p>Se\u00f1alaron que se recabaron diversas prendas en uno de los autos abandonados y que est\u00e1n en espera de los resultados de las necropsias.<\/p>\n\n\n\n<p>Recalc\u00f3 que no se cuenta a\u00fan con una hip\u00f3tesis concluyente sobre el m\u00f3vil y la identidad de los atacantes. Se consideran todas las l\u00edneas de investigaci\u00f3n, expuso, que incluir\u00edan situaciones tanto en el \u00e1mbito personal como profesional de las v\u00edctimas.<\/p>\n\n\n\n<p>Alcalde Luj\u00e1n, quien calific\u00f3 de atroz homicidio, agradeci\u00f3 en nombre de la Fiscal\u00eda capitalina y de la la Secretar\u00eda de Seguridad a las instituciones federales por el apoyo en la investigaci\u00f3n. &nbsp;Se agotar\u00e1n todas las l\u00edneas de investigaci\u00f3n para que los hechos no queden impunes, dijo. &nbsp;<\/p>\n\n\n\n<p>Fuente: <a href=\"https:\/\/www.jornada.com.mx\/noticia\/2025\/05\/21\/capital\/ninguna-forma-de-violencia-doblegara-a-la-cdmx-ni-a-sus-instituciones-ssc\">https:\/\/www.jornada.com.mx\/noticia\/2025\/05\/21\/capital\/ninguna-forma-de-violencia-doblegara-a-la-cdmx-ni-a-sus-instituciones-ssc<\/a><\/p>\n","protected":false},"excerpt":{"rendered":"<p>La Jornada En L\u00ednea y Nayelli Ram\u00edrez Ciudad de M\u00e9xico. El secretario de Seguridad Ciudadana, Pablo V\u00e1zquez, y la Fiscal [&hellip;]<\/p>\n","protected":false},"author":1,"featured_media":99884,"comment_status":"open","ping_status":"open","sticky":false,"template":"","format":"standard","meta":{"site-sidebar-layout":"default","site-content-layout":"","ast-site-content-layout":"default","site-content-style":"default","site-sidebar-style":"default","ast-global-header-display":"","ast-banner-title-visibility":"","ast-main-header-display":"","ast-hfb-above-header-display":"","ast-hfb-below-header-display":"","ast-hfb-mobile-header-display":"","site-post-title":"","ast-breadcrumbs-content":"","ast-featured-img":"","footer-sml-layout":"","theme-transparent-header-meta":"","adv-header-id-meta":"","stick-header-meta":"","header-above-stick-meta":"","header-main-stick-meta":"","header-below-stick-meta":"","astra-migrate-meta-layouts":"default","ast-page-background-enabled":"default","ast-page-background-meta":{"desktop":{"background-color":"var(--ast-global-color-4)","background-image":"","background-repeat":"repeat","background-position":"center center","background-size":"auto","background-attachment":"scroll","background-type":"","background-media":"","overlay-type":"","overlay-color":"","overlay-opacity":"","overlay-gradient":""},"tablet":{"background-color":"","background-image":"","background-repeat":"repeat","background-position":"center center","background-size":"auto","background-attachment":"scroll","background-type":"","background-media":"","overlay-type":"","overlay-color":"","overlay-opacity":"","overlay-gradient":""},"mobile":{"background-color":"","background-image":"","background-repeat":"repeat","background-position":"center center","background-size":"auto","background-attachment":"scroll","background-type":"","background-media":"","overlay-type":"","overlay-color":"","overlay-opacity":"","overlay-gradient":""}},"ast-content-background-meta":{"desktop":{"background-color":"var(--ast-global-color-5)","background-image":"","background-repeat":"repeat","background-position":"center center","background-size":"auto","background-attachment":"scroll","background-type":"","background-media":"","overlay-type":"","overlay-color":"","overlay-opacity":"","overlay-gradient":""},"tablet":{"background-color":"var(--ast-global-color-5)","background-image":"","background-repeat":"repeat","background-position":"center center","background-size":"auto","background-attachment":"scroll","background-type":"","background-media":"","overlay-type":"","overlay-color":"","overlay-opacity":"","overlay-gradient":""},"mobile":{"background-color":"var(--ast-global-color-5)","background-image":"","background-repeat":"repeat","background-position":"center center","background-size":"auto","background-attachment":"scroll","background-type":"","background-media":"","overlay-type":"","overlay-color":"","overlay-opacity":"","overlay-gradient":""}},"footnotes":""},"categories":[8],"tags":[38617,38614,38616,38615],"class_list":["post-99883","post","type-post","status-publish","format-standard","has-post-thumbnail","hentry","category-noticias","tag-asesinato-asesores-clara-brugada","tag-eguridad-ciudadana","tag-ertha-alcalde","tag-pablo-vazquez"],"_links":{"self":[{"href":"https:\/\/losperiodistas.com.mx\/portal\/wp-json\/wp\/v2\/posts\/99883","targetHints":{"allow":["GET"]}}],"collection":[{"href":"https:\/\/losperiodistas.com.mx\/portal\/wp-json\/wp\/v2\/posts"}],"about":[{"href":"https:\/\/losperiodistas.com.mx\/portal\/wp-json\/wp\/v2\/types\/post"}],"author":[{"embeddable":true,"href":"https:\/\/losperiodistas.com.mx\/portal\/wp-json\/wp\/v2\/users\/1"}],"replies":[{"embeddable":true,"href":"https:\/\/losperiodistas.com.mx\/portal\/wp-json\/wp\/v2\/comments?post=99883"}],"version-history":[{"count":1,"href":"https:\/\/losperiodistas.com.mx\/portal\/wp-json\/wp\/v2\/posts\/99883\/revisions"}],"predecessor-version":[{"id":99885,"href":"https:\/\/losperiodistas.com.mx\/portal\/wp-json\/wp\/v2\/posts\/99883\/revisions\/99885"}],"wp:featuredmedia":[{"embeddable":true,"href":"https:\/\/losperiodistas.com.mx\/portal\/wp-json\/wp\/v2\/media\/99884"}],"wp:attachment":[{"href":"https:\/\/losperiodistas.com.mx\/portal\/wp-json\/wp\/v2\/media?parent=99883"}],"wp:term":[{"taxonomy":"category","embeddable":true,"href":"https:\/\/losperiodistas.com.mx\/portal\/wp-json\/wp\/v2\/categories?post=99883"},{"taxonomy":"post_tag","embeddable":true,"href":"https:\/\/losperiodistas.com.mx\/portal\/wp-json\/wp\/v2\/tags?post=99883"}],"curies":[{"name":"wp","href":"https:\/\/api.w.org\/{rel}","templated":true}]}}