{"id":99865,"date":"2025-05-21T10:11:56","date_gmt":"2025-05-21T16:11:56","guid":{"rendered":"https:\/\/losperiodistas.com.mx\/portal\/?p=99865"},"modified":"2025-05-21T10:11:57","modified_gmt":"2025-05-21T16:11:57","slug":"legado-de-gigantes-de-jaume-aurell-pasado-irrefutable-abc","status":"publish","type":"post","link":"https:\/\/losperiodistas.com.mx\/portal\/legado-de-gigantes-de-jaume-aurell-pasado-irrefutable-abc\/","title":{"rendered":"&#8216;Legado de gigantes&#8217;, de Jaume Aurell: pasado irrefutable | ABC"},"content":{"rendered":"\n<p style=\"font-size:53px;text-decoration:underline\"><strong>Ensayo<\/strong><\/p>\n\n\n\n<h2 class=\"wp-block-heading has-pale-cyan-blue-background-color has-background\">El historiador catal\u00e1n ha escrito una peque\u00f1a obra maestra sobre la Edad Media que apunta a c\u00f3mo debe ser el rescate cultural en el siglo XXI<\/h2>\n\n\n\n<h2 class=\"wp-block-heading has-medium-font-size\"><a href=\"https:\/\/www.abc.es\/cultura\/cultural\/salir-mundo-pedro-calvosotelo-ibanez-martin-cualidades-20250513123006-nt.html\">Otras cr\u00edticas del autor<\/a><\/h2>\n\n\n\n<figure class=\"wp-block-image\"><img fetchpriority=\"high\" decoding=\"async\" width=\"1200\" height=\"840\" src=\"https:\/\/losperiodistas.com.mx\/portal\/wp-content\/uploads\/2025\/05\/comida-RoMaWwScl2mIYj6qpRDd5YL-1200x840@diario_abc.png\" alt=\"Comida en el Medievo\" class=\"wp-image-99868\" srcset=\"https:\/\/losperiodistas.com.mx\/portal\/wp-content\/uploads\/2025\/05\/comida-RoMaWwScl2mIYj6qpRDd5YL-1200x840@diario_abc.png 1200w, https:\/\/losperiodistas.com.mx\/portal\/wp-content\/uploads\/2025\/05\/comida-RoMaWwScl2mIYj6qpRDd5YL-1200x840@diario_abc-300x210.png 300w, https:\/\/losperiodistas.com.mx\/portal\/wp-content\/uploads\/2025\/05\/comida-RoMaWwScl2mIYj6qpRDd5YL-1200x840@diario_abc-1024x717.png 1024w, https:\/\/losperiodistas.com.mx\/portal\/wp-content\/uploads\/2025\/05\/comida-RoMaWwScl2mIYj6qpRDd5YL-1200x840@diario_abc-768x538.png 768w\" sizes=\"(max-width: 1200px) 100vw, 1200px\" \/><\/figure>\n\n\n\n<p>Comida en el Medievo<\/p>\n\n\n\n<p class=\"has-vivid-red-color has-text-color has-link-color has-medium-font-size wp-elements-eba0d560de16c97ca40cccbc0e379d8b\"><strong><a href=\"https:\/\/www.abc.es\/autor\/manuel-lucena-giraldo-1604\/\">Manuel Lucena Giraldo<\/a>  \/ ABC<\/strong><\/p>\n\n\n\n<p><a href=\"javascript:void(0)\"><\/a><\/p>\n\n\n\n<p>Uno de los elementos fascinantes de la&nbsp;<a href=\"https:\/\/www.abc.es\/historia\/abci-trailer-documental-espana-primera-globalizacion-202110091625_video.html\">globalizaci\u00f3n<\/a>&nbsp;radica en que exige un replanteamiento de los esquemas y conceptos culturales contempor\u00e1neos. En especial, de todos aquellos heredados de una ilustraci\u00f3n que&nbsp;<strong>se autoatribuy\u00f3 las bondades inventadas<\/strong>&nbsp;de una modernizaci\u00f3n sesgada.<\/p>\n\n\n\n<p>Todav\u00eda resuenan, para&nbsp;nuestra desgracia, en forma de superioridad moral antihispana y negrolegendaria \u2014blanca, angloamericana y protestante\u2014 elementos sustanciales de ese discurrir mental,&nbsp;<strong>tan particular y tan hostil<\/strong>&nbsp;a otras formas de tradici\u00f3n cultural planetaria.<\/p>\n\n\n\n<h3 class=\"wp-block-heading\">&#8216;Legado de gigantes. Un dec\u00e1logo de valores medievales para nuestro tiempo&#8217;<\/h3>\n\n\n\n<figure class=\"wp-block-image alignleft\"><img decoding=\"async\" width=\"224\" height=\"330\" src=\"https:\/\/losperiodistas.com.mx\/portal\/wp-content\/uploads\/2025\/05\/1667portalucena-U75114576178eMY-224x330@diario_abc.jpg\" alt=\"Imagen - 'Legado de gigantes. Un dec\u00e1logo de valores medievales para nuestro tiempo'\" class=\"wp-image-99867\" style=\"aspect-ratio:2\/3;object-fit:cover\" srcset=\"https:\/\/losperiodistas.com.mx\/portal\/wp-content\/uploads\/2025\/05\/1667portalucena-U75114576178eMY-224x330@diario_abc.jpg 224w, https:\/\/losperiodistas.com.mx\/portal\/wp-content\/uploads\/2025\/05\/1667portalucena-U75114576178eMY-224x330@diario_abc-204x300.jpg 204w\" sizes=\"(max-width: 224px) 100vw, 224px\" \/><\/figure>\n\n\n\n<ul class=\"wp-block-list\">\n<li><strong>Autor<\/strong>\u00a0Jaume Aurell\u00a0<\/li>\n\n\n\n<li><strong>Editorial\u00a0<\/strong>Rosamer\u00f3n\u00a0<\/li>\n\n\n\n<li><strong>A\u00f1o<\/strong>\u00a02025\u00a0<\/li>\n\n\n\n<li><strong>P\u00e1ginas<\/strong>\u00a0304\u00a0<\/li>\n\n\n\n<li><strong>Precio<\/strong>\u00a022,90 euros<\/li>\n<\/ul>\n\n\n\n<p><\/p>\n\n\n\n<p><\/p>\n\n\n\n<p><\/p>\n\n\n\n<p><\/p>\n\n\n\n<p><\/p>\n\n\n\n<p>Con pat\u00e9tico paternalismo, armados de las herramientas de la cancelaci\u00f3n, sus adalides enmascaran como curiosidad la ausencia de ella. O se mantienen en el control imp\u00fadico de un aparato cultural promotor de todo aquello que refuta las tradiciones de la armon\u00eda y la belleza. En el extremo opuesto, desde el coraz\u00f3n de la bondad, el catedr\u00e1tico de la Universidad de Navarra<a href=\"https:\/\/portalcientifico.unav.edu\/investigadores\/327732\/detalle?lang=ca\">&nbsp;Jaume Aurell<\/a>&nbsp;propone con&nbsp;<strong>narrativa cuidada y pulso ajeno a los t\u00f3xicos relativismos del 68<\/strong>&nbsp;la exploraci\u00f3n radical de uno de nuestros escenarios negados: la Edad Media.<\/p>\n\n\n\n<p>Se\u00f1al\u00f3 Carmen Mart\u00edn Gaite: \u00abHurgar en el pasado remoto puede ser un lenitivo. El cercano hace m\u00e1s da\u00f1o\u00bb. Contin\u00faa el autor:&nbsp;<strong>\u00abNo legitima a la modernidad cargarse de un plumazo los diez siglos<\/strong>&nbsp;de rica tradici\u00f3n medieval\u00bb. El problema de un sentido del tiempo occidental y europeo cargado de a\u00f1adiduras \u2014re-nacimiento, neo-cl\u00e1sico, post-moderno\u2014 radica en que no funciona sin una esfera emocional salpicada de odio, desequilibrada por el lado oscuro.<\/p>\n\n\n\n<p>Cansado del papel de malo de la pel\u00edcula, medievalista extraordinario, Aurell ha escrito una peque\u00f1a obra maestra, que apunta hacia c\u00f3mo debe ser un proyecto de rescate cultural en el siglo XXI: \u00abLa modernidad, en su objetiva grandeza, pero tambi\u00e9n en su&nbsp;<strong>ut\u00f3pica autosugesti\u00f3n<\/strong>&nbsp;del progreso ilimitado, ha demonizado una \u00e9poca\u00bb.<\/p>\n\n\n\n<p class=\"has-pale-cyan-blue-background-color has-background has-medium-font-size\">Tres partes organizadas en peque\u00f1os ensayos, &#8216;Hechura&#8217;, &#8216;Ruptura&#8217; y &#8216;Rehabilitaci\u00f3n&#8217;, un viaje a lo medieval ni refutador ni militante<\/p>\n\n\n\n<p>Calificar los siglos medievales como realistas en sus ideales, serenos en su captaci\u00f3n de los sentidos del tiempo y capaces de contemplar la naturaleza sin intermediarios, ofrece una perspectiva afortunada, distinta y distante, de quienes nos precedieron antes del tumultuoso (fuera de toda discusi\u00f3n) siglo XVI. Tras el proemio, el volumen propone tres partes organizadas en peque\u00f1os ensayos, &#8216;Hechura&#8217;, &#8216;Ruptura&#8217; y &#8216;Rehabilitaci\u00f3n&#8217;, un viaje a lo medieval ni refutador ni militante.<\/p>\n\n\n\n<p>Dos tergiversaciones iniciales, &#8216;oscurantista&#8217; e &#8216;inquisitorial&#8217;, son desmontadas en las primeras p\u00e1ginas, al tiempo que se desliza una tesis convincente: \u00abLo verdaderamente fundante, originario y espec\u00edfico de Occidente, no radica en la Antig\u00fcedad cl\u00e1sica ni en la modernidad, sino en la Edad Media\u00bb. Esta implica una larga cronolog\u00eda habitada por un&nbsp;<strong>cristianismo razonable, con universidades, catedrales,<\/strong>&nbsp;m\u00edsticas y poetas.<\/p>\n\n\n\n<p>El an\u00e1lisis de las continuidades y rupturas del humanismo renacentista respecto a los siglos anteriores descubre fen\u00f3menos de revival posterior, como el realizado por los&nbsp;<a href=\"https:\/\/historia.nationalgeographic.com.es\/a\/prerrafaelitas-romanticismo-era-victoriana_19633\">pintores prerrafaelitas<\/a>&nbsp;ingleses, en la senda ya de la rehabilitaci\u00f3n definitiva de ciertos valores atribuidos a una mentalidad medieval. Entre ellos, el aprecio de la tradici\u00f3n, el sentido l\u00fadico de la existencia o la cortes\u00eda. \u00bfAlguien se atreve a negar su valor?<\/p>\n\n\n\n<p>Fuente: <a href=\"https:\/\/www.abc.es\/cultura\/cultural\/legado-gigantes-jaume-aurell-pasado-irrefutable-20250520163818-nt.html\">https:\/\/www.abc.es\/cultura\/cultural\/legado-gigantes-jaume-aurell-pasado-irrefutable-20250520163818-nt.html<\/a><\/p>\n\n\n\n<p><\/p>\n","protected":false},"excerpt":{"rendered":"<p>Ensayo El historiador catal\u00e1n ha escrito una peque\u00f1a obra maestra sobre la Edad Media que apunta a c\u00f3mo debe ser [&hellip;]<\/p>\n","protected":false},"author":1,"featured_media":99866,"comment_status":"open","ping_status":"open","sticky":false,"template":"","format":"standard","meta":{"site-sidebar-layout":"default","site-content-layout":"","ast-site-content-layout":"default","site-content-style":"default","site-sidebar-style":"default","ast-global-header-display":"","ast-banner-title-visibility":"","ast-main-header-display":"","ast-hfb-above-header-display":"","ast-hfb-below-header-display":"","ast-hfb-mobile-header-display":"","site-post-title":"","ast-breadcrumbs-content":"","ast-featured-img":"","footer-sml-layout":"","theme-transparent-header-meta":"","adv-header-id-meta":"","stick-header-meta":"","header-above-stick-meta":"","header-main-stick-meta":"","header-below-stick-meta":"","astra-migrate-meta-layouts":"default","ast-page-background-enabled":"default","ast-page-background-meta":{"desktop":{"background-color":"var(--ast-global-color-4)","background-image":"","background-repeat":"repeat","background-position":"center center","background-size":"auto","background-attachment":"scroll","background-type":"","background-media":"","overlay-type":"","overlay-color":"","overlay-opacity":"","overlay-gradient":""},"tablet":{"background-color":"","background-image":"","background-repeat":"repeat","background-position":"center center","background-size":"auto","background-attachment":"scroll","background-type":"","background-media":"","overlay-type":"","overlay-color":"","overlay-opacity":"","overlay-gradient":""},"mobile":{"background-color":"","background-image":"","background-repeat":"repeat","background-position":"center center","background-size":"auto","background-attachment":"scroll","background-type":"","background-media":"","overlay-type":"","overlay-color":"","overlay-opacity":"","overlay-gradient":""}},"ast-content-background-meta":{"desktop":{"background-color":"var(--ast-global-color-5)","background-image":"","background-repeat":"repeat","background-position":"center center","background-size":"auto","background-attachment":"scroll","background-type":"","background-media":"","overlay-type":"","overlay-color":"","overlay-opacity":"","overlay-gradient":""},"tablet":{"background-color":"var(--ast-global-color-5)","background-image":"","background-repeat":"repeat","background-position":"center center","background-size":"auto","background-attachment":"scroll","background-type":"","background-media":"","overlay-type":"","overlay-color":"","overlay-opacity":"","overlay-gradient":""},"mobile":{"background-color":"var(--ast-global-color-5)","background-image":"","background-repeat":"repeat","background-position":"center center","background-size":"auto","background-attachment":"scroll","background-type":"","background-media":"","overlay-type":"","overlay-color":"","overlay-opacity":"","overlay-gradient":""}},"footnotes":""},"categories":[8],"tags":[38603,3121,38601,38602],"class_list":["post-99865","post","type-post","status-publish","format-standard","has-post-thumbnail","hentry","category-noticias","tag-legado-de-gigantes","tag-edad-media","tag-gastronomia-medioevo","tag-jaume-aurell"],"_links":{"self":[{"href":"https:\/\/losperiodistas.com.mx\/portal\/wp-json\/wp\/v2\/posts\/99865","targetHints":{"allow":["GET"]}}],"collection":[{"href":"https:\/\/losperiodistas.com.mx\/portal\/wp-json\/wp\/v2\/posts"}],"about":[{"href":"https:\/\/losperiodistas.com.mx\/portal\/wp-json\/wp\/v2\/types\/post"}],"author":[{"embeddable":true,"href":"https:\/\/losperiodistas.com.mx\/portal\/wp-json\/wp\/v2\/users\/1"}],"replies":[{"embeddable":true,"href":"https:\/\/losperiodistas.com.mx\/portal\/wp-json\/wp\/v2\/comments?post=99865"}],"version-history":[{"count":1,"href":"https:\/\/losperiodistas.com.mx\/portal\/wp-json\/wp\/v2\/posts\/99865\/revisions"}],"predecessor-version":[{"id":99869,"href":"https:\/\/losperiodistas.com.mx\/portal\/wp-json\/wp\/v2\/posts\/99865\/revisions\/99869"}],"wp:featuredmedia":[{"embeddable":true,"href":"https:\/\/losperiodistas.com.mx\/portal\/wp-json\/wp\/v2\/media\/99866"}],"wp:attachment":[{"href":"https:\/\/losperiodistas.com.mx\/portal\/wp-json\/wp\/v2\/media?parent=99865"}],"wp:term":[{"taxonomy":"category","embeddable":true,"href":"https:\/\/losperiodistas.com.mx\/portal\/wp-json\/wp\/v2\/categories?post=99865"},{"taxonomy":"post_tag","embeddable":true,"href":"https:\/\/losperiodistas.com.mx\/portal\/wp-json\/wp\/v2\/tags?post=99865"}],"curies":[{"name":"wp","href":"https:\/\/api.w.org\/{rel}","templated":true}]}}