{"id":99863,"date":"2025-05-21T08:40:20","date_gmt":"2025-05-21T14:40:20","guid":{"rendered":"https:\/\/losperiodistas.com.mx\/portal\/?p=99863"},"modified":"2025-05-21T08:40:22","modified_gmt":"2025-05-21T14:40:22","slug":"opinion-innovar-sin-romper-azorin-y-el-bisturi-de-la-presidenta","status":"publish","type":"post","link":"https:\/\/losperiodistas.com.mx\/portal\/opinion-innovar-sin-romper-azorin-y-el-bisturi-de-la-presidenta\/","title":{"rendered":"Opini\u00f3n | Innovar sin romper: Azor\u00edn y el bistur\u00ed, de la presidenta"},"content":{"rendered":"\n<figure class=\"wp-block-image alignright size-full is-resized\"><img fetchpriority=\"high\" decoding=\"async\" width=\"500\" height=\"500\" src=\"https:\/\/losperiodistas.com.mx\/portal\/wp-content\/uploads\/2024\/11\/WhatsApp-Image-2024-11-08-at-15.02.41-1.jpeg\" alt=\"\" class=\"wp-image-91308\" style=\"width:226px;height:auto\" srcset=\"https:\/\/losperiodistas.com.mx\/portal\/wp-content\/uploads\/2024\/11\/WhatsApp-Image-2024-11-08-at-15.02.41-1.jpeg 500w, https:\/\/losperiodistas.com.mx\/portal\/wp-content\/uploads\/2024\/11\/WhatsApp-Image-2024-11-08-at-15.02.41-1-300x300.jpeg 300w, https:\/\/losperiodistas.com.mx\/portal\/wp-content\/uploads\/2024\/11\/WhatsApp-Image-2024-11-08-at-15.02.41-1-150x150.jpeg 150w\" sizes=\"(max-width: 500px) 100vw, 500px\" \/><\/figure>\n\n\n\n<p><\/p>\n\n\n\n<p><\/p>\n\n\n\n<p><\/p>\n\n\n\n<p><\/p>\n\n\n\n<p><\/p>\n\n\n\n<p class=\"has-vivid-red-color has-text-color has-link-color wp-elements-663ac52e36c2f706628e19f20e0e3641\" style=\"font-size:26px\"><strong><em>Por Ricardo Mart\u00ednez Mart\u00ednez<\/em><\/strong><\/p>\n\n\n\n<p><strong><a href=\"http:\/\/@ricardommz07\">@ricardommz07<\/a><\/strong><\/p>\n\n\n\n<p>Claudia Sheinbaum inici\u00f3 su mandato bajo una premisa compleja: continuar una transformaci\u00f3n sin repetir los excesos del poder. La presidenta \u2014m\u00e1s t\u00e9cnica que carism\u00e1tica\u2014 parece entender que el pa\u00eds no necesita nuevas proclamas, sino reformas que resistan el paso del tiempo. En ese camino, su estilo recuerda a Azor\u00edn, quien advert\u00eda que <em>\u201ccontra lo que el tiempo ha ido estratificando, s\u00f3lo con el tiempo se puede luchar\u201d<\/em>.<\/p>\n\n\n\n<p>En esta coyuntura, dos decisiones recientes ilustran bien esa filosof\u00eda de fondo: la <strong>pausa a la reforma de telecomunicaciones<\/strong> y el <strong>arranque del Plan Nacional de Vivienda<\/strong>. En ambos casos, se evita el maximalismo. Se gobierna con bistur\u00ed.<\/p>\n\n\n\n<p>La propuesta de una nueva Ley de Telecomunicaciones y Radiodifusi\u00f3n gener\u00f3 preocupaci\u00f3n por su potencial de concentraci\u00f3n y censura. La reacci\u00f3n de Sheinbaum fue pausarla. Convoc\u00f3 a especialistas, acad\u00e9micos y legisladores para revisar a fondo su contenido. En lugar de avanzar con soberbia, eligi\u00f3 replegarse estrat\u00e9gicamente.<\/p>\n\n\n\n<p>Este gesto no es menor: en una democracia fr\u00e1gil, saber retroceder puede ser m\u00e1s valioso que imponerse. Azor\u00edn habr\u00eda aplaudido el movimiento: <em>\u201cel pol\u00edtico que quiere hacer algo \u00fatil a su pa\u00eds\u2026 debe llevar las reformas con discreci\u00f3n y sigilo\u201d<\/em>.<\/p>\n\n\n\n<p>El mensaje es claro: la presidenta no busca sumar poder por v\u00eda legal, sino evitar alarmas innecesarias. Prefiere corregir antes que confrontar, una se\u00f1al de inteligencia pol\u00edtica en tiempos donde las redes amplifican cualquier sombra de autoritarismo.<\/p>\n\n\n\n<p>En paralelo, el <strong>Plan Nacional de Vivienda<\/strong> proyecta construir un mill\u00f3n de casas y rehabilitar 450,000 m\u00e1s. Pero m\u00e1s all\u00e1 del n\u00famero, lo interesante es el c\u00f3mo: se apuesta por recuperar viviendas abandonadas, activar esquemas de renta con opci\u00f3n a compra, y focalizar esfuerzos en zonas urbanas con servicios.<\/p>\n\n\n\n<p>No se trata de imponer ciudades modelo desde el escritorio, sino de intervenir con respeto al tejido social. Frente al desorden inmobiliario que dej\u00f3 el pasado, el enfoque de Sheinbaum es quir\u00fargico: transformar sin desplazar.<\/p>\n\n\n\n<p>Azor\u00edn lo habr\u00eda resumido con una met\u00e1fora m\u00e1s simple: <em>\u201cque sean veinte los galopines en vez de ser cincuenta\u201d<\/em>. Es decir, si no se puede lograr la justicia plena, al menos que se avance con menos da\u00f1o, m\u00e1s criterio, y pasos medidos.<\/p>\n\n\n\n<p>Estos dos casos revelan algo profundo: el nuevo gobierno no se siente obligado a impresionar, sino a funcionar. A diferencia del sexenio anterior, que vivi\u00f3 de \u00e9pica, Sheinbaum parece apostar por lo t\u00e9cnico, lo gradual y lo efectivo.<\/p>\n\n\n\n<p>\u00bfBasta eso para transformar al pa\u00eds? No. Pero es un inicio que, al menos, no desprecia la complejidad. Como dijo Azor\u00edn: <em>\u201clas cosas se han ido formando lentamente\u201d<\/em>. Y s\u00f3lo con inteligencia \u2014no con gritos\u2014 se pueden transformar.<\/p>\n\n\n\n<p><\/p>\n","protected":false},"excerpt":{"rendered":"<p>Por Ricardo Mart\u00ednez Mart\u00ednez @ricardommz07 Claudia Sheinbaum inici\u00f3 su mandato bajo una premisa compleja: continuar una transformaci\u00f3n sin repetir los [&hellip;]<\/p>\n","protected":false},"author":1,"featured_media":91308,"comment_status":"open","ping_status":"open","sticky":false,"template":"","format":"standard","meta":{"site-sidebar-layout":"default","site-content-layout":"","ast-site-content-layout":"default","site-content-style":"default","site-sidebar-style":"default","ast-global-header-display":"","ast-banner-title-visibility":"","ast-main-header-display":"","ast-hfb-above-header-display":"","ast-hfb-below-header-display":"","ast-hfb-mobile-header-display":"","site-post-title":"","ast-breadcrumbs-content":"","ast-featured-img":"","footer-sml-layout":"","theme-transparent-header-meta":"","adv-header-id-meta":"","stick-header-meta":"","header-above-stick-meta":"","header-main-stick-meta":"","header-below-stick-meta":"","astra-migrate-meta-layouts":"default","ast-page-background-enabled":"default","ast-page-background-meta":{"desktop":{"background-color":"var(--ast-global-color-4)","background-image":"","background-repeat":"repeat","background-position":"center center","background-size":"auto","background-attachment":"scroll","background-type":"","background-media":"","overlay-type":"","overlay-color":"","overlay-opacity":"","overlay-gradient":""},"tablet":{"background-color":"","background-image":"","background-repeat":"repeat","background-position":"center center","background-size":"auto","background-attachment":"scroll","background-type":"","background-media":"","overlay-type":"","overlay-color":"","overlay-opacity":"","overlay-gradient":""},"mobile":{"background-color":"","background-image":"","background-repeat":"repeat","background-position":"center center","background-size":"auto","background-attachment":"scroll","background-type":"","background-media":"","overlay-type":"","overlay-color":"","overlay-opacity":"","overlay-gradient":""}},"ast-content-background-meta":{"desktop":{"background-color":"var(--ast-global-color-5)","background-image":"","background-repeat":"repeat","background-position":"center center","background-size":"auto","background-attachment":"scroll","background-type":"","background-media":"","overlay-type":"","overlay-color":"","overlay-opacity":"","overlay-gradient":""},"tablet":{"background-color":"var(--ast-global-color-5)","background-image":"","background-repeat":"repeat","background-position":"center center","background-size":"auto","background-attachment":"scroll","background-type":"","background-media":"","overlay-type":"","overlay-color":"","overlay-opacity":"","overlay-gradient":""},"mobile":{"background-color":"var(--ast-global-color-5)","background-image":"","background-repeat":"repeat","background-position":"center center","background-size":"auto","background-attachment":"scroll","background-type":"","background-media":"","overlay-type":"","overlay-color":"","overlay-opacity":"","overlay-gradient":""}},"footnotes":""},"categories":[32663,8,22],"tags":[38599,38600],"class_list":["post-99863","post","type-post","status-publish","format-standard","has-post-thumbnail","hentry","category-entre-ruidos-y-senales","category-noticias","category-opinion-invitada","tag-azorin","tag-plan-nacional-de-vivienda"],"_links":{"self":[{"href":"https:\/\/losperiodistas.com.mx\/portal\/wp-json\/wp\/v2\/posts\/99863","targetHints":{"allow":["GET"]}}],"collection":[{"href":"https:\/\/losperiodistas.com.mx\/portal\/wp-json\/wp\/v2\/posts"}],"about":[{"href":"https:\/\/losperiodistas.com.mx\/portal\/wp-json\/wp\/v2\/types\/post"}],"author":[{"embeddable":true,"href":"https:\/\/losperiodistas.com.mx\/portal\/wp-json\/wp\/v2\/users\/1"}],"replies":[{"embeddable":true,"href":"https:\/\/losperiodistas.com.mx\/portal\/wp-json\/wp\/v2\/comments?post=99863"}],"version-history":[{"count":1,"href":"https:\/\/losperiodistas.com.mx\/portal\/wp-json\/wp\/v2\/posts\/99863\/revisions"}],"predecessor-version":[{"id":99864,"href":"https:\/\/losperiodistas.com.mx\/portal\/wp-json\/wp\/v2\/posts\/99863\/revisions\/99864"}],"wp:featuredmedia":[{"embeddable":true,"href":"https:\/\/losperiodistas.com.mx\/portal\/wp-json\/wp\/v2\/media\/91308"}],"wp:attachment":[{"href":"https:\/\/losperiodistas.com.mx\/portal\/wp-json\/wp\/v2\/media?parent=99863"}],"wp:term":[{"taxonomy":"category","embeddable":true,"href":"https:\/\/losperiodistas.com.mx\/portal\/wp-json\/wp\/v2\/categories?post=99863"},{"taxonomy":"post_tag","embeddable":true,"href":"https:\/\/losperiodistas.com.mx\/portal\/wp-json\/wp\/v2\/tags?post=99863"}],"curies":[{"name":"wp","href":"https:\/\/api.w.org\/{rel}","templated":true}]}}