{"id":99846,"date":"2025-05-21T07:28:59","date_gmt":"2025-05-21T13:28:59","guid":{"rendered":"https:\/\/losperiodistas.com.mx\/portal\/?p=99846"},"modified":"2025-05-21T07:29:01","modified_gmt":"2025-05-21T13:29:01","slug":"los-primeros-cambios-de-leon-xiv-cesa-al-polemico-cardenal-vincenzo-paglia-famoso-por-su-mural-homoerotico-ld","status":"publish","type":"post","link":"https:\/\/losperiodistas.com.mx\/portal\/los-primeros-cambios-de-leon-xiv-cesa-al-polemico-cardenal-vincenzo-paglia-famoso-por-su-mural-homoerotico-ld\/","title":{"rendered":"Los primeros cambios de Le\u00f3n XIV: cesa al pol\u00e9mico cardenal Vincenzo Paglia famoso por su mural homoer\u00f3tico | LD"},"content":{"rendered":"\n<h2 class=\"wp-block-heading\">El Papa Le\u00f3n XIV ha nombrado al cardenal Reina como nuevo Gran Canciller del Instituto Teol\u00f3gico Juan Pablo II sustitutendo al cardenal Paglia.<\/h2>\n\n\n\n<figure class=\"wp-block-image size-full\"><img fetchpriority=\"high\" decoding=\"async\" width=\"697\" height=\"472\" src=\"https:\/\/losperiodistas.com.mx\/portal\/wp-content\/uploads\/2025\/05\/vincenzo-paglia-papa-francisco.jpg.webp\" alt=\"\" class=\"wp-image-99847\" srcset=\"https:\/\/losperiodistas.com.mx\/portal\/wp-content\/uploads\/2025\/05\/vincenzo-paglia-papa-francisco.jpg.webp 697w, https:\/\/losperiodistas.com.mx\/portal\/wp-content\/uploads\/2025\/05\/vincenzo-paglia-papa-francisco.jpg-300x203.webp 300w\" sizes=\"(max-width: 697px) 100vw, 697px\" \/><figcaption class=\"wp-element-caption\">El papa Francisco con el pol\u00e9mico Vincenzo Paglia, a qui\u00e9n siempre defendi\u00f3 |\u00a0Cordon Press <\/figcaption><\/figure>\n\n\n\n<p><a href=\"https:\/\/www.libertaddigital.com\/autores\/ana-mateu-cifre\/\"><\/a><\/p>\n\n\n\n<p class=\"has-vivid-red-color has-text-color has-link-color has-medium-font-size wp-elements-14c6307c280b7543a367e8ebe73d0357\"><strong><a href=\"https:\/\/www.libertaddigital.com\/autores\/ana-mateu-cifre\/\">A. Mateu<\/a> \/ Libertad Digital<\/strong><\/p>\n\n\n\n<figure class=\"wp-block-image\" id=\"ph9dd6ba89-e900-47e0-a9af-68677ecfccd8\"><a href=\"https:\/\/s.libertaddigital.com\/2025\/05\/20\/1920\/1080\/fit\/vincenzo-paglia-papa-francisco.jpg\"><img decoding=\"async\" src=\"https:\/\/s.libertaddigital.com\/images\/trans.png\" alt=\"El Papa Le\u00f3n XIV ha nombrado al cardenal Reina como nuevo Gran Canciller del Instituto Teol\u00f3gico Juan Pablo II sustitutendo al cardenal Paglia.\" title=\"Los primeros cambios de Le\u00f3n XIV: cesa al pol\u00e9mico cardenal Vincenzo Paglia famoso por su mural homoer\u00f3tico\"\/><\/a><\/figure>\n\n\n\n<p>Aunque&nbsp;<a href=\"https:\/\/www.libertaddigital.com\/personajes\/papa-leon-xiv\/\"><strong>Le\u00f3n XIV<\/strong>&nbsp;<\/a>anunci\u00f3 en su encuentro con los cardenales que iba a mantener al frente de los dicasterios vaticanos a los mismos responsables hasta nuevo aviso, ha realizado su primera decisi\u00f3n de gobierno (y que adem\u00e1s es significativa) y es el cese del pol\u00e9mico y cuestionado arzobispo italiano<strong>&nbsp;Vincenzo Paglia<\/strong>&nbsp;por cardenal&nbsp;<strong>Baldassare Reina<\/strong>&nbsp;como Gran Canciller del Pontificio&nbsp;<strong>Instituto Teol\u00f3gico Juan Pablo II para las Ciencias del Matrimonio y la Familia.&nbsp;<\/strong>Un instituto que colabora con el Dicasterio para los Laicos, la Familia y la Vida para promover una orientaci\u00f3n com\u00fan en los estudios sobre el matrimonio, la familia y la vida, tambi\u00e9n a trav\u00e9s de cursos de formaci\u00f3n y oportunidades de intercambio con la red mundial de movimientos familiares.<\/p>\n\n\n\n<figure class=\"wp-block-image\"><a href=\"https:\/\/s.libertaddigital.com\/2025\/05\/20\/cardenal-baldassare-reina.jpg\"><img decoding=\"async\" src=\"https:\/\/s.libertaddigital.com\/2025\/05\/20\/cardenal-baldassare-reina.jpg\" alt=\"cardenal-baldassare-reina.jpg\"\/><\/a><figcaption class=\"wp-element-caption\">Cardenal Baldassare Reina<\/figcaption><\/figure>\n\n\n\n<p>Una decisi\u00f3n que ha sido bien recibida e&nbsp;<strong>interpretada como una clara voluntad de recuperar la instituci\u00f3n<\/strong>, sobre todo despu\u00e9s del encuentro de Le\u00f3n XIV con el Cuerpo Diplom\u00e1tico acreditado ante la Santa Sede, donde subray\u00f3&nbsp;<strong>la necesidad de invertir y proteger m\u00e1s a la familia<\/strong>, \u00ab<strong>fundada sobre la uni\u00f3n estable entre el hombre y la mujer<\/strong>, que son en s\u00ed misma una sociedad\u00bb. Sin duda,&nbsp;<strong>la&nbsp;<\/strong><strong>familia se<\/strong><strong>r\u00e1&nbsp;<\/strong><strong>un tema fundamental de este nuevo pontificado<\/strong>.<\/p>\n\n\n\n<p>Aunque se ha intentado justificar dicha decisi\u00f3n diciendo que todo respond\u00eda a un relevo generacional, Paglia, nombrado por el papa Francisco en 2016, ha tenido una gesti\u00f3n marcada por la pol\u00e9mica y que muchos no han dudado en calificar como \u00abdesastre\u00bb debido al&nbsp;<strong>cese de varios profesores de teolog\u00eda moral y antropolog\u00eda teol\u00f3gica<\/strong>&nbsp;que segu\u00edan la l\u00ednea original de&nbsp;<strong>san Juan Pablo II<\/strong>&nbsp;para adoptar una corriente m\u00e1s sociol\u00f3gica.<\/p>\n\n\n\n<h2 class=\"wp-block-heading\">Relacionado<\/h2>\n\n\n\n<ul class=\"wp-block-list\">\n<li><a href=\"https:\/\/www.libertaddigital.com\/internacional\/europa\/2025-05-17\/el-vaticano-difunde-las-primeras-imagenes-del-anillo-del-pescador-que-recibira-este-domingo-leon-xiv-7255535\/\">El Vaticano difunde las primeras im\u00e1genes del Anillo del Pescador que recibir\u00e1 este domingo Le\u00f3n XIV<\/a><\/li>\n\n\n\n<li><a href=\"https:\/\/www.libertaddigital.com\/chic\/corazon\/2025-05-18\/aciertos-y-desaciertos-de-la-misa-de-inicio-de-pontificado-de-leon-xiv-anecdotas-y-errores-de-protocolo-7255689\/\">Aciertos y desaciertos de la misa de inicio de pontificado de Le\u00f3n XIV: an\u00e9cdotas y errores de protocolo<\/a><\/li>\n\n\n\n<li><a href=\"https:\/\/www.libertaddigital.com\/internacional\/europa\/2025-05-16\/de-la-coronacion-con-tiara-a-la-sencillez-del-inicio-del-ministerio-petrino-asi-cambio-el-inicio-de-pontificado-7255138\/\">De la coronaci\u00f3n con tiara a la sencillez del \u00abinicio del ministerio petrino\u00bb: as\u00ed cambi\u00f3 el inicio de pontificado<\/a><\/li>\n<\/ul>\n\n\n\n<p>Pero no ha sido la \u00fanica pol\u00e9mica del cardenal. La m\u00e1s importante, el pol\u00e9mico mural que mand\u00f3 pintar en la catedral de Terni en 2007, en el que<strong>&nbsp;se representa a Cristo resucitado llevando a lo alto del cielo unas redes llenas de hombres y mujeres desnudos<\/strong>, entre los que se encuentra el propio Paglia.<\/p>\n\n\n\n<figure class=\"wp-block-embed is-type-rich is-provider-twitter wp-block-embed-twitter\"><div class=\"wp-block-embed__wrapper\">\n<blockquote class=\"twitter-tweet\" data-width=\"500\" data-dnt=\"true\"><p lang=\"en\" dir=\"ltr\">Must see. Duomo di Terni,mural with don Fabio Leonardis, naked, and don Vincenzo Paglia. Commissioned by the latter.<a href=\"https:\/\/t.co\/cednMr5k5N\">https:\/\/t.co\/cednMr5k5N<\/a> <a href=\"https:\/\/t.co\/q84kfrpWBx\">pic.twitter.com\/q84kfrpWBx<\/a><\/p>&mdash; O. das Quinas (@quinas_o) <a href=\"https:\/\/twitter.com\/quinas_o\/status\/835503562314682368?ref_src=twsrc%5Etfw\">February 25, 2017<\/a><\/blockquote><script async src=\"https:\/\/platform.twitter.com\/widgets.js\" charset=\"utf-8\"><\/script>\n<\/div><\/figure>\n\n\n\n<p>Adem\u00e1s de realizar manifestaciones p\u00fablicas en temas de relevancia como la eutanasia, o dejar a su di\u00f3cesis casi en la ruina, nombr\u00f3 a la economista Mariana Mazzucatto, declarada proabortista, como miembro del Consejo de la Familia. Y aunque tuvieron que recordarle a Paglia que los miembros de la Pontificia Academia para la Vida se seleccionan entre quienes han demostrado \u00abfiel servicio en la defensa y la promoci\u00f3n del derecho a la vida\u00bb, Francisco confi\u00f3 en \u00e9l.<\/p>\n\n\n\n<p>El cardenal&nbsp;<strong>Baldassare Reina,&nbsp;<\/strong>de 54 a\u00f1os, reconocido por su estilo pastoral cercano y su compromiso con una Iglesia, se form\u00f3 en la Pontificia Universidad Gregoriana de Roma, donde obtuvo el bachillerato en Teolog\u00eda y la licenciatura en Teolog\u00eda B\u00edblica. A lo largo de su ministerio sacerdotal, ha desempe\u00f1ado diversos cargos pastorales y acad\u00e9micos. En 2024 fue creado cardenal por el papa Francisco, y desde enero de 2025 pas\u00f3 a formar parte del Dicasterio para el Clero. Con este nombramiento se vuelve a la situaci\u00f3n can\u00f3nica habitual donde este puesto era siempre para el gran canciller de la Universidad Lateranense.<\/p>\n\n\n\n<p>Fuente: <a href=\"https:\/\/www.libertaddigital.com\/internacional\/europa\/2025-05-20\/los-primeros-cambios-de-leon-xiv-cesa-al-polemico-cardenal-vincenzo-paglia-famoso-por-su-mural-homoerotico-7256463\/\">https:\/\/www.libertaddigital.com\/internacional\/europa\/2025-05-20\/los-primeros-cambios-de-leon-xiv-cesa-al-polemico-cardenal-vincenzo-paglia-famoso-por-su-mural-homoerotico-7256463\/<\/a><\/p>\n","protected":false},"excerpt":{"rendered":"<p>El Papa Le\u00f3n XIV ha nombrado al cardenal Reina como nuevo Gran Canciller del Instituto Teol\u00f3gico Juan Pablo II sustitutendo [&hellip;]<\/p>\n","protected":false},"author":1,"featured_media":99847,"comment_status":"open","ping_status":"open","sticky":false,"template":"","format":"standard","meta":{"site-sidebar-layout":"default","site-content-layout":"","ast-site-content-layout":"default","site-content-style":"default","site-sidebar-style":"default","ast-global-header-display":"","ast-banner-title-visibility":"","ast-main-header-display":"","ast-hfb-above-header-display":"","ast-hfb-below-header-display":"","ast-hfb-mobile-header-display":"","site-post-title":"","ast-breadcrumbs-content":"","ast-featured-img":"","footer-sml-layout":"","theme-transparent-header-meta":"","adv-header-id-meta":"","stick-header-meta":"","header-above-stick-meta":"","header-main-stick-meta":"","header-below-stick-meta":"","astra-migrate-meta-layouts":"default","ast-page-background-enabled":"default","ast-page-background-meta":{"desktop":{"background-color":"var(--ast-global-color-4)","background-image":"","background-repeat":"repeat","background-position":"center center","background-size":"auto","background-attachment":"scroll","background-type":"","background-media":"","overlay-type":"","overlay-color":"","overlay-opacity":"","overlay-gradient":""},"tablet":{"background-color":"","background-image":"","background-repeat":"repeat","background-position":"center center","background-size":"auto","background-attachment":"scroll","background-type":"","background-media":"","overlay-type":"","overlay-color":"","overlay-opacity":"","overlay-gradient":""},"mobile":{"background-color":"","background-image":"","background-repeat":"repeat","background-position":"center center","background-size":"auto","background-attachment":"scroll","background-type":"","background-media":"","overlay-type":"","overlay-color":"","overlay-opacity":"","overlay-gradient":""}},"ast-content-background-meta":{"desktop":{"background-color":"var(--ast-global-color-5)","background-image":"","background-repeat":"repeat","background-position":"center center","background-size":"auto","background-attachment":"scroll","background-type":"","background-media":"","overlay-type":"","overlay-color":"","overlay-opacity":"","overlay-gradient":""},"tablet":{"background-color":"var(--ast-global-color-5)","background-image":"","background-repeat":"repeat","background-position":"center center","background-size":"auto","background-attachment":"scroll","background-type":"","background-media":"","overlay-type":"","overlay-color":"","overlay-opacity":"","overlay-gradient":""},"mobile":{"background-color":"var(--ast-global-color-5)","background-image":"","background-repeat":"repeat","background-position":"center center","background-size":"auto","background-attachment":"scroll","background-type":"","background-media":"","overlay-type":"","overlay-color":"","overlay-opacity":"","overlay-gradient":""}},"footnotes":""},"categories":[8],"tags":[38589,38588,38590,38205,38587],"class_list":["post-99846","post","type-post","status-publish","format-standard","has-post-thumbnail","hentry","category-noticias","tag-cardenal-baldassare-reina","tag-gran-canciller-del-instituto-teologico-juan-pablo-ii","tag-instituto-teologico-juan-pablo-ii-para-las-ciencias-del-matrimonio-y-la-familia","tag-leon-xiv","tag-sale-cardenal-vincenzo-paglia"],"_links":{"self":[{"href":"https:\/\/losperiodistas.com.mx\/portal\/wp-json\/wp\/v2\/posts\/99846","targetHints":{"allow":["GET"]}}],"collection":[{"href":"https:\/\/losperiodistas.com.mx\/portal\/wp-json\/wp\/v2\/posts"}],"about":[{"href":"https:\/\/losperiodistas.com.mx\/portal\/wp-json\/wp\/v2\/types\/post"}],"author":[{"embeddable":true,"href":"https:\/\/losperiodistas.com.mx\/portal\/wp-json\/wp\/v2\/users\/1"}],"replies":[{"embeddable":true,"href":"https:\/\/losperiodistas.com.mx\/portal\/wp-json\/wp\/v2\/comments?post=99846"}],"version-history":[{"count":1,"href":"https:\/\/losperiodistas.com.mx\/portal\/wp-json\/wp\/v2\/posts\/99846\/revisions"}],"predecessor-version":[{"id":99848,"href":"https:\/\/losperiodistas.com.mx\/portal\/wp-json\/wp\/v2\/posts\/99846\/revisions\/99848"}],"wp:featuredmedia":[{"embeddable":true,"href":"https:\/\/losperiodistas.com.mx\/portal\/wp-json\/wp\/v2\/media\/99847"}],"wp:attachment":[{"href":"https:\/\/losperiodistas.com.mx\/portal\/wp-json\/wp\/v2\/media?parent=99846"}],"wp:term":[{"taxonomy":"category","embeddable":true,"href":"https:\/\/losperiodistas.com.mx\/portal\/wp-json\/wp\/v2\/categories?post=99846"},{"taxonomy":"post_tag","embeddable":true,"href":"https:\/\/losperiodistas.com.mx\/portal\/wp-json\/wp\/v2\/tags?post=99846"}],"curies":[{"name":"wp","href":"https:\/\/api.w.org\/{rel}","templated":true}]}}