{"id":99844,"date":"2025-05-21T07:22:33","date_gmt":"2025-05-21T13:22:33","guid":{"rendered":"https:\/\/losperiodistas.com.mx\/portal\/?p=99844"},"modified":"2025-05-21T07:22:34","modified_gmt":"2025-05-21T13:22:34","slug":"opinion-samba-diplomatica-domina-la-experiencia-o-la-renovacion-en-la-politica-latinoamericana","status":"publish","type":"post","link":"https:\/\/losperiodistas.com.mx\/portal\/opinion-samba-diplomatica-domina-la-experiencia-o-la-renovacion-en-la-politica-latinoamericana\/","title":{"rendered":"Opini\u00f3n | Samba Diplom\u00e1tica: \u00bfDomina la Experiencia o la Renovaci\u00f3n en la Pol\u00edtica Latinoamericana?"},"content":{"rendered":"\n<figure class=\"wp-block-image alignright size-large is-resized\"><img fetchpriority=\"high\" decoding=\"async\" width=\"791\" height=\"1024\" src=\"https:\/\/losperiodistas.com.mx\/portal\/wp-content\/uploads\/2024\/11\/WhatsApp-Image-2021-06-02-at-21.07.22-791x1024.jpeg\" alt=\"\" class=\"wp-image-91226\" style=\"width:159px;height:auto\" srcset=\"https:\/\/losperiodistas.com.mx\/portal\/wp-content\/uploads\/2024\/11\/WhatsApp-Image-2021-06-02-at-21.07.22-791x1024.jpeg 791w, https:\/\/losperiodistas.com.mx\/portal\/wp-content\/uploads\/2024\/11\/WhatsApp-Image-2021-06-02-at-21.07.22-232x300.jpeg 232w, https:\/\/losperiodistas.com.mx\/portal\/wp-content\/uploads\/2024\/11\/WhatsApp-Image-2021-06-02-at-21.07.22-768x994.jpeg 768w, https:\/\/losperiodistas.com.mx\/portal\/wp-content\/uploads\/2024\/11\/WhatsApp-Image-2021-06-02-at-21.07.22.jpeg 989w\" sizes=\"(max-width: 791px) 100vw, 791px\" \/><\/figure>\n\n\n\n<p class=\"has-vivid-red-color has-text-color has-link-color wp-elements-a67fe2a36579dfb50be16092abac02ad\" style=\"font-size:26px\"><strong><em>\u00a0<\/em><\/strong><\/p>\n\n\n\n<p><\/p>\n\n\n\n<p><\/p>\n\n\n\n<p><\/p>\n\n\n\n<p class=\"has-vivid-red-color has-text-color has-link-color wp-elements-9947aaae01c25d54f0b14c4511493518\" style=\"font-size:26px\"><strong><em>Por Jos\u00e9 Ojeda Bustamante<\/em><\/strong><\/p>\n\n\n\n<p><strong><a href=\"http:\/\/@ojedapepe\">@ojedapepe<\/a><\/strong><\/p>\n\n\n\n<p>Brasil, bajo el liderazgo de Luiz In\u00e1cio Lula da Silva, y Am\u00e9rica Latina en general, enfrentan un dilema entre la experiencia de l\u00edderes longevos y la renovaci\u00f3n impulsada por figuras j\u00f3venes. La \u00absamba diplom\u00e1tica\u00bb de Brasil, que equilibra relaciones con China, Rusia y Occidente, refleja este tensionado equilibrio, pero \u00bfes la veteran\u00eda de l\u00edderes como Lula un obst\u00e1culo o una ventaja para la regi\u00f3n en un mundo multipolar?<\/p>\n\n\n\n<p>Brasil ha consolidado una relaci\u00f3n estrat\u00e9gica con China, su mayor socio comercial desde 2009. En 2023, el comercio bilateral alcanz\u00f3 niveles r\u00e9cord, con exportaciones centradas en soja, mineral de hierro y petr\u00f3leo. En 2024, se firmaron 37 acuerdos en tecnolog\u00eda, infraestructura y energ\u00eda, reforzando la posici\u00f3n de Brasil en los BRICS, un bloque que promueve la multipolaridad. Con Rusia, el comercio bilateral ronda los 10 mil millones de d\u00f3lares, centrado en fertilizantes esenciales para la agricultura brasile\u00f1a. Aunque las tensiones globales complican esta relaci\u00f3n, los BRICS permiten a Brasil alinearse con Rusia sin romper con Occidente.<\/p>\n\n\n\n<p>Lula da Silva, presidente desde 2023, lidera esta diplomacia pragm\u00e1tica. Su enfoque evita alineamientos exclusivos con Estados Unidos o la Uni\u00f3n Europea, priorizando la autonom\u00eda y la integraci\u00f3n sudamericana. Sin embargo, su popularidad ha ca\u00eddo al 24% en 2025, la m\u00e1s baja de sus mandatos, debido a la inflaci\u00f3n y problemas de comunicaci\u00f3n.<\/p>\n\n\n\n<p>A sus 79 a\u00f1os, Lula combina experiencia con ambici\u00f3n geopol\u00edtica. Su tercer mandato ha revitalizado los BRICS y fortalecido la cooperaci\u00f3n con China y Rusia. Sin embargo, su posible candidatura en 2026 enfrenta desaf\u00edos: su edad (81 a\u00f1os para entonces) y una reciente cirug\u00eda por un hematoma craneal generan dudas. A pesar de esto, el Partido de los Trabajadores (PT) lo respalda, y encuestas de 2024 lo sit\u00faan como favorito frente a una derecha fragmentada. La pregunta es si su experiencia compensa las preocupaciones sobre su salud y la necesidad de renovaci\u00f3n pol\u00edtica.<\/p>\n\n\n\n<p>Sin embargo, la noci\u00f3n de una gerontocracia en Brasil no se sostiene. Aunque Lula es uno de los l\u00edderes m\u00e1s longevos, su gobierno incluye figuras j\u00f3venes y diversas, y la pol\u00edtica brasile\u00f1a sigue siendo competitiva. La fragmentaci\u00f3n de la derecha y el surgimiento de nuevos l\u00edderes sugieren que el poder no est\u00e1 monopolizado por una \u00e9lite de edad avanzada. Lula representa experiencia, pero no un sistema que excluya a las nuevas generaciones.<\/p>\n\n\n\n<p>La regi\u00f3n muestra una diversidad de edades entre sus mandatarios. L\u00edderes j\u00f3venes como Daniel Noboa (37 a\u00f1os, Ecuador), Gabriel Boric (39 a\u00f1os, Chile) y Nayib Bukele (43 a\u00f1os, El Salvador) contrastan con figuras como Lula (79 a\u00f1os) o Andr\u00e9s Manuel L\u00f3pez Obrador (70 a\u00f1os, M\u00e9xico, hasta 2024). En 2023, el promedio de edad de los presidentes fue de 57,9 a\u00f1os, con una tendencia hacia liderazgos m\u00e1s j\u00f3venes en algunos pa\u00edses. Esta diversidad refleja un equilibrio entre la experiencia, que aporta continuidad en contextos vol\u00e1tiles, y la renovaci\u00f3n, que trae perspectivas frescas.<\/p>\n\n\n\n<p>Desde las Ant\u00edpodas podemos, desde esta perspectiva asomar algunas conclusiones.<\/p>\n\n\n\n<p>La \u00absamba diplom\u00e1tica\u00bb de Lula permite a Brasil navegar un mundo multipolar, fortaleciendo lazos con China y Rusia sin alienar a Occidente. Esta estrategia refuerza su autonom\u00eda, pero depende de la capacidad de Lula para mantener el apoyo interno.<\/p>\n\n\n\n<p>Aunque l\u00edderes longevos como Lula dominan en algunos pa\u00edses, la pol\u00edtica latinoamericana no est\u00e1 atrapada en una gerontocracia. La competencia electoral y la emergencia de l\u00edderes j\u00f3venes evitan la concentraci\u00f3n del poder en una \u00e9lite de edad avanzada.<\/p>\n\n\n\n<p>La coexistencia de l\u00edderes j\u00f3venes y experimentados en Am\u00e9rica Latina es una ventaja. Los primeros aportan innovaci\u00f3n; los segundos, estabilidad. La regi\u00f3n debe aprovechar este equilibrio para enfrentar desaf\u00edos globales.<\/p>\n\n\n\n<p>La posible reelecci\u00f3n de Lula en 2026 depender\u00e1 de su salud y popularidad. Su liderazgo, aunque valioso, plantea preguntas sobre la renovaci\u00f3n en Brasil y la regi\u00f3n. Am\u00e9rica Latina necesita una danza pol\u00edtica que combine experiencia con nuevas ideas para mantener su ritmo en un mundo cambiante.<\/p>\n\n\n\n<p>La samba diplom\u00e1tica de Brasil y Am\u00e9rica Latina para concluir con la analog\u00eda es un comp\u00e1s que exige pasos nuevos y audaces para no perder el ritmo global.<\/p>\n\n\n\n<p>Y en M\u00e9xico \u00bfA qu\u00e9 ritmo diplom\u00e1tico nos movemos? Lo analizaremos en otra ocasi\u00f3n.<\/p>\n","protected":false},"excerpt":{"rendered":"<p>\u00a0 Por Jos\u00e9 Ojeda Bustamante @ojedapepe Brasil, bajo el liderazgo de Luiz In\u00e1cio Lula da Silva, y Am\u00e9rica Latina en [&hellip;]<\/p>\n","protected":false},"author":1,"featured_media":91226,"comment_status":"open","ping_status":"open","sticky":false,"template":"","format":"standard","meta":{"site-sidebar-layout":"default","site-content-layout":"","ast-site-content-layout":"default","site-content-style":"default","site-sidebar-style":"default","ast-global-header-display":"","ast-banner-title-visibility":"","ast-main-header-display":"","ast-hfb-above-header-display":"","ast-hfb-below-header-display":"","ast-hfb-mobile-header-display":"","site-post-title":"","ast-breadcrumbs-content":"","ast-featured-img":"","footer-sml-layout":"","theme-transparent-header-meta":"","adv-header-id-meta":"","stick-header-meta":"","header-above-stick-meta":"","header-main-stick-meta":"","header-below-stick-meta":"","astra-migrate-meta-layouts":"default","ast-page-background-enabled":"default","ast-page-background-meta":{"desktop":{"background-color":"var(--ast-global-color-4)","background-image":"","background-repeat":"repeat","background-position":"center center","background-size":"auto","background-attachment":"scroll","background-type":"","background-media":"","overlay-type":"","overlay-color":"","overlay-opacity":"","overlay-gradient":""},"tablet":{"background-color":"","background-image":"","background-repeat":"repeat","background-position":"center center","background-size":"auto","background-attachment":"scroll","background-type":"","background-media":"","overlay-type":"","overlay-color":"","overlay-opacity":"","overlay-gradient":""},"mobile":{"background-color":"","background-image":"","background-repeat":"repeat","background-position":"center center","background-size":"auto","background-attachment":"scroll","background-type":"","background-media":"","overlay-type":"","overlay-color":"","overlay-opacity":"","overlay-gradient":""}},"ast-content-background-meta":{"desktop":{"background-color":"var(--ast-global-color-5)","background-image":"","background-repeat":"repeat","background-position":"center center","background-size":"auto","background-attachment":"scroll","background-type":"","background-media":"","overlay-type":"","overlay-color":"","overlay-opacity":"","overlay-gradient":""},"tablet":{"background-color":"var(--ast-global-color-5)","background-image":"","background-repeat":"repeat","background-position":"center center","background-size":"auto","background-attachment":"scroll","background-type":"","background-media":"","overlay-type":"","overlay-color":"","overlay-opacity":"","overlay-gradient":""},"mobile":{"background-color":"var(--ast-global-color-5)","background-image":"","background-repeat":"repeat","background-position":"center center","background-size":"auto","background-attachment":"scroll","background-type":"","background-media":"","overlay-type":"","overlay-color":"","overlay-opacity":"","overlay-gradient":""}},"footnotes":""},"categories":[2043,8,22],"tags":[31906,18760],"class_list":["post-99844","post","type-post","status-publish","format-standard","has-post-thumbnail","hentry","category-en-las-antipodas-2","category-noticias","category-opinion-invitada","tag-brics","tag-politica-latinoamericana"],"_links":{"self":[{"href":"https:\/\/losperiodistas.com.mx\/portal\/wp-json\/wp\/v2\/posts\/99844","targetHints":{"allow":["GET"]}}],"collection":[{"href":"https:\/\/losperiodistas.com.mx\/portal\/wp-json\/wp\/v2\/posts"}],"about":[{"href":"https:\/\/losperiodistas.com.mx\/portal\/wp-json\/wp\/v2\/types\/post"}],"author":[{"embeddable":true,"href":"https:\/\/losperiodistas.com.mx\/portal\/wp-json\/wp\/v2\/users\/1"}],"replies":[{"embeddable":true,"href":"https:\/\/losperiodistas.com.mx\/portal\/wp-json\/wp\/v2\/comments?post=99844"}],"version-history":[{"count":1,"href":"https:\/\/losperiodistas.com.mx\/portal\/wp-json\/wp\/v2\/posts\/99844\/revisions"}],"predecessor-version":[{"id":99845,"href":"https:\/\/losperiodistas.com.mx\/portal\/wp-json\/wp\/v2\/posts\/99844\/revisions\/99845"}],"wp:featuredmedia":[{"embeddable":true,"href":"https:\/\/losperiodistas.com.mx\/portal\/wp-json\/wp\/v2\/media\/91226"}],"wp:attachment":[{"href":"https:\/\/losperiodistas.com.mx\/portal\/wp-json\/wp\/v2\/media?parent=99844"}],"wp:term":[{"taxonomy":"category","embeddable":true,"href":"https:\/\/losperiodistas.com.mx\/portal\/wp-json\/wp\/v2\/categories?post=99844"},{"taxonomy":"post_tag","embeddable":true,"href":"https:\/\/losperiodistas.com.mx\/portal\/wp-json\/wp\/v2\/tags?post=99844"}],"curies":[{"name":"wp","href":"https:\/\/api.w.org\/{rel}","templated":true}]}}