{"id":99841,"date":"2025-05-21T07:01:20","date_gmt":"2025-05-21T13:01:20","guid":{"rendered":"https:\/\/losperiodistas.com.mx\/portal\/?p=99841"},"modified":"2025-05-21T07:01:21","modified_gmt":"2025-05-21T13:01:21","slug":"el-chocolate-de-la-ue-en-riesgo-de-extincion-el-97-de-la-importacion-de-cacao-viene-de-paises-vulnerables-al-clima-enclave-ods","status":"publish","type":"post","link":"https:\/\/losperiodistas.com.mx\/portal\/el-chocolate-de-la-ue-en-riesgo-de-extincion-el-97-de-la-importacion-de-cacao-viene-de-paises-vulnerables-al-clima-enclave-ods\/","title":{"rendered":"El chocolate de la UE, en riesgo de extinci\u00f3n: el 97% de la importaci\u00f3n de cacao viene de pa\u00edses vulnerables al clima | Enclave ODS"},"content":{"rendered":"\n<h2 class=\"wp-block-heading\">Un estudio analiza las amenazas clim\u00e1ticas de seis productos b\u00e1sicos esenciales, entre los que est\u00e1n tambi\u00e9n el trigo, ma\u00edz, arroz, soja y caf\u00e9.<\/h2>\n\n\n\n<figure class=\"wp-block-image size-large\"><img fetchpriority=\"high\" decoding=\"async\" width=\"1024\" height=\"576\" src=\"https:\/\/losperiodistas.com.mx\/portal\/wp-content\/uploads\/2025\/05\/1003743763600_255695206_1706x960-1024x576.jpeg\" alt=\"\" class=\"wp-image-99842\" srcset=\"https:\/\/losperiodistas.com.mx\/portal\/wp-content\/uploads\/2025\/05\/1003743763600_255695206_1706x960-1024x576.jpeg 1024w, https:\/\/losperiodistas.com.mx\/portal\/wp-content\/uploads\/2025\/05\/1003743763600_255695206_1706x960-300x169.jpeg 300w, https:\/\/losperiodistas.com.mx\/portal\/wp-content\/uploads\/2025\/05\/1003743763600_255695206_1706x960-768x432.jpeg 768w, https:\/\/losperiodistas.com.mx\/portal\/wp-content\/uploads\/2025\/05\/1003743763600_255695206_1706x960-1536x864.jpeg 1536w, https:\/\/losperiodistas.com.mx\/portal\/wp-content\/uploads\/2025\/05\/1003743763600_255695206_1706x960.jpeg 1706w\" sizes=\"(max-width: 1024px) 100vw, 1024px\" \/><figcaption class=\"wp-element-caption\">Imagen de archivo de un cultivo de cacao.\u00a0iStock<\/figcaption><\/figure>\n\n\n\n<h2 class=\"wp-block-heading\"><\/h2>\n\n\n\n<p class=\"has-vivid-red-color has-text-color has-link-color has-medium-font-size wp-elements-a0ab7b903fcb81f214f8d0aa10875a8c\"><strong><a href=\"https:\/\/www.elespanol.com\/autor\/raquel-nogueira\/?utm_cmp_rs=authorpage\">Raquel Nogueira<\/a> \/ Enclave ODS<\/strong><\/p>\n\n\n\n<p><\/p>\n\n\n\n<p id=\"paragraph_1\">\u00ab<strong>El trigo, el ma\u00edz y el cacao<\/strong>&nbsp;est\u00e1n sujetos a una doble amenaza ante la dependencia europea de las importaciones para satisfacer la demanda\u00bb de la UE. Seg\u00fan un informe publicado en la madrugada del 21 de mayo por la consultora brit\u00e1nica Foresight Transitions,&nbsp;<strong>los&nbsp;<a href=\"https:\/\/www.elespanol.com\/enclave-ods\/historias\/20250413\/agricultura-africana-peligro-cambio-climatico-region-alcanzara-limite-seguro\/1003743703728_0.html?utm_cmp_rs=linksinline\">efectos del cambio clim\u00e1tico<\/a>&nbsp;y la p\u00e9rdida de biodiversidad ponen ya en jaque la llegada de estos \u00abproductos b\u00e1sicos esenciales\u00bb,<\/strong>&nbsp;a los que tambi\u00e9n se le suman el arroz, la soja o el caf\u00e9.<\/p>\n\n\n\n<p id=\"paragraph_2\">Para Camilla Hyslop, autora principal del estudio,<strong>&nbsp;no se tratar\u00edan ya de \u00abamenazas abstractas\u00bb<\/strong>, sino que \u00abse est\u00e1n manifestando de formas que&nbsp;<strong>afectan negativamente a las empresas y los puestos de trabajo<\/strong>, as\u00ed como a la disponibilidad y el&nbsp;<strong>precio de los alimentos<\/strong>&nbsp;para los consumidores\u00bb.<\/p>\n\n\n\n<p id=\"paragraph_3\">Los impactos clim\u00e1ticos \u2014como las inundaciones, sequ\u00edas o incendios forestales\u2014, insiste Hyslop, \u00abse ven&nbsp;<strong>agravados por la disminuci\u00f3n de la biodiversidad<\/strong>, que deja a las explotaciones agr\u00edcolas y a los ecosistemas circundantes mucho menos resistentes a las perturbaciones clim\u00e1ticas y de otro tipo\u00bb.<\/p>\n\n\n\n<figure class=\"wp-block-image\"><img decoding=\"async\" src=\"https:\/\/s1.elespanol.com\/2025\/04\/21\/actualidad\/1003743722406_254928320_320x180.jpg\" alt=\"Crisis del hambre en Sud\u00e1n del Sur.\"\/><\/figure>\n\n\n\n<p><a href=\"https:\/\/www.elespanol.com\/enclave-ods\/historias\/20250421\/cambio-climatico-incrementa-violencia-hambre-comunidades-afirman-grave-amenaza\/1003743722376_0.html?utm_cmp_rs=relatednewsinline\">El cambio clim\u00e1tico incrementa la violencia y el hambre: el 90% de las comunidades afirman que es una \u00abgrave amenaza\u00bb<\/a><\/p>\n\n\n\n<p id=\"paragraph_4\">Esta situaci\u00f3n, afirma,&nbsp;<strong>\u00abno hace m\u00e1s que empeorar\u00bb<\/strong>&nbsp;y preocupa que \u00abla preparaci\u00f3n y la respuesta pol\u00edtica\u00bb de la Uni\u00f3n no est\u00e9 a la altura del desaf\u00edo. Y es que, insisten los autores del estudio, la \u00abvulnerabilidad clim\u00e1tica\u00bb de las importaciones alimentarias de la UE se ver\u00eda afectada por otros factores medioambientales, como la p\u00e9rdida de biodiversidad o de naturaleza, que sufren los pa\u00edses exportadores.<\/p>\n\n\n\n<p id=\"paragraph_5\">El estudio analiza el riesgo en funci\u00f3n del impacto clim\u00e1tico y p\u00e9rdida de diversidad biol\u00f3gica de seis importaciones alimentarias esenciales de Europa:<strong>&nbsp;el ma\u00edz, el arroz y el trigo,<\/strong>&nbsp;por ser \u00abalimentos b\u00e1sicos para la seguridad alimentaria global\u00bb; y&nbsp;<strong>el cacao, el caf\u00e9 y la soja<\/strong>, por tratarse de \u00abproductos clave para la producci\u00f3n y exportaci\u00f3n agroalimentaria de la UE\u00bb.<\/p>\n\n\n\n<h3 class=\"wp-block-heading\">Resultados \u00abpreocupantes\u00bb<\/h3>\n\n\n\n<p id=\"paragraph_6\">Los autores del informe tachan de \u00abpreocupantes\u00bb sus resultados. M\u00e1s de<strong>&nbsp;la mitad de las importaciones de cada uno de los seis productos alimentarios seleccionados provienen de \u00abpa\u00edses clim\u00e1ticamente vulnerables,<\/strong>&nbsp;con recursos limitados para adaptarse\u00bb. Algo que, insisten los investigadores, es especialmente relevante en el caso del arroz, ya que \u00abm\u00e1s de un tercio del suministro total de la UE \u2014equivalente a 1.500 millones de euros anuales\u2014, est\u00e1 ahora amenazado por el aumento de los impactos clim\u00e1ticos\u00bb.<\/p>\n\n\n\n<p id=\"paragraph_7\">Una situaci\u00f3n parecida sufre el cacao. Su suministro y la producci\u00f3n de chocolate asociada no ser\u00edan, seg\u00fan el estudio, resilientes. Esto quiere decir que<strong>&nbsp;la industria chocolatera de la UE, valorada en alrededor de 50.000 millones de d\u00f3lares, depende \u00abtotalmente\u00bb de las importaciones<\/strong>&nbsp;de cacao de pa\u00edses, en su mayor\u00eda, de \u00c1frica Occidental. Esta regi\u00f3n ya se est\u00e1 enfrentando a \u00abcrecientes impactos clim\u00e1ticos y sobre la biodiversidad\u00bb.<\/p>\n\n\n\n<p id=\"paragraph_8\">Esto implica que la producci\u00f3n de cacao vaya a ir, paulatinamente, a menos. Lo que, a su vez, har\u00e1 que los precios del producto final aumenten.<\/p>\n\n\n\n<figure class=\"wp-block-image\"><img decoding=\"async\" src=\"https:\/\/s1.elespanol.com\/2024\/07\/05\/enclave-ods\/historias\/868173596_247549899_320x180.jpg\" alt=\"Subida de precio de la cesta de la compra\"\/><\/figure>\n\n\n\n<p><a href=\"https:\/\/www.elespanol.com\/enclave-ods\/historias\/20240706\/seguros-banca-confirman-alertaban-agricultores-cambio-climatico-sube-precio-alimentos\/868163324_0.html?utm_cmp_rs=relatednewsinline\">Seguros y banca confirman lo que alertaban los agricultores: el cambio clim\u00e1tico sube el precio de los alimentos<\/a><\/p>\n\n\n\n<p id=\"paragraph_9\">Tal y como recuerda Hyslop, en 2024, \u00ab<strong>las lluvias intensas dejaron el cacao pudri\u00e9ndose en \u00c1frica Occidental<\/strong>, creando dificultades para los productores de chocolate\u00bb. Asimismo, a\u00f1ade, \u00ablas inundaciones en el Reino Unido y Francia redujeron la producci\u00f3n de trigo y las altas temperaturas en Europa del Este interrumpieron los cultivos de ma\u00edz, haciendo que las importaciones fueran cruciales para la seguridad alimentaria\u00bb.<\/p>\n\n\n\n<p id=\"paragraph_10\">Esto, dice, \u00absin mencionar las tendencias a largo plazo que apuntan a una disminuci\u00f3n de la producci\u00f3n, como la que ya se est\u00e1 viviendo con el arroz en China debido a lluvias extremas en las \u00faltimas dos d\u00e9cadas\u00bb.<\/p>\n\n\n\n<h3 class=\"wp-block-heading\">Biodiversidad escasa<\/h3>\n\n\n\n<p id=\"paragraph_11\">Hyslop insiste en que \u00ab<strong>los impactos clim\u00e1ticos se agravan por la disminuci\u00f3n de la biodiversidad<\/strong>, que deja a las granjas y los ecosistemas circundantes mucho menos resilientes frente al clima\u00bb. Esto, dice, no solo provoca que las granjas sean menos biodiversas, sino que las hacen \u00abmenos resilientes a las&nbsp;<strong>enfermedades de los cultivos<\/strong>\u00ab. Estas, indica, \u00aba menudo surgen debido a la disminuci\u00f3n de la biodiversidad\u00bb.<\/p>\n\n\n\n<p id=\"paragraph_12\">Adem\u00e1s, la autora del estudio recuerda que<strong>&nbsp;los rendimientos de los cultivos \u00abtambi\u00e9n se ven afectados<\/strong>&nbsp;en general por la eliminaci\u00f3n de la vegetaci\u00f3n nativa\u00bb o aut\u00f3ctona, lo que provoca modificaciones en los microclimas locales. La cient\u00edfica hace hincapi\u00e9 tambi\u00e9n en pr\u00e1cticas como el monocultivo, que \u00abagotan el suelo y da\u00f1an los ecosistemas biol\u00f3gicos que sustentan la producci\u00f3n de alimentos\u00bb.<\/p>\n\n\n\n<h3 class=\"wp-block-heading\">M\u00e1s resiliencia<\/h3>\n\n\n\n<p id=\"paragraph_13\">Para evitar que los precios de arroz, trigo, ma\u00edz, soja, cacao y caf\u00e9 se vuelvan desorbitados, y que sus cultivos se reduzcan sobremanera, los autores del estudio apuntan hacia la<strong>&nbsp;\u00abresiliencia clim\u00e1tica y de la biodiversidad\u00bb<\/strong>. Garantizarla, dicen, en los \u00abpa\u00edses socios\u00bb de la UE, es una \u00abcuesti\u00f3n de seguridad para Europa\u00bb, puesto que \u00abrepercute directamente en la seguridad alimentaria y el abastecimiento\u00bb de la Uni\u00f3n.<\/p>\n\n\n\n<p id=\"paragraph_14\">Esto es, apoyar los esfuerzos de los pa\u00edses productores, extremadamente vulnerables a la transformaci\u00f3n en el clima, para que se adapten a la nueva realidad clim\u00e1tica. \u00abLa UE deber\u00eda seguir invirtiendo en ella, centr\u00e1ndose en las organizaciones de agricultores y desarrollando&nbsp;<strong>enfoques sostenibles y resilientes como la agroecolog\u00eda<\/strong>\u00ab, zanja el texto.<\/p>\n\n\n\n<p>Fuente: <a href=\"https:\/\/www.elespanol.com\/enclave-ods\/historias\/20250520\/chocolate-ue-riesgo-extincion-importacion-cacao-viene-paises-vulnerables-clima\/1003743763531_0.html\">https:\/\/www.elespanol.com\/enclave-ods\/historias\/20250520\/chocolate-ue-riesgo-extincion-importacion-cacao-viene-paises-vulnerables-clima\/1003743763531_0.html<\/a><\/p>\n","protected":false},"excerpt":{"rendered":"<p>Un estudio analiza las amenazas clim\u00e1ticas de seis productos b\u00e1sicos esenciales, entre los que est\u00e1n tambi\u00e9n el trigo, ma\u00edz, arroz, [&hellip;]<\/p>\n","protected":false},"author":1,"featured_media":99842,"comment_status":"open","ping_status":"open","sticky":false,"template":"","format":"standard","meta":{"site-sidebar-layout":"default","site-content-layout":"","ast-site-content-layout":"default","site-content-style":"default","site-sidebar-style":"default","ast-global-header-display":"","ast-banner-title-visibility":"","ast-main-header-display":"","ast-hfb-above-header-display":"","ast-hfb-below-header-display":"","ast-hfb-mobile-header-display":"","site-post-title":"","ast-breadcrumbs-content":"","ast-featured-img":"","footer-sml-layout":"","theme-transparent-header-meta":"","adv-header-id-meta":"","stick-header-meta":"","header-above-stick-meta":"","header-main-stick-meta":"","header-below-stick-meta":"","astra-migrate-meta-layouts":"default","ast-page-background-enabled":"default","ast-page-background-meta":{"desktop":{"background-color":"var(--ast-global-color-4)","background-image":"","background-repeat":"repeat","background-position":"center center","background-size":"auto","background-attachment":"scroll","background-type":"","background-media":"","overlay-type":"","overlay-color":"","overlay-opacity":"","overlay-gradient":""},"tablet":{"background-color":"","background-image":"","background-repeat":"repeat","background-position":"center center","background-size":"auto","background-attachment":"scroll","background-type":"","background-media":"","overlay-type":"","overlay-color":"","overlay-opacity":"","overlay-gradient":""},"mobile":{"background-color":"","background-image":"","background-repeat":"repeat","background-position":"center center","background-size":"auto","background-attachment":"scroll","background-type":"","background-media":"","overlay-type":"","overlay-color":"","overlay-opacity":"","overlay-gradient":""}},"ast-content-background-meta":{"desktop":{"background-color":"var(--ast-global-color-5)","background-image":"","background-repeat":"repeat","background-position":"center center","background-size":"auto","background-attachment":"scroll","background-type":"","background-media":"","overlay-type":"","overlay-color":"","overlay-opacity":"","overlay-gradient":""},"tablet":{"background-color":"var(--ast-global-color-5)","background-image":"","background-repeat":"repeat","background-position":"center center","background-size":"auto","background-attachment":"scroll","background-type":"","background-media":"","overlay-type":"","overlay-color":"","overlay-opacity":"","overlay-gradient":""},"mobile":{"background-color":"var(--ast-global-color-5)","background-image":"","background-repeat":"repeat","background-position":"center center","background-size":"auto","background-attachment":"scroll","background-type":"","background-media":"","overlay-type":"","overlay-color":"","overlay-opacity":"","overlay-gradient":""}},"footnotes":""},"categories":[8],"tags":[38584,38585,38586,38583,38582],"class_list":["post-99841","post","type-post","status-publish","format-standard","has-post-thumbnail","hentry","category-noticias","tag-cmabio-climatico-y-chocolate","tag-efectos-cambio-climatico","tag-foresight-transitions","tag-paises-productores-cacao","tag-resiliencia-climatica"],"_links":{"self":[{"href":"https:\/\/losperiodistas.com.mx\/portal\/wp-json\/wp\/v2\/posts\/99841","targetHints":{"allow":["GET"]}}],"collection":[{"href":"https:\/\/losperiodistas.com.mx\/portal\/wp-json\/wp\/v2\/posts"}],"about":[{"href":"https:\/\/losperiodistas.com.mx\/portal\/wp-json\/wp\/v2\/types\/post"}],"author":[{"embeddable":true,"href":"https:\/\/losperiodistas.com.mx\/portal\/wp-json\/wp\/v2\/users\/1"}],"replies":[{"embeddable":true,"href":"https:\/\/losperiodistas.com.mx\/portal\/wp-json\/wp\/v2\/comments?post=99841"}],"version-history":[{"count":1,"href":"https:\/\/losperiodistas.com.mx\/portal\/wp-json\/wp\/v2\/posts\/99841\/revisions"}],"predecessor-version":[{"id":99843,"href":"https:\/\/losperiodistas.com.mx\/portal\/wp-json\/wp\/v2\/posts\/99841\/revisions\/99843"}],"wp:featuredmedia":[{"embeddable":true,"href":"https:\/\/losperiodistas.com.mx\/portal\/wp-json\/wp\/v2\/media\/99842"}],"wp:attachment":[{"href":"https:\/\/losperiodistas.com.mx\/portal\/wp-json\/wp\/v2\/media?parent=99841"}],"wp:term":[{"taxonomy":"category","embeddable":true,"href":"https:\/\/losperiodistas.com.mx\/portal\/wp-json\/wp\/v2\/categories?post=99841"},{"taxonomy":"post_tag","embeddable":true,"href":"https:\/\/losperiodistas.com.mx\/portal\/wp-json\/wp\/v2\/tags?post=99841"}],"curies":[{"name":"wp","href":"https:\/\/api.w.org\/{rel}","templated":true}]}}