{"id":99815,"date":"2025-05-20T19:16:24","date_gmt":"2025-05-21T01:16:24","guid":{"rendered":"https:\/\/losperiodistas.com.mx\/portal\/?p=99815"},"modified":"2025-05-20T19:16:25","modified_gmt":"2025-05-21T01:16:25","slug":"pepa-torres-si-una-mujer-tiene-vocacion-sacerdotal-no-se-le-puede-negar-por-cuestion-de-genero-religion-digital","status":"publish","type":"post","link":"https:\/\/losperiodistas.com.mx\/portal\/pepa-torres-si-una-mujer-tiene-vocacion-sacerdotal-no-se-le-puede-negar-por-cuestion-de-genero-religion-digital\/","title":{"rendered":"Pepa Torres: \u201cSi una mujer tiene vocaci\u00f3n sacerdotal no se le puede negar por cuesti\u00f3n de g\u00e9nero\u201d | Religi\u00f3n Digital"},"content":{"rendered":"\n<h2 class=\"wp-block-heading\">\u201cSoy muy consciente de las dificultades que tenemos las mujeres en la Iglesia\u201d, subray\u00f3 Torres, quien admiti\u00f3 haber vivido el c\u00f3nclave \u201ccon una indignaci\u00f3n terrible\u201d<\/h2>\n\n\n\n<h2 class=\"wp-block-heading\">\u201cMe parece absolutamente anacr\u00f3nico que en la elecci\u00f3n de un Pont\u00edfice solo haya varones\u201d<\/h2>\n\n\n\n<h2 class=\"wp-block-heading\">\u00abAspiramos a una Iglesia m\u00e1s democratizada y donde las mujeres podamos acceder en igualdad de condiciones a cualquier tarea de responsabilidad\u00bb<\/h2>\n\n\n\n<h2 class=\"wp-block-heading\">Sobre el matrimonio gay: \u00abCreo que tenemos una moral muy estrecha y no ponemos el amor en el centro, cuando eso es el cristianismo, la religi\u00f3n del amor\u201d<\/h2>\n\n\n\n<figure class=\"wp-block-image\"><img decoding=\"async\" src=\"https:\/\/www.religiondigital.org\/2025\/05\/20\/espana\/Pepa-Torres-Faro_2781031907_17739235_660x371.png\" alt=\"Pepa Torres, en El Faro\"\/><figcaption class=\"wp-element-caption\">Pepa Torres, en El Faro<\/figcaption><\/figure>\n\n\n\n<p class=\"has-vivid-red-color has-text-color has-link-color has-medium-font-size wp-elements-f3f7e32e4568b093789119ce226cbca8\"><strong><a href=\"https:\/\/www.religiondigital.org\/jesus_bastante\/\">Jes\u00fas Bastante<\/a> \/ Religi\u00f3n Digital<\/strong><\/p>\n\n\n\n<p><strong>\u201cSi una mujer tiene vocaci\u00f3n sacerdotal no se le puede negar por cuesti\u00f3n de g\u00e9nero\u201d<\/strong>. As\u00ed de tajante se muestra Pepa Torres. En una entrevista en El Faro de La Ser, la religiosa reflexion\u00f3 junto a Mara Torres sobre el rol de la mujer en la Iglesia, especialmente invisible en momentos tan relevantes como un C\u00f3nclave, donde s\u00f3lo algunos hombres (cardenales menores de 80 a\u00f1os) pueden participar en la elecci\u00f3n del Obispo de Roma.<\/p>\n\n\n\n<p>\u201cSoy muy consciente de las dificultades que tenemos las mujeres en la Iglesia\u201d, subray\u00f3 Torres, quien admiti\u00f3 haber vivido el c\u00f3nclave \u201ccon una indignaci\u00f3n terrible\u201d.<\/p>\n\n\n\n<p><strong>\u201cMe parece absolutamente anacr\u00f3nico que en la elecci\u00f3n de un Pont\u00edfice solo haya varones\u201d,<\/strong>&nbsp;incidi\u00f3 Pepa Torres, quien a\u00f1adi\u00f3 que \u201caspiramos a una Iglesia m\u00e1s democratizada y donde las mujeres podamos acceder en igualdad de condiciones a cualquier tarea de responsabilidad\u201d. En todos los niveles.<\/p>\n\n\n\n<blockquote class=\"wp-block-quote is-layout-flow wp-block-quote-is-layout-flow\">\n<p>El Papa no es un l\u00edder solitario. Este es un camino que debemos recorrer juntos, entre nosotros, pero tambi\u00e9n con las iglesias cristianas hermanas, con quienes siguen otros caminos religiosos<\/p>\n<\/blockquote>\n\n\n\n<p>Sobre la figura del Papa, la religiosa subray\u00f3 c\u00f3mo \u201cno se trata nunca de conquistar a los dem\u00e1s mediante la imposici\u00f3n, la propaganda religiosa o el uso del poder, sino siempre y \u00fanicamente de amar como lo hizo Jes\u00fas\u201d. En este sentido, subray\u00f3, en la l\u00ednea del propio Le\u00f3n XIV, que \u201cel Papa no es un l\u00edder solitario. Este es un camino que debemos recorrer juntos, entre nosotros, pero tambi\u00e9n con las iglesias cristianas hermanas, con quienes siguen otros caminos religiosos\u201d.<\/p>\n\n\n\n<figure class=\"wp-block-embed is-type-video is-provider-youtube wp-block-embed-youtube wp-embed-aspect-16-9 wp-has-aspect-ratio\"><div class=\"wp-block-embed__wrapper\">\n<iframe title=\"Pepa Torres: &quot;No entiendo por qu\u00e9 las parejas LGTBI no se pueden casar por la Iglesia&quot; | El Faro\" width=\"500\" height=\"281\" src=\"https:\/\/www.youtube.com\/embed\/dk_sGnTTB3Q?feature=oembed\" frameborder=\"0\" allow=\"accelerometer; autoplay; clipboard-write; encrypted-media; gyroscope; picture-in-picture; web-share\" referrerpolicy=\"strict-origin-when-cross-origin\" allowfullscreen><\/iframe>\n<\/div><\/figure>\n\n\n\n<p>En su propia experiencia, como ella misma admite, hubo un tiempo en que \u201cten\u00eda mucho miedo a la palabra &#8216;monja&#8217;, que est\u00e1 tan deteriorada y estereotipada\u201d. Y es que, \u201caunque no vivamos en conventos, somos personas que estamos en los barrios, en las zonas populares y marginales. Y<strong>o entiendo el Evangelio como un compromiso con las personas, los derechos sociales y humanos\u201d.<\/strong><\/p>\n\n\n\n<p>Finalmente, preguntada sobre el matrimonio igualitario, Pepa Torres insisti\u00f3 en que \u201cno lo entiendo. Creo que tenemos una moral muy estrecha y no ponemos el amor en el centro, cuando eso es el cristianismo, la religi\u00f3n del amor\u201d.<\/p>\n\n\n\n<p>Fuente: <a href=\"https:\/\/www.religiondigital.org\/vida-religiosa\/Pepa-Torres-vocacion-sacerdotal-cuestion_0_2781021895.html\">https:\/\/www.religiondigital.org\/vida-religiosa\/Pepa-Torres-vocacion-sacerdotal-cuestion_0_2781021895.html<\/a><\/p>\n","protected":false},"excerpt":{"rendered":"<p>\u201cSoy muy consciente de las dificultades que tenemos las mujeres en la Iglesia\u201d, subray\u00f3 Torres, quien admiti\u00f3 haber vivido el [&hellip;]<\/p>\n","protected":false},"author":1,"featured_media":99817,"comment_status":"open","ping_status":"open","sticky":false,"template":"","format":"standard","meta":{"site-sidebar-layout":"default","site-content-layout":"","ast-site-content-layout":"default","site-content-style":"default","site-sidebar-style":"default","ast-global-header-display":"","ast-banner-title-visibility":"","ast-main-header-display":"","ast-hfb-above-header-display":"","ast-hfb-below-header-display":"","ast-hfb-mobile-header-display":"","site-post-title":"","ast-breadcrumbs-content":"","ast-featured-img":"","footer-sml-layout":"","theme-transparent-header-meta":"","adv-header-id-meta":"","stick-header-meta":"","header-above-stick-meta":"","header-main-stick-meta":"","header-below-stick-meta":"","astra-migrate-meta-layouts":"default","ast-page-background-enabled":"default","ast-page-background-meta":{"desktop":{"background-color":"var(--ast-global-color-4)","background-image":"","background-repeat":"repeat","background-position":"center center","background-size":"auto","background-attachment":"scroll","background-type":"","background-media":"","overlay-type":"","overlay-color":"","overlay-opacity":"","overlay-gradient":""},"tablet":{"background-color":"","background-image":"","background-repeat":"repeat","background-position":"center center","background-size":"auto","background-attachment":"scroll","background-type":"","background-media":"","overlay-type":"","overlay-color":"","overlay-opacity":"","overlay-gradient":""},"mobile":{"background-color":"","background-image":"","background-repeat":"repeat","background-position":"center center","background-size":"auto","background-attachment":"scroll","background-type":"","background-media":"","overlay-type":"","overlay-color":"","overlay-opacity":"","overlay-gradient":""}},"ast-content-background-meta":{"desktop":{"background-color":"var(--ast-global-color-5)","background-image":"","background-repeat":"repeat","background-position":"center center","background-size":"auto","background-attachment":"scroll","background-type":"","background-media":"","overlay-type":"","overlay-color":"","overlay-opacity":"","overlay-gradient":""},"tablet":{"background-color":"var(--ast-global-color-5)","background-image":"","background-repeat":"repeat","background-position":"center center","background-size":"auto","background-attachment":"scroll","background-type":"","background-media":"","overlay-type":"","overlay-color":"","overlay-opacity":"","overlay-gradient":""},"mobile":{"background-color":"var(--ast-global-color-5)","background-image":"","background-repeat":"repeat","background-position":"center center","background-size":"auto","background-attachment":"scroll","background-type":"","background-media":"","overlay-type":"","overlay-color":"","overlay-opacity":"","overlay-gradient":""}},"footnotes":""},"categories":[8],"tags":[38580,38581],"class_list":["post-99815","post","type-post","status-publish","format-standard","has-post-thumbnail","hentry","category-noticias","tag-pepa-torres","tag-vocacion-sacerdotal-femenina"],"_links":{"self":[{"href":"https:\/\/losperiodistas.com.mx\/portal\/wp-json\/wp\/v2\/posts\/99815","targetHints":{"allow":["GET"]}}],"collection":[{"href":"https:\/\/losperiodistas.com.mx\/portal\/wp-json\/wp\/v2\/posts"}],"about":[{"href":"https:\/\/losperiodistas.com.mx\/portal\/wp-json\/wp\/v2\/types\/post"}],"author":[{"embeddable":true,"href":"https:\/\/losperiodistas.com.mx\/portal\/wp-json\/wp\/v2\/users\/1"}],"replies":[{"embeddable":true,"href":"https:\/\/losperiodistas.com.mx\/portal\/wp-json\/wp\/v2\/comments?post=99815"}],"version-history":[{"count":1,"href":"https:\/\/losperiodistas.com.mx\/portal\/wp-json\/wp\/v2\/posts\/99815\/revisions"}],"predecessor-version":[{"id":99818,"href":"https:\/\/losperiodistas.com.mx\/portal\/wp-json\/wp\/v2\/posts\/99815\/revisions\/99818"}],"wp:featuredmedia":[{"embeddable":true,"href":"https:\/\/losperiodistas.com.mx\/portal\/wp-json\/wp\/v2\/media\/99817"}],"wp:attachment":[{"href":"https:\/\/losperiodistas.com.mx\/portal\/wp-json\/wp\/v2\/media?parent=99815"}],"wp:term":[{"taxonomy":"category","embeddable":true,"href":"https:\/\/losperiodistas.com.mx\/portal\/wp-json\/wp\/v2\/categories?post=99815"},{"taxonomy":"post_tag","embeddable":true,"href":"https:\/\/losperiodistas.com.mx\/portal\/wp-json\/wp\/v2\/tags?post=99815"}],"curies":[{"name":"wp","href":"https:\/\/api.w.org\/{rel}","templated":true}]}}