{"id":99807,"date":"2025-05-20T18:54:10","date_gmt":"2025-05-21T00:54:10","guid":{"rendered":"https:\/\/losperiodistas.com.mx\/portal\/?p=99807"},"modified":"2025-05-20T18:54:11","modified_gmt":"2025-05-21T00:54:11","slug":"un-tapiz-sobre-guerras-presagios-malignos-e-iconografia-sexual-tiene-a-los-medievalistas-peleados-el-grito","status":"publish","type":"post","link":"https:\/\/losperiodistas.com.mx\/portal\/un-tapiz-sobre-guerras-presagios-malignos-e-iconografia-sexual-tiene-a-los-medievalistas-peleados-el-grito\/","title":{"rendered":"Un tapiz sobre guerras, presagios malignos e iconograf\u00eda sexual tiene a los medievalistas peleados | El Grito"},"content":{"rendered":"\n<p class=\"has-light-green-cyan-background-color has-background has-medium-font-size\"><strong>El tapiz de Bayeux es una de las joyas m\u00e1s preciadas de la Edad Media y, tambi\u00e9n, una de las mayores fuentes de debates e interpretaciones en la actualidad. Ahora, dos reconocidos historiadores ponen el foco en un detalle que hasta hace poco pas\u00f3 desapercibido: los genitales<\/strong><\/p>\n\n\n\n<figure class=\"wp-block-image\"><img fetchpriority=\"high\" decoding=\"async\" width=\"1880\" height=\"1118\" src=\"https:\/\/losperiodistas.com.mx\/portal\/wp-content\/uploads\/2025\/05\/d6e41e821cba0a97ef8179328ef27ae7-1.jpg\" alt=\"\" class=\"wp-image-99809\" srcset=\"https:\/\/losperiodistas.com.mx\/portal\/wp-content\/uploads\/2025\/05\/d6e41e821cba0a97ef8179328ef27ae7-1.jpg 1880w, https:\/\/losperiodistas.com.mx\/portal\/wp-content\/uploads\/2025\/05\/d6e41e821cba0a97ef8179328ef27ae7-1-300x178.jpg 300w, https:\/\/losperiodistas.com.mx\/portal\/wp-content\/uploads\/2025\/05\/d6e41e821cba0a97ef8179328ef27ae7-1-1024x609.jpg 1024w, https:\/\/losperiodistas.com.mx\/portal\/wp-content\/uploads\/2025\/05\/d6e41e821cba0a97ef8179328ef27ae7-1-768x457.jpg 768w, https:\/\/losperiodistas.com.mx\/portal\/wp-content\/uploads\/2025\/05\/d6e41e821cba0a97ef8179328ef27ae7-1-1536x913.jpg 1536w\" sizes=\"(max-width: 1880px) 100vw, 1880px\" \/><figcaption class=\"wp-element-caption\">&nbsp;Escena 1 del tapiz de Bayeux. Foto: Wikipedia<\/figcaption><\/figure>\n\n\n\n<p class=\"has-vivid-red-color has-text-color has-link-color has-medium-font-size wp-elements-ac218187c330d253da1b947befef077f\"><strong>Por\u00a0Carlota Barreda \/ El Grito<\/strong><\/p>\n\n\n\n<p><a href=\"https:\/\/www.facebook.com\/sharer\/sharer.php?u=https:\/\/www.elconfidencial.com\/el-grito\/2025-05-20\/tapiz-guerra-iconografia-sexual-medievalistas-edad-media_4131901\/\" target=\"_blank\" rel=\"noreferrer noopener\"><\/a><a href=\"https:\/\/twitter.com\/intent\/tweet?url=https:\/\/www.elconfidencial.com\/el-grito\/2025-05-20\/tapiz-guerra-iconografia-sexual-medievalistas-edad-media_4131901\/&amp;text=Un%20tapiz%20sobre%20guerras,%20presagios%20malignos%20e%20iconograf%C3%ADa%20sexual%20tiene%20a%20los%20medievalistas%20peleados%20%20%20%20%20&amp;original_referer=https:\/\/www.elconfidencial.com\/el-grito\/2025-05-20\/tapiz-guerra-iconografia-sexual-medievalistas-edad-media_4131901\/\" target=\"_blank\" rel=\"noreferrer noopener\"><\/a><a href=\"https:\/\/www.linkedin.com\/shareArticle?mini=true&amp;url=https:\/\/www.elconfidencial.com\/el-grito\/2025-05-20\/tapiz-guerra-iconografia-sexual-medievalistas-edad-media_4131901\/&amp;title=Un%20tapiz%20sobre%20guerras,%20presagios%20malignos%20e%20iconograf%C3%ADa%20sexual%20tiene%20a%20los%20medievalistas%20peleados%20%20%20%20%20&amp;summary=&amp;source=\" target=\"_blank\" rel=\"noreferrer noopener\"><\/a><\/p>\n\n\n\n<p>Cuando uno piensa en la Edad Media puede pecar de oscurantismo. A pesar de ser un mito construido&nbsp;<em>a posteriori<\/em>, la relaci\u00f3n casi inconsciente de estos siglos con conceptos como el estancamiento, el declive y la barbarie se mantienen en la cultura popular y difuminan la realidad de una \u00e9poca plagada de complejidades y evoluci\u00f3n. En lo que a las artes visuales respecta, fueron unos siglos en constante evoluci\u00f3n en los que las im\u00e1genes se convirtieron en un veh\u00edculo para el conocimiento. En la actualidad, de hecho, constituyen una fuente de primera mano para aproximarnos a comprender una visi\u00f3n del mundo que se diluye en el tiempo y en las sombras, y que en muchos casos conduce a los especialistas a m\u00e1s preguntas que respuestas.<\/p>\n\n\n\n<p>Durante la Edad Media los tapices se transformaron en objetos suntuarios lujosos y cotizados entre los estamentos nobiliarios, m\u00e1s all\u00e1 de su uso pr\u00e1ctico para ahuyentar la humedad y decorar las estancias palaciegas. Contaban con la capacidad y el lenguaje adecuado para&nbsp;<strong>contar historias a trav\u00e9s de las im\u00e1genes<\/strong>&nbsp;elaboradas con hilos de ricos colores y materiales.<\/p>\n\n\n\n<p>El&nbsp;<strong>tapiz de Bayeux<\/strong>&nbsp;en concreto, data del siglo XI y se estima como uno de los objetos m\u00e1s valiosos de toda la historia por su unicidad y originalidad, pero sobre todo por la cantidad de informaci\u00f3n que revela sobre el hecho hist\u00f3rico que ilustra: los antecedentes de la&nbsp;<strong>conquista normanda de Inglaterra<\/strong>&nbsp;y su culminaci\u00f3n en la batalla de Hastings, con el enfrentamiento de Harold el Saj\u00f3n y Guillermo el Conquistador.<\/p>\n\n\n\n<figure class=\"wp-block-image\"><img decoding=\"async\" width=\"1280\" height=\"891\" src=\"https:\/\/losperiodistas.com.mx\/portal\/wp-content\/uploads\/2025\/05\/2b8ce3c285069680f96e70ef746a868d.jpg\" alt=\"Tapiz de Bayeux\n          \" class=\"wp-image-99812\" srcset=\"https:\/\/losperiodistas.com.mx\/portal\/wp-content\/uploads\/2025\/05\/2b8ce3c285069680f96e70ef746a868d.jpg 1280w, https:\/\/losperiodistas.com.mx\/portal\/wp-content\/uploads\/2025\/05\/2b8ce3c285069680f96e70ef746a868d-300x209.jpg 300w, https:\/\/losperiodistas.com.mx\/portal\/wp-content\/uploads\/2025\/05\/2b8ce3c285069680f96e70ef746a868d-1024x713.jpg 1024w, https:\/\/losperiodistas.com.mx\/portal\/wp-content\/uploads\/2025\/05\/2b8ce3c285069680f96e70ef746a868d-768x535.jpg 768w\" sizes=\"(max-width: 1280px) 100vw, 1280px\" \/><\/figure>\n\n\n\n<p>Tapiz de Bayeux<\/p>\n\n\n\n<p>Cuenta con casi 70 metros de largo, pesa 350 kilos y cuenta con 58 escenas -originalmente eran 73-, unas cuantas inscripciones en lat\u00edn y un despliegue de 626 personajes humanos, adem\u00e1s otros cientos de animales y bestias.<\/p>\n\n\n\n<p>Es considerado por muchos como el&nbsp;<strong>primer c\u00f3mic de la historia<\/strong>&nbsp;por su alta calidad y la fluidez en las im\u00e1genes, y por el dramatismo -inusual en aquella \u00e9poca- con el que se desenvuelven las escenas. No solo alberga informaci\u00f3n sobre la conquista que no aparece en ninguna otra fuente escrita ni visual del momento, sino que tambi\u00e9n ofrece un acercamiento a la vida y la cotidianeidad por su detallada representaci\u00f3n de elementos como la agricultura, el costumbrismo, las diferentes arquitecturas o los recursos militares. Entre todas estas escenas y objetos se entreteje la ambivalencia del car\u00e1cter sacro y profano del lienzo bordado, con simbolismos y referencias ocultas, o representaciones como la del&nbsp;<strong>cometa Halley<\/strong>&nbsp;-la primera documentada en la historia-, interpretado como un mal augurio surcando el cielo.<\/p>\n\n\n\n<figure class=\"wp-block-image\"><img decoding=\"async\" width=\"990\" height=\"1030\" src=\"https:\/\/losperiodistas.com.mx\/portal\/wp-content\/uploads\/2025\/05\/cc3d15bae7b005be43b6a5dc20adfa34.jpg\" alt=\"Escena 32 del tapiz de Bayeux: \u201cel cometa Halley\u201d\n          \" class=\"wp-image-99813\" srcset=\"https:\/\/losperiodistas.com.mx\/portal\/wp-content\/uploads\/2025\/05\/cc3d15bae7b005be43b6a5dc20adfa34.jpg 990w, https:\/\/losperiodistas.com.mx\/portal\/wp-content\/uploads\/2025\/05\/cc3d15bae7b005be43b6a5dc20adfa34-288x300.jpg 288w, https:\/\/losperiodistas.com.mx\/portal\/wp-content\/uploads\/2025\/05\/cc3d15bae7b005be43b6a5dc20adfa34-984x1024.jpg 984w, https:\/\/losperiodistas.com.mx\/portal\/wp-content\/uploads\/2025\/05\/cc3d15bae7b005be43b6a5dc20adfa34-768x799.jpg 768w\" sizes=\"(max-width: 990px) 100vw, 990px\" \/><\/figure>\n\n\n\n<p>Escena 32 del tapiz de Bayeux: \u201cel cometa Halley\u201d<\/p>\n\n\n\n<p>Como en muchas de las obras medievales m\u00e1s destacadas, se desconocen tanto su autor como la identidad de quien orden\u00f3 y financi\u00f3 el encargo, y los acad\u00e9micos contin\u00faan buscando pistas en esta gran extensi\u00f3n de tela que les lleven hasta el artista o hasta el motivo de su existencia.<\/p>\n\n\n\n<p>Rondaba el a\u00f1o 2018 cuando George Garnett -historiador de Oxford-, encontr\u00f3 un nuevo patr\u00f3n que se repite a lo largo de muchas de las escenas del Bayeux y en las que nadie hab\u00eda reparado anteriormente -salvo en el siglo XIX, para censurarlo-: la representaci\u00f3n de los&nbsp;<strong>genitales masculinos<\/strong>. Garnett cuenta un total de 93 -5 humanos y 88 de caballos-, y fue el primero en identificarlos como una nueva pista para aproximarse a algunas de las inc\u00f3gnitas del tapiz seg\u00fan la posici\u00f3n y el contexto en que se hallan. Garnett los denomina como un importante&nbsp;<strong>mensaje codificado<\/strong>, y resalta que hay tres superiores en tama\u00f1o al resto, pertenecientes a las monturas de personajes tan relevantes en la historia como Guillermo el Conquistador, su rival Harold el Saj\u00f3n o el duque Odo de Bayeux -hermano de Guillermo y a quien en ocasiones se le ha atribuido el encargo del tapiz-.<\/p>\n\n\n\n<p>Seg\u00fan el medievalista, los genitales de los caballos est\u00e1n cargados de un simbolismo negativo -lo cual se corresponde y es coherente con la concepciones y la iconograf\u00eda de la \u00e9poca-. El autor estar\u00eda intentando se\u00f1alar un comportamiento impropio, de enga\u00f1o o deshonra por parte de los personajes. Los cinco hombres que muestran sus partes son campesinos que acompa\u00f1an a mujeres y se corresponder\u00edan con la intenci\u00f3n del artista de mostrar un abuso, el sexo il\u00edcito y la misma sensaci\u00f3n de deshonor. Seg\u00fan Garrett, es como si el artista quisiera insertar sutilmente los matices de la traici\u00f3n, la infamia y la verg\u00fcenza en la narrativa.<\/p>\n\n\n\n<figure class=\"wp-block-image\"><img loading=\"lazy\" decoding=\"async\" width=\"632\" height=\"596\" src=\"https:\/\/losperiodistas.com.mx\/portal\/wp-content\/uploads\/2025\/05\/1c8348a3d0d50c66fd78f0425636458b.jpg\" alt=\"Fragmentos del tapiz de Bayeux\" class=\"wp-image-99810\" srcset=\"https:\/\/losperiodistas.com.mx\/portal\/wp-content\/uploads\/2025\/05\/1c8348a3d0d50c66fd78f0425636458b.jpg 632w, https:\/\/losperiodistas.com.mx\/portal\/wp-content\/uploads\/2025\/05\/1c8348a3d0d50c66fd78f0425636458b-300x283.jpg 300w\" sizes=\"(max-width: 632px) 100vw, 632px\" \/><\/figure>\n\n\n\n<p>Fragmentos del tapiz de Bayeux<\/p>\n\n\n\n<figure class=\"wp-block-image\"><img loading=\"lazy\" decoding=\"async\" width=\"632\" height=\"331\" src=\"https:\/\/losperiodistas.com.mx\/portal\/wp-content\/uploads\/2025\/05\/0e831dee6a5bf154cb3446050ebb398c.jpg\" alt=\"\" class=\"wp-image-99811\" srcset=\"https:\/\/losperiodistas.com.mx\/portal\/wp-content\/uploads\/2025\/05\/0e831dee6a5bf154cb3446050ebb398c.jpg 632w, https:\/\/losperiodistas.com.mx\/portal\/wp-content\/uploads\/2025\/05\/0e831dee6a5bf154cb3446050ebb398c-300x157.jpg 300w\" sizes=\"(max-width: 632px) 100vw, 632px\" \/><\/figure>\n\n\n\n<p>Ha sido Christopher Monk quien ahora ha abierto un nuevo debate, pues dice haber hallado&nbsp;<strong>uno m\u00e1s en uno de los guerreros<\/strong>, lo cual Garnett desmiente e identifica como la vaina de una daga.<\/p>\n\n\n\n<p>Los estudiosos siguen conjeturando: \u00bfcontienen un simbolismo oculto, son simplemente un gui\u00f1o sat\u00edrico, podr\u00edan estar inspirados en las f\u00e1bulas cl\u00e1sicas de Esopo? Las teor\u00edas no son pocas, tampoco las investigaciones ni los desacuerdos. Pero si hay algo en lo que todos coinciden, es en que el tapiz de Bayeux es un tesoro sin igual que dar\u00e1 sobre qu\u00e9 hablar durante mucho, mucho tiempo.<\/p>\n\n\n\n<p>Fuente: <a href=\"https:\/\/www.elconfidencial.com\/el-grito\/2025-05-20\/tapiz-guerra-iconografia-sexual-medievalistas-edad-media_4131901\/\">https:\/\/www.elconfidencial.com\/el-grito\/2025-05-20\/tapiz-guerra-iconografia-sexual-medievalistas-edad-media_4131901\/<\/a><\/p>\n","protected":false},"excerpt":{"rendered":"<p>El tapiz de Bayeux es una de las joyas m\u00e1s preciadas de la Edad Media y, tambi\u00e9n, una de las [&hellip;]<\/p>\n","protected":false},"author":1,"featured_media":99808,"comment_status":"open","ping_status":"open","sticky":false,"template":"","format":"standard","meta":{"site-sidebar-layout":"default","site-content-layout":"","ast-site-content-layout":"default","site-content-style":"default","site-sidebar-style":"default","ast-global-header-display":"","ast-banner-title-visibility":"","ast-main-header-display":"","ast-hfb-above-header-display":"","ast-hfb-below-header-display":"","ast-hfb-mobile-header-display":"","site-post-title":"","ast-breadcrumbs-content":"","ast-featured-img":"","footer-sml-layout":"","theme-transparent-header-meta":"","adv-header-id-meta":"","stick-header-meta":"","header-above-stick-meta":"","header-main-stick-meta":"","header-below-stick-meta":"","astra-migrate-meta-layouts":"default","ast-page-background-enabled":"default","ast-page-background-meta":{"desktop":{"background-color":"var(--ast-global-color-4)","background-image":"","background-repeat":"repeat","background-position":"center center","background-size":"auto","background-attachment":"scroll","background-type":"","background-media":"","overlay-type":"","overlay-color":"","overlay-opacity":"","overlay-gradient":""},"tablet":{"background-color":"","background-image":"","background-repeat":"repeat","background-position":"center center","background-size":"auto","background-attachment":"scroll","background-type":"","background-media":"","overlay-type":"","overlay-color":"","overlay-opacity":"","overlay-gradient":""},"mobile":{"background-color":"","background-image":"","background-repeat":"repeat","background-position":"center center","background-size":"auto","background-attachment":"scroll","background-type":"","background-media":"","overlay-type":"","overlay-color":"","overlay-opacity":"","overlay-gradient":""}},"ast-content-background-meta":{"desktop":{"background-color":"var(--ast-global-color-5)","background-image":"","background-repeat":"repeat","background-position":"center center","background-size":"auto","background-attachment":"scroll","background-type":"","background-media":"","overlay-type":"","overlay-color":"","overlay-opacity":"","overlay-gradient":""},"tablet":{"background-color":"var(--ast-global-color-5)","background-image":"","background-repeat":"repeat","background-position":"center center","background-size":"auto","background-attachment":"scroll","background-type":"","background-media":"","overlay-type":"","overlay-color":"","overlay-opacity":"","overlay-gradient":""},"mobile":{"background-color":"var(--ast-global-color-5)","background-image":"","background-repeat":"repeat","background-position":"center center","background-size":"auto","background-attachment":"scroll","background-type":"","background-media":"","overlay-type":"","overlay-color":"","overlay-opacity":"","overlay-gradient":""}},"footnotes":""},"categories":[8],"tags":[3121,38579,38578,38577],"class_list":["post-99807","post","type-post","status-publish","format-standard","has-post-thumbnail","hentry","category-noticias","tag-edad-media","tag-iconografia-sexual","tag-tapiz-de-bayeux","tag-tapiz-guerras"],"_links":{"self":[{"href":"https:\/\/losperiodistas.com.mx\/portal\/wp-json\/wp\/v2\/posts\/99807","targetHints":{"allow":["GET"]}}],"collection":[{"href":"https:\/\/losperiodistas.com.mx\/portal\/wp-json\/wp\/v2\/posts"}],"about":[{"href":"https:\/\/losperiodistas.com.mx\/portal\/wp-json\/wp\/v2\/types\/post"}],"author":[{"embeddable":true,"href":"https:\/\/losperiodistas.com.mx\/portal\/wp-json\/wp\/v2\/users\/1"}],"replies":[{"embeddable":true,"href":"https:\/\/losperiodistas.com.mx\/portal\/wp-json\/wp\/v2\/comments?post=99807"}],"version-history":[{"count":1,"href":"https:\/\/losperiodistas.com.mx\/portal\/wp-json\/wp\/v2\/posts\/99807\/revisions"}],"predecessor-version":[{"id":99814,"href":"https:\/\/losperiodistas.com.mx\/portal\/wp-json\/wp\/v2\/posts\/99807\/revisions\/99814"}],"wp:featuredmedia":[{"embeddable":true,"href":"https:\/\/losperiodistas.com.mx\/portal\/wp-json\/wp\/v2\/media\/99808"}],"wp:attachment":[{"href":"https:\/\/losperiodistas.com.mx\/portal\/wp-json\/wp\/v2\/media?parent=99807"}],"wp:term":[{"taxonomy":"category","embeddable":true,"href":"https:\/\/losperiodistas.com.mx\/portal\/wp-json\/wp\/v2\/categories?post=99807"},{"taxonomy":"post_tag","embeddable":true,"href":"https:\/\/losperiodistas.com.mx\/portal\/wp-json\/wp\/v2\/tags?post=99807"}],"curies":[{"name":"wp","href":"https:\/\/api.w.org\/{rel}","templated":true}]}}