{"id":99798,"date":"2025-05-20T11:18:19","date_gmt":"2025-05-20T17:18:19","guid":{"rendered":"https:\/\/losperiodistas.com.mx\/portal\/?p=99798"},"modified":"2025-05-20T11:31:28","modified_gmt":"2025-05-20T17:31:28","slug":"asesinan-a-tiros-a-los-dos-principales-asesores-de-la-alcaldesa-de-ciudad-de-mexico-abc","status":"publish","type":"post","link":"https:\/\/losperiodistas.com.mx\/portal\/asesinan-a-tiros-a-los-dos-principales-asesores-de-la-alcaldesa-de-ciudad-de-mexico-abc\/","title":{"rendered":"Asesinan a tiros a los dos principales asesores de la alcaldesa de Ciudad de M\u00e9xico | ABC"},"content":{"rendered":"\n<h2 class=\"wp-block-heading\">Los agresores se dieron a la fuga y las autoridades no han reportado detenci\u00f3n alguna<\/h2>\n\n\n\n<h2 class=\"wp-block-heading\"><\/h2>\n\n\n\n<figure class=\"wp-block-image\"><img fetchpriority=\"high\" decoding=\"async\" width=\"1200\" height=\"840\" src=\"https:\/\/losperiodistas.com.mx\/portal\/wp-content\/uploads\/2025\/05\/ClaraBrugada-RI73ou3uMVzexrTWICK7OLN-1200x840@diario_abc.jpg\" alt=\"Asesinan a tiros a los dos principales asesores de la alcaldesa de Ciudad de M\u00e9xico\" class=\"wp-image-99800\" srcset=\"https:\/\/losperiodistas.com.mx\/portal\/wp-content\/uploads\/2025\/05\/ClaraBrugada-RI73ou3uMVzexrTWICK7OLN-1200x840@diario_abc.jpg 1200w, https:\/\/losperiodistas.com.mx\/portal\/wp-content\/uploads\/2025\/05\/ClaraBrugada-RI73ou3uMVzexrTWICK7OLN-1200x840@diario_abc-300x210.jpg 300w, https:\/\/losperiodistas.com.mx\/portal\/wp-content\/uploads\/2025\/05\/ClaraBrugada-RI73ou3uMVzexrTWICK7OLN-1200x840@diario_abc-1024x717.jpg 1024w, https:\/\/losperiodistas.com.mx\/portal\/wp-content\/uploads\/2025\/05\/ClaraBrugada-RI73ou3uMVzexrTWICK7OLN-1200x840@diario_abc-768x538.jpg 768w\" sizes=\"(max-width: 1200px) 100vw, 1200px\" \/><\/figure>\n\n\n\n<p class=\"has-vivid-red-color has-text-color has-link-color has-medium-font-size wp-elements-0dd0866a325d5fcc873a596a3da77920\"><strong><a href=\"https:\/\/www.abc.es\/autor\/milton-merlo-6609\/\">Milton Merlo<\/a> \/ ABC<\/strong><\/p>\n\n\n\n<p>Corresponsal en Ciudad de M\u00e9xico<\/p>\n\n\n\n<p><a href=\"javascript:void(0)\"><\/a><\/p>\n\n\n\n<p>Un nuevo crimen sacude a la pol\u00edtica mexicana. Los dos principales asesores de la alcaldesa de la Ciudad de M\u00e9xico, Clara Brugada, fueron ejecutados este martes por la ma\u00f1ana. El crimen tuvo lugar en la Calzada de Tlalpan, una de las principales vialidades que recorre&nbsp;la capital de norte a sur.&nbsp;<strong>Ximena Guzm\u00e1n y Jos\u00e9 Mu\u00f1oz fueron acribillados<\/strong>&nbsp;al alba mientras se dirig\u00edan en autom\u00f3vil a las oficinas del Gobierno capitalino, en la plaza c\u00e9ntrica del Z\u00f3calo.<\/p>\n\n\n\n<p>El atentado se realiz\u00f3 desde una motocicleta que se ubic\u00f3 a la par del veh\u00edculo de marca Audi en el cual se trasladaban los funcionarios. Los agresores se dieron a la fuga y las autoridades no han reportado la detenci\u00f3n de ninguna persona involucrada.<\/p>\n\n\n\n<p>El revuelo ha sido inmediato.&nbsp;<a href=\"https:\/\/www.abc.es\/internacional\/trump-dice-sheinbaum-rechazo-envio-tropas-eeuu-20250505085134-nt.html\">La presidenta Claudia Sheinbaum<\/a>, aliada pol\u00edtica de Brugada, se\u00f1al\u00f3: \u00abDesde el Gobierno de M\u00e9xico enviamos condolencias a sus familiares. Todo el apoyo que requiera la Jefa de Gobierno, vamos a llegar al fondo de esta situaci\u00f3n, que haya justicia, y nuestro apoyo incondicional a la Jefa de Gobierno\u00bb.Noticia Relacionada<\/p>\n\n\n\n<figure class=\"wp-block-image\"><a href=\"https:\/\/www.abc.es\/internacional\/eeuu-lanza-narco-mexicano-acusa-organizacion-terrorista-20250514160611-nt.html#vca=modulo-rel-uno&amp;vso=abc&amp;vmc=noticias-rel&amp;vli=internacional\"><img decoding=\"async\" width=\"366\" height=\"256\" src=\"https:\/\/losperiodistas.com.mx\/portal\/wp-content\/uploads\/2025\/05\/narco_20250514162805-U71075211561gnc-366x256@diario_abc.jpg\" alt=\"EE.UU. acusa por primera vez a dos integrantes del cartel de Sinaloa de terrorismo\" class=\"wp-image-99801\" srcset=\"https:\/\/losperiodistas.com.mx\/portal\/wp-content\/uploads\/2025\/05\/narco_20250514162805-U71075211561gnc-366x256@diario_abc.jpg 366w, https:\/\/losperiodistas.com.mx\/portal\/wp-content\/uploads\/2025\/05\/narco_20250514162805-U71075211561gnc-366x256@diario_abc-300x210.jpg 300w\" sizes=\"(max-width: 366px) 100vw, 366px\" \/><\/a><\/figure>\n\n\n\n<h3 class=\"wp-block-heading\"><a href=\"https:\/\/www.abc.es\/internacional\/eeuu-lanza-narco-mexicano-acusa-organizacion-terrorista-20250514160611-nt.html#vca=modulo-rel-uno&amp;vso=abc&amp;vmc=noticias-rel&amp;vli=internacional\">EE.UU. acusa por primera vez a dos integrantes del cartel de Sinaloa de terrorismo<\/a><\/h3>\n\n\n\n<p>Milton Merlo<\/p>\n\n\n\n<p>\u00abEl C\u00e1rtel de Sinaloa es una organizaci\u00f3n terrorista compleja y peligrosa. Desmantelarlo exige una respuesta judicial innovadora y contundente\u00bb asegura el Departamento de Justicia de EE.UU.<\/p>\n\n\n\n<p>Brugada, en tanto, se\u00f1al\u00f3 que la Fiscal\u00eda General de la capital ya se encuentra a cargo de las pesquisas correspondientes para descubrir el m\u00f3vil del doble homicidio.<\/p>\n\n\n\n<p>Ha sido un golpe al coraz\u00f3n del poder pol\u00edtico de la Ciudad de M\u00e9xico. Guzm\u00e1n era la secretaria particular de Brugada, la encargada de organizar su agenda y un filtro clave para aquellos que quer\u00edan acceder a la alcaldesa. Mu\u00f1oz, pareja de Guzm\u00e1n, era el principal operador pol\u00edtico de Brugada y su consejero de mayor cercan\u00eda.<\/p>\n\n\n\n<p>El crimen sucede en un contexto de p\u00e1nico en la clase pol\u00edtica mexicana por las crecientes investigaciones que se llevan adelante en Estados Unidos y que buscan profundizar en los v\u00ednculos entre pol\u00edticos mexicanos y narcotraficantes.<\/p>\n\n\n\n<p>La semana pasada Brugada hab\u00eda reportado una mejora en los \u00edndices de seguridad de la capital. Durante el primer cuatrimestre de 2025, inform\u00f3, se registr\u00f3 una tendencia a la baja del 10.7%, en comparaci\u00f3n con el mismo periodo del 2024.<\/p>\n\n\n\n<p>Brugada lleg\u00f3 a la jefatura de gobierno de la Ciudad de M\u00e9xico impulsada por el expresidente Andr\u00e9s Manuel L\u00f3pez Obrador. Debi\u00f3 competir en una encuesta interna contra Omar Garc\u00eda Harfuch, actual secretario de Seguridad y que era el elegido de Sheinbaum para la candidatura capitalina. Finalmente, Brugada se impuso y, una vez que gan\u00f3 la elecci\u00f3n, en junio del 2024, design\u00f3 a cargo de la Secretar\u00eda de Seguridad al segundo al mando de Garc\u00eda Harfuch.<\/p>\n\n\n\n<p>En los \u00faltimos meses Brugada ha emprendido arrestos contra diversos operadores de los principales c\u00e1rteles de la droga con presencia en la Ciudad de M\u00e9xico. Se trata, fundamentalmente, de perfiles vinculados al lavado de activos.<\/p>\n\n\n\n<p>Fuente: <a href=\"https:\/\/www.abc.es\/internacional\/asesinan-dos-principales-asesores-alcaldesa-ciudad-mexico-20250520184356-nt.html\">https:\/\/www.abc.es\/internacional\/asesinan-dos-principales-asesores-alcaldesa-ciudad-mexico-20250520184356-nt.html<\/a><\/p>\n","protected":false},"excerpt":{"rendered":"<p>Los agresores se dieron a la fuga y las autoridades no han reportado detenci\u00f3n alguna Milton Merlo \/ ABC Corresponsal [&hellip;]<\/p>\n","protected":false},"author":1,"featured_media":99799,"comment_status":"open","ping_status":"open","sticky":false,"template":"","format":"standard","meta":{"site-sidebar-layout":"default","site-content-layout":"","ast-site-content-layout":"default","site-content-style":"default","site-sidebar-style":"default","ast-global-header-display":"","ast-banner-title-visibility":"","ast-main-header-display":"","ast-hfb-above-header-display":"","ast-hfb-below-header-display":"","ast-hfb-mobile-header-display":"","site-post-title":"","ast-breadcrumbs-content":"","ast-featured-img":"","footer-sml-layout":"","theme-transparent-header-meta":"","adv-header-id-meta":"","stick-header-meta":"","header-above-stick-meta":"","header-main-stick-meta":"","header-below-stick-meta":"","astra-migrate-meta-layouts":"default","ast-page-background-enabled":"default","ast-page-background-meta":{"desktop":{"background-color":"var(--ast-global-color-4)","background-image":"","background-repeat":"repeat","background-position":"center center","background-size":"auto","background-attachment":"scroll","background-type":"","background-media":"","overlay-type":"","overlay-color":"","overlay-opacity":"","overlay-gradient":""},"tablet":{"background-color":"","background-image":"","background-repeat":"repeat","background-position":"center center","background-size":"auto","background-attachment":"scroll","background-type":"","background-media":"","overlay-type":"","overlay-color":"","overlay-opacity":"","overlay-gradient":""},"mobile":{"background-color":"","background-image":"","background-repeat":"repeat","background-position":"center center","background-size":"auto","background-attachment":"scroll","background-type":"","background-media":"","overlay-type":"","overlay-color":"","overlay-opacity":"","overlay-gradient":""}},"ast-content-background-meta":{"desktop":{"background-color":"var(--ast-global-color-5)","background-image":"","background-repeat":"repeat","background-position":"center center","background-size":"auto","background-attachment":"scroll","background-type":"","background-media":"","overlay-type":"","overlay-color":"","overlay-opacity":"","overlay-gradient":""},"tablet":{"background-color":"var(--ast-global-color-5)","background-image":"","background-repeat":"repeat","background-position":"center center","background-size":"auto","background-attachment":"scroll","background-type":"","background-media":"","overlay-type":"","overlay-color":"","overlay-opacity":"","overlay-gradient":""},"mobile":{"background-color":"var(--ast-global-color-5)","background-image":"","background-repeat":"repeat","background-position":"center center","background-size":"auto","background-attachment":"scroll","background-type":"","background-media":"","overlay-type":"","overlay-color":"","overlay-opacity":"","overlay-gradient":""}},"footnotes":""},"categories":[8],"tags":[38572,20034,38574,38571,38573],"class_list":["post-99798","post","type-post","status-publish","format-standard","has-post-thumbnail","hentry","category-noticias","tag-asesinados-asesores-clara-brugada","tag-clara-brugada","tag-jose-munoz","tag-violencia-cdmx","tag-ximena-guzman"],"_links":{"self":[{"href":"https:\/\/losperiodistas.com.mx\/portal\/wp-json\/wp\/v2\/posts\/99798","targetHints":{"allow":["GET"]}}],"collection":[{"href":"https:\/\/losperiodistas.com.mx\/portal\/wp-json\/wp\/v2\/posts"}],"about":[{"href":"https:\/\/losperiodistas.com.mx\/portal\/wp-json\/wp\/v2\/types\/post"}],"author":[{"embeddable":true,"href":"https:\/\/losperiodistas.com.mx\/portal\/wp-json\/wp\/v2\/users\/1"}],"replies":[{"embeddable":true,"href":"https:\/\/losperiodistas.com.mx\/portal\/wp-json\/wp\/v2\/comments?post=99798"}],"version-history":[{"count":1,"href":"https:\/\/losperiodistas.com.mx\/portal\/wp-json\/wp\/v2\/posts\/99798\/revisions"}],"predecessor-version":[{"id":99802,"href":"https:\/\/losperiodistas.com.mx\/portal\/wp-json\/wp\/v2\/posts\/99798\/revisions\/99802"}],"wp:featuredmedia":[{"embeddable":true,"href":"https:\/\/losperiodistas.com.mx\/portal\/wp-json\/wp\/v2\/media\/99799"}],"wp:attachment":[{"href":"https:\/\/losperiodistas.com.mx\/portal\/wp-json\/wp\/v2\/media?parent=99798"}],"wp:term":[{"taxonomy":"category","embeddable":true,"href":"https:\/\/losperiodistas.com.mx\/portal\/wp-json\/wp\/v2\/categories?post=99798"},{"taxonomy":"post_tag","embeddable":true,"href":"https:\/\/losperiodistas.com.mx\/portal\/wp-json\/wp\/v2\/tags?post=99798"}],"curies":[{"name":"wp","href":"https:\/\/api.w.org\/{rel}","templated":true}]}}