{"id":99796,"date":"2025-05-20T11:20:04","date_gmt":"2025-05-20T17:20:04","guid":{"rendered":"https:\/\/losperiodistas.com.mx\/portal\/?p=99796"},"modified":"2025-05-20T11:20:05","modified_gmt":"2025-05-20T17:20:05","slug":"opinion-ocultar-negar-culpar","status":"publish","type":"post","link":"https:\/\/losperiodistas.com.mx\/portal\/opinion-ocultar-negar-culpar\/","title":{"rendered":"Opini\u00f3n | Ocultar, negar, culpar"},"content":{"rendered":"\n<figure class=\"wp-block-image alignright size-large is-resized\"><img fetchpriority=\"high\" decoding=\"async\" width=\"973\" height=\"1024\" src=\"https:\/\/losperiodistas.com.mx\/portal\/wp-content\/uploads\/2025\/05\/WhatsApp-Image-2025-05-13-at-10.43.11-AM-973x1024.jpeg\" alt=\"\" class=\"wp-image-99430\" style=\"width:186px;height:auto\" srcset=\"https:\/\/losperiodistas.com.mx\/portal\/wp-content\/uploads\/2025\/05\/WhatsApp-Image-2025-05-13-at-10.43.11-AM-973x1024.jpeg 973w, https:\/\/losperiodistas.com.mx\/portal\/wp-content\/uploads\/2025\/05\/WhatsApp-Image-2025-05-13-at-10.43.11-AM-285x300.jpeg 285w, https:\/\/losperiodistas.com.mx\/portal\/wp-content\/uploads\/2025\/05\/WhatsApp-Image-2025-05-13-at-10.43.11-AM-768x808.jpeg 768w, https:\/\/losperiodistas.com.mx\/portal\/wp-content\/uploads\/2025\/05\/WhatsApp-Image-2025-05-13-at-10.43.11-AM.jpeg 1125w\" sizes=\"(max-width: 973px) 100vw, 973px\" \/><\/figure>\n\n\n\n<p><\/p>\n\n\n\n<p><\/p>\n\n\n\n<p><\/p>\n\n\n\n<p class=\"has-vivid-red-color has-text-color has-link-color wp-elements-4a4df6d80a2ae0e72f7ad2747000622c\" style=\"font-size:26px\"><strong><em>Por: Humberto Aguilar Coronado*<\/em><\/strong><\/p>\n\n\n\n<p>Mucho se ha hablado y escrito de la falta de cumplimiento de los principios b\u00e1sicos que L\u00f3pez Obrador sugiri\u00f3 como l\u00edneas de exigencia para sus colaboradores y familiares al inicio de su mandato: no mentir, no robar y no traicionar.<\/p>\n\n\n\n<p>Hay innumerables casos conocidos de familiares y de colaboradores del gobierno que encabez\u00f3 L\u00f3pez Obrador que demuestran que al contrario de lo exigido, si mintieron, si robaron y si traicionaron.<\/p>\n\n\n\n<p>Por eso, me parece oportuno poner sobre la mesa lo que creo que fue el legado del obradorato: ocultar, negar y culpar.<\/p>\n\n\n\n<p>Pr\u00e1cticamente todos los gobiernos tienen la tentaci\u00f3n (por recomendaci\u00f3n de los asesores m\u00e1s cercanos o por exigencia del que encabeza el gobierno) de ocultar o de negar los hechos que suceden y que provocan una imagen negativa en ese ejercicio de gobierno.<\/p>\n\n\n\n<p>Sin embargo, culpar al pasado de manera sistem\u00e1tica, pero no al pasado reciente, sino a los gobiernos de muchos a\u00f1os anteriores, en lo que llamaron gobiernos neoliberales, pero en especial a un presidente, as\u00ed como culpar a Espa\u00f1a por su actuaci\u00f3n durante la conquista, sucedida hace 7 siglos, fue hasta enfermizo.<\/p>\n\n\n\n<p>Desafortunadamente as\u00ed sucedi\u00f3 con todos los actos y hechos que durante el 2018 y el 2024 se conocieron durante el obradorato.<\/p>\n\n\n\n<p>Se ocultaba la informaci\u00f3n y ejemplos tenemos muchos, desde lo relacionado, sobre todo a las tres obras que iniciaron su construcci\u00f3n por el capricho presidencial, el aeropuerto Felipe \u00c1ngeles; el tren maya y la refiner\u00eda de dos bocas.<\/p>\n\n\n\n<p>Esos contratos como la mayor\u00eda de los contratos por asignaci\u00f3n directa, fueron reservados bajo el pretexto de la \u201cseguridad nacional\u201d.<\/p>\n\n\n\n<p>Se negaba la informaci\u00f3n bajo la expresi\u00f3n de \u201cyo tengo otros datos\u201d y sistem\u00e1ticamente se culpaba al pasado de pr\u00e1cticamente todos los errores del gobierno, porque era evidente la falta de resultados tangibles, sobre todo en el tema de la inseguridad.<\/p>\n\n\n\n<p>Para desgracia de los mexicanos, las se\u00f1ales que est\u00e1 dando este gobierno parecen encaminadas a seguir esa misma l\u00ednea de acci\u00f3n.<\/p>\n\n\n\n<p>En el tema de la estrategia para el combate a la inseguridad y al crimen organizado, si bien es cierto que se ha dado a conocer el desmantelamiento de m\u00e1s de 40 laboratorios donde se procesaban droga, sobre todo de fentanilo, tambi\u00e9n es cierto que se oculta de donde vino la informaci\u00f3n para ubicar y actuar contra dichos laboratorios, as\u00ed como los responsables de su operaci\u00f3n.<\/p>\n\n\n\n<p>Para negar tambi\u00e9n ha salido bueno este gobierno. El hecho de que el gobierno de los Estados Unidos le retire la visa a la gobernadora del estado m\u00e1s cercano al pa\u00eds del norte, Baja California, no es un hecho menor y el gobierno en sus declaraciones, lo que hace es negar la magnitud e importancia del asunto.<\/p>\n\n\n\n<p>Y que decir del lamentable acontecimiento ocurrido el fin de semana en donde al chocar el buque escuela \u201cCuauhtemoc\u201d contra el puente de Brooklin en Nueva York, perdieron la vida dos estudiantes de la marina armada de M\u00e9xico y muchos m\u00e1s resultaron heridos.<\/p>\n\n\n\n<p>El gobierno, en los momentos siguientes al hecho, aunque s\u00ed se solidariz\u00f3 con las personas que fallecieron y con sus familiares, lo que m\u00e1s trascendi\u00f3 fue culpar a la oposici\u00f3n de utilizar politicamente el hecho.<\/p>\n\n\n\n<p>Desafortunadamente para el gobierno de morena, vivimos una etapa en la que la informaci\u00f3n \u201cvuela\u201d por las redes sociales, que la mayor\u00eda de las personas con un telefono celular se convierten en reporteros y m\u00e1s pronto que tarde, nos enteramos que quienes lucraron politicamente con el buque escuela, fueron los simpatizantes del partido gobernante, en apoyo a candidatas y candidatos del proceso de elecci\u00f3n del poder judicial, afines al gobierno.<\/p>\n\n\n\n<p>Alguien deber\u00eda decirle a la presidenta que en los tiempos del desarrollo tecnol\u00f3gico que vivimos, cada d\u00eda ser\u00e1 m\u00e1s dif\u00edcil ocultar, negar y culpar.<\/p>\n\n\n\n<p>*Es analista pol\u00edtico<\/p>\n","protected":false},"excerpt":{"rendered":"<p>Por: Humberto Aguilar Coronado* Mucho se ha hablado y escrito de la falta de cumplimiento de los principios b\u00e1sicos que [&hellip;]<\/p>\n","protected":false},"author":1,"featured_media":99430,"comment_status":"open","ping_status":"open","sticky":false,"template":"","format":"standard","meta":{"site-sidebar-layout":"default","site-content-layout":"","ast-site-content-layout":"default","site-content-style":"default","site-sidebar-style":"default","ast-global-header-display":"","ast-banner-title-visibility":"","ast-main-header-display":"","ast-hfb-above-header-display":"","ast-hfb-below-header-display":"","ast-hfb-mobile-header-display":"","site-post-title":"","ast-breadcrumbs-content":"","ast-featured-img":"","footer-sml-layout":"","theme-transparent-header-meta":"","adv-header-id-meta":"","stick-header-meta":"","header-above-stick-meta":"","header-main-stick-meta":"","header-below-stick-meta":"","astra-migrate-meta-layouts":"default","ast-page-background-enabled":"default","ast-page-background-meta":{"desktop":{"background-color":"var(--ast-global-color-4)","background-image":"","background-repeat":"repeat","background-position":"center center","background-size":"auto","background-attachment":"scroll","background-type":"","background-media":"","overlay-type":"","overlay-color":"","overlay-opacity":"","overlay-gradient":""},"tablet":{"background-color":"","background-image":"","background-repeat":"repeat","background-position":"center center","background-size":"auto","background-attachment":"scroll","background-type":"","background-media":"","overlay-type":"","overlay-color":"","overlay-opacity":"","overlay-gradient":""},"mobile":{"background-color":"","background-image":"","background-repeat":"repeat","background-position":"center center","background-size":"auto","background-attachment":"scroll","background-type":"","background-media":"","overlay-type":"","overlay-color":"","overlay-opacity":"","overlay-gradient":""}},"ast-content-background-meta":{"desktop":{"background-color":"var(--ast-global-color-5)","background-image":"","background-repeat":"repeat","background-position":"center center","background-size":"auto","background-attachment":"scroll","background-type":"","background-media":"","overlay-type":"","overlay-color":"","overlay-opacity":"","overlay-gradient":""},"tablet":{"background-color":"var(--ast-global-color-5)","background-image":"","background-repeat":"repeat","background-position":"center center","background-size":"auto","background-attachment":"scroll","background-type":"","background-media":"","overlay-type":"","overlay-color":"","overlay-opacity":"","overlay-gradient":""},"mobile":{"background-color":"var(--ast-global-color-5)","background-image":"","background-repeat":"repeat","background-position":"center center","background-size":"auto","background-attachment":"scroll","background-type":"","background-media":"","overlay-type":"","overlay-color":"","overlay-opacity":"","overlay-gradient":""}},"footnotes":""},"categories":[8,21,18],"tags":[16581],"class_list":["post-99796","post","type-post","status-publish","format-standard","has-post-thumbnail","hentry","category-noticias","category-opinion","category-palabra-de-tigre","tag-obradorato"],"_links":{"self":[{"href":"https:\/\/losperiodistas.com.mx\/portal\/wp-json\/wp\/v2\/posts\/99796","targetHints":{"allow":["GET"]}}],"collection":[{"href":"https:\/\/losperiodistas.com.mx\/portal\/wp-json\/wp\/v2\/posts"}],"about":[{"href":"https:\/\/losperiodistas.com.mx\/portal\/wp-json\/wp\/v2\/types\/post"}],"author":[{"embeddable":true,"href":"https:\/\/losperiodistas.com.mx\/portal\/wp-json\/wp\/v2\/users\/1"}],"replies":[{"embeddable":true,"href":"https:\/\/losperiodistas.com.mx\/portal\/wp-json\/wp\/v2\/comments?post=99796"}],"version-history":[{"count":1,"href":"https:\/\/losperiodistas.com.mx\/portal\/wp-json\/wp\/v2\/posts\/99796\/revisions"}],"predecessor-version":[{"id":99797,"href":"https:\/\/losperiodistas.com.mx\/portal\/wp-json\/wp\/v2\/posts\/99796\/revisions\/99797"}],"wp:featuredmedia":[{"embeddable":true,"href":"https:\/\/losperiodistas.com.mx\/portal\/wp-json\/wp\/v2\/media\/99430"}],"wp:attachment":[{"href":"https:\/\/losperiodistas.com.mx\/portal\/wp-json\/wp\/v2\/media?parent=99796"}],"wp:term":[{"taxonomy":"category","embeddable":true,"href":"https:\/\/losperiodistas.com.mx\/portal\/wp-json\/wp\/v2\/categories?post=99796"},{"taxonomy":"post_tag","embeddable":true,"href":"https:\/\/losperiodistas.com.mx\/portal\/wp-json\/wp\/v2\/tags?post=99796"}],"curies":[{"name":"wp","href":"https:\/\/api.w.org\/{rel}","templated":true}]}}