{"id":99792,"date":"2025-05-20T11:33:48","date_gmt":"2025-05-20T17:33:48","guid":{"rendered":"https:\/\/losperiodistas.com.mx\/portal\/?p=99792"},"modified":"2025-05-20T11:30:56","modified_gmt":"2025-05-20T17:30:56","slug":"opinion-se-alarga-el-lio-judicial-acuexcomac-vs-soapap","status":"publish","type":"post","link":"https:\/\/losperiodistas.com.mx\/portal\/opinion-se-alarga-el-lio-judicial-acuexcomac-vs-soapap\/","title":{"rendered":"Opini\u00f3n | Se alarga el l\u00edo judicial \u00a0Acuexcomac vs SOAPAP"},"content":{"rendered":"\n<p class=\"has-medium-font-size\">*N\u00e9stor Camarillo en Europa; acuerdo entre la BUAP y el Ayuntamiento de Ocoyucan<\/p>\n\n\n\n<figure class=\"wp-block-image size-large\"><img fetchpriority=\"high\" decoding=\"async\" width=\"1024\" height=\"768\" src=\"https:\/\/losperiodistas.com.mx\/portal\/wp-content\/uploads\/2025\/05\/CAMARILLO-EN-BRUSELAS-1024x768.jpeg\" alt=\"\" class=\"wp-image-99793\" srcset=\"https:\/\/losperiodistas.com.mx\/portal\/wp-content\/uploads\/2025\/05\/CAMARILLO-EN-BRUSELAS-1024x768.jpeg 1024w, https:\/\/losperiodistas.com.mx\/portal\/wp-content\/uploads\/2025\/05\/CAMARILLO-EN-BRUSELAS-300x225.jpeg 300w, https:\/\/losperiodistas.com.mx\/portal\/wp-content\/uploads\/2025\/05\/CAMARILLO-EN-BRUSELAS-768x576.jpeg 768w, https:\/\/losperiodistas.com.mx\/portal\/wp-content\/uploads\/2025\/05\/CAMARILLO-EN-BRUSELAS.jpeg 1080w\" sizes=\"(max-width: 1024px) 100vw, 1024px\" \/><\/figure>\n\n\n\n<p class=\"has-vivid-red-color has-text-color has-link-color has-medium-font-size wp-elements-a4eea13d014a15a74c9739e1300f308b\"><strong><em>Por Ra\u00fal Torres Salmer\u00f3n<\/em><\/strong> <strong><em>\/ Sin L\u00edmites<\/em><\/strong><\/p>\n\n\n\n<p>A casi un a\u00f1o del inicio de la demanda de la Presidencia Auxiliar Municipal de Acuexcomac en San Pedro Cholula, que pide una indemnizaci\u00f3n al Sistema Operador de Agua Potable y Alcantarillado de Puebla (SOAPAP), por la extinci\u00f3n del manantial que surt\u00eda agua a Puebla Capital desde hace 30 a\u00f1os, el asunto va para largo.<\/p>\n\n\n\n<p>La demanda inicial, elaborada por el Abogado Atilio Peralta Merino, representante del Dar\u00edo Tiro Rosas, entonces Presidente Municipal Auxiliar de Acuexcomac, fue presentada en contra del SOAPAP en julio de 2024, que exige una indemnizaci\u00f3n para los 50 mil habitantes de la zona por 3 mil 500 millones de pesos.<\/p>\n\n\n\n<p>La demanda a nivel estatal fue hecha en base a la Ley de Responsabilidad Patrimonial pues al extinguirse el manantial hubo da\u00f1o al medio ambiente. A lo largo del tiempo, el SOAPAP no contest\u00f3 la demanda hasta que se present\u00f3 un amparo y el juicio sigui\u00f3.<\/p>\n\n\n\n<p>Seg\u00fan relata Peralta Merino ayer lunes 19 de mayo, se present\u00f3 una demanda incidental ante el Magistrado Titular de la Ponencia Tres de la Primera Sala Colegiada del Tribunal de Justicia Administrativa del Poder Judicial del Estado de Puebla.<\/p>\n\n\n\n<p>Declara Peralta que pese a las declaraciones tanto de la Presidenta Claudia Sheinbaum como del Gobernador de Puebla Alejandro Armenta queine3s han manifestado su rechazo a la concesi\u00f3n del servicio de agua potable en Puebla, SOAPAP ja dado una respuesta protegiendo m\u00e1s a la concesionaria que a la administraci\u00f3n estatal.<\/p>\n\n\n\n<p>Lo anterior, al se\u00f1alar que pese a lo dispuesto en la legislaci\u00f3n sobre da\u00f1o patrimonial no resguard\u00f3 el acervo probatorio con que se acompa\u00f1\u00f3 el escrito original presentado en junio del a\u00f1o pasado con motivo de la extinci\u00f3n del manantial de Acuexcomac.<\/p>\n\n\n\n<p>Tal ha sido el sentido de la respuesta formulada ante el Tribunal Administrativo de Puebla, que &nbsp;en contravenci\u00f3n de lo se\u00f1alado en la ley de la materia, aquel no sido remitido a dicha instancia, situaci\u00f3n que constituye una conducta tipificada en la legislaci\u00f3n penal, motivo por el cual se ha presentado ayer la demanda incidental correspondiente dentro del procedimiento contencioso correspondiente.<\/p>\n\n\n\n<p>Cabe destacar, por lo dem\u00e1s, que la desaparici\u00f3n de pruebas es precisamente el delito que hoy por hoy ha conducido a la otrora Presidenta del Tribunal Superior de Justicia del estado de Guerrero a prisi\u00f3n, declar\u00f3 el Abogado.<\/p>\n\n\n\n<p>Por lo visto, el asunto seguir\u00e1 pese a la lentitud de impartir justicia.<\/p>\n\n\n\n<p><strong>M\u00c9XICO EN LA UNI\u00d3N EUROPEA<\/strong><\/p>\n\n\n\n<p>El Senador de la Rep\u00fablica del PTI, N\u00e9stor Camarillo Medina estuvo unos d\u00edas en Bruselas, B\u00e9lifca donde tuvo reuniones con sus hom\u00f3logos de Europa y manifest\u00f3 la unidad de las fuerzas pol\u00edticas para lograr las condiciones propicias para fortalecer y ampliar la presencia de M\u00e9xico con los pa\u00edses que integran la Uni\u00f3n Europea, ante las dificultades existentes en la relaci\u00f3n bilateral con Estados Unidos.<\/p>\n\n\n\n<p>El poblano forma parte de la Delegaci\u00f3n Mexicana ante la Comisi\u00f3n Parlamentaria Mixta, recibida por el Embajador Rogelio Granguillhome y posteriormente en la C\u00e1mara de Diputados del Reino de B\u00e9lgica sostuvo un encuentro con su Presidente Peter De Roover.<\/p>\n\n\n\n<p>Entre sus actividades destacan conversaciones con Maro\u0161 \u0160ef\u010dovi\u010d, Comisario de Comercio y Seguridad Econ\u00f3mica, en las que se plante\u00f3 la modernizaci\u00f3n del acuerdo global entre la Uni\u00f3n Europea y M\u00e9xico, as\u00ed como con el Eurodiputado Javi L\u00f3pez, Vicepresidente del Parlamento Europeo Encargado de Am\u00e9rica Latina.<\/p>\n\n\n\n<p>\u201cHoy venimos en unidad, hoy lo que nos une a todos es M\u00e9xico, venimos trabajando y construyendo. Al estar en una situaci\u00f3n complicada con nuestro principal socio comercial, fortalecer estas relaciones son de suma importancia. Estamos contentos de que ven a nuestro pa\u00eds como un socio estrat\u00e9gico\u201d, expuso. Camarillo<\/p>\n\n\n\n<p>Hubo un encuentro con la Presidenta del Parlamento Europeo, Roberta Metsola; la Eurodiputada Lina G\u00e1lvez, titular de la Comisi\u00f3n de Derechos de la Mujer y Equidad de G\u00e9nero del Parlamento, as\u00ed como con legisladores representantes en los temas de seguridad.<\/p>\n\n\n\n<p>En el marco de la 31\u00aa Reuni\u00f3n de la Comisi\u00f3n Parlamentaria Mixta M\u00e9xico\u2013Uni\u00f3n Europea, la delegaci\u00f3n parlamentaria mexicana est\u00e1 integrada por siete diputados encabezados por Pedro Haces Barba, Coordinador de Operaci\u00f3n Pol\u00edtica de Morena y Vicepresidente de la Comisi\u00f3n Parlamentaria Mixta, as\u00ed como por siete senadores, Beatriz Guti\u00e9rrez Robles, Geovanna Ba\u00f1uelos de la Torre, Karen Castrej\u00f3n Trujillo, Clemente Casta\u00f1eda Hoeflich, Alejandro Murat Hinojosa, N\u00e9stor Camarillo Medina y Marko Cort\u00e9s.<\/p>\n\n\n\n<p><strong>ACUERDO BUAP-OCOYUCAM<\/strong><\/p>\n\n\n\n<p>Para ofrecer la representaci\u00f3n jur\u00eddica gratuita a las mujeres de Ocoyucan, el Instituto de la Mujer Ocoyucan (IMO) y el Ayuntamiento firmaron un convenio con el Bufete Jur\u00eddico de la Benem\u00e9rita Universidad Aut\u00f3noma de Puebla (BUAP), cuyo obetivo es erradicar la violencia contra las mujeres ocoyuquenses.<\/p>\n\n\n\n<p>Esmeralda Garc\u00eda, Directora del Instituto de la Mujer de Ocoyucan, habl\u00f3 de la importancia que tiene trabajar en equipo por el bienestar de las mujeres, pues hay casos que requieren representaci\u00f3n jur\u00eddica y las usuarias se encuentran limitadas econ\u00f3micamente para contratar un abogado, pero hoy esa situaci\u00f3n cambia, ya que gracias al convenio con la BUAP, las mujeres que requieran de este servicio podr\u00e1n acceder a \u00e9l gratuitamente.<\/p>\n\n\n\n<figure class=\"wp-block-image size-large\"><img decoding=\"async\" width=\"1024\" height=\"576\" src=\"https:\/\/losperiodistas.com.mx\/portal\/wp-content\/uploads\/2025\/05\/CONVENIO-BUAP-Y-OCOYUCAN-1024x576.jpg\" alt=\"\" class=\"wp-image-99794\" srcset=\"https:\/\/losperiodistas.com.mx\/portal\/wp-content\/uploads\/2025\/05\/CONVENIO-BUAP-Y-OCOYUCAN-1024x576.jpg 1024w, https:\/\/losperiodistas.com.mx\/portal\/wp-content\/uploads\/2025\/05\/CONVENIO-BUAP-Y-OCOYUCAN-300x169.jpg 300w, https:\/\/losperiodistas.com.mx\/portal\/wp-content\/uploads\/2025\/05\/CONVENIO-BUAP-Y-OCOYUCAN-768x432.jpg 768w, https:\/\/losperiodistas.com.mx\/portal\/wp-content\/uploads\/2025\/05\/CONVENIO-BUAP-Y-OCOYUCAN.jpg 1160w\" sizes=\"(max-width: 1024px) 100vw, 1024px\" \/><\/figure>\n\n\n\n<p>Estuvo presente el Presidente Arist\u00f3teles Campos quien reconoci\u00f3 el trabajo que se est\u00e1 realizando por el bien de las mujeres de Ocoyucan donde no se tolera la violencia contra la mujer.<\/p>\n\n\n\n<p>El convenio con el bufete jur\u00eddico de la BUAP apoyar\u00e1 a cientos de mujeres que son atendidas por el Instituto de la Mujer de Ocoyucan, para ayudarlas a superar estas situaciones desfavorables.<\/p>\n\n\n\n<p>En fin, como escribi\u00f3 Mario Benedetti (Uruguay, 1920-2009), en Grafiti sin Muros:<\/p>\n\n\n\n<p>Las modas pasan, los escombros quedan.<\/p>\n\n\n\n<p>De todos los ismos s\u00f3lo queda el abismo.<\/p>\n\n\n\n<p>M\u00e1s vale estar vivo que mal acompa\u00f1ado.<\/p>\n\n\n\n<p>Preciso abogado para defensa en juicio final.<\/p>\n\n\n\n<p>raultorress@hotmail.com<\/p>\n\n\n\n<p><\/p>\n","protected":false},"excerpt":{"rendered":"<p>*N\u00e9stor Camarillo en Europa; acuerdo entre la BUAP y el Ayuntamiento de Ocoyucan Por Ra\u00fal Torres Salmer\u00f3n \/ Sin L\u00edmites [&hellip;]<\/p>\n","protected":false},"author":1,"featured_media":99793,"comment_status":"open","ping_status":"open","sticky":false,"template":"","format":"standard","meta":{"site-sidebar-layout":"default","site-content-layout":"","ast-site-content-layout":"default","site-content-style":"default","site-sidebar-style":"default","ast-global-header-display":"","ast-banner-title-visibility":"","ast-main-header-display":"","ast-hfb-above-header-display":"","ast-hfb-below-header-display":"","ast-hfb-mobile-header-display":"","site-post-title":"","ast-breadcrumbs-content":"","ast-featured-img":"","footer-sml-layout":"","theme-transparent-header-meta":"","adv-header-id-meta":"","stick-header-meta":"","header-above-stick-meta":"","header-main-stick-meta":"","header-below-stick-meta":"","astra-migrate-meta-layouts":"default","ast-page-background-enabled":"default","ast-page-background-meta":{"desktop":{"background-color":"var(--ast-global-color-4)","background-image":"","background-repeat":"repeat","background-position":"center center","background-size":"auto","background-attachment":"scroll","background-type":"","background-media":"","overlay-type":"","overlay-color":"","overlay-opacity":"","overlay-gradient":""},"tablet":{"background-color":"","background-image":"","background-repeat":"repeat","background-position":"center center","background-size":"auto","background-attachment":"scroll","background-type":"","background-media":"","overlay-type":"","overlay-color":"","overlay-opacity":"","overlay-gradient":""},"mobile":{"background-color":"","background-image":"","background-repeat":"repeat","background-position":"center center","background-size":"auto","background-attachment":"scroll","background-type":"","background-media":"","overlay-type":"","overlay-color":"","overlay-opacity":"","overlay-gradient":""}},"ast-content-background-meta":{"desktop":{"background-color":"var(--ast-global-color-5)","background-image":"","background-repeat":"repeat","background-position":"center center","background-size":"auto","background-attachment":"scroll","background-type":"","background-media":"","overlay-type":"","overlay-color":"","overlay-opacity":"","overlay-gradient":""},"tablet":{"background-color":"var(--ast-global-color-5)","background-image":"","background-repeat":"repeat","background-position":"center center","background-size":"auto","background-attachment":"scroll","background-type":"","background-media":"","overlay-type":"","overlay-color":"","overlay-opacity":"","overlay-gradient":""},"mobile":{"background-color":"var(--ast-global-color-5)","background-image":"","background-repeat":"repeat","background-position":"center center","background-size":"auto","background-attachment":"scroll","background-type":"","background-media":"","overlay-type":"","overlay-color":"","overlay-opacity":"","overlay-gradient":""}},"footnotes":""},"categories":[8,22,19],"tags":[38570,9788],"class_list":["post-99792","post","type-post","status-publish","format-standard","has-post-thumbnail","hentry","category-noticias","category-opinion-invitada","category-sin-limites-2","tag-acuexcomac","tag-soapap"],"_links":{"self":[{"href":"https:\/\/losperiodistas.com.mx\/portal\/wp-json\/wp\/v2\/posts\/99792","targetHints":{"allow":["GET"]}}],"collection":[{"href":"https:\/\/losperiodistas.com.mx\/portal\/wp-json\/wp\/v2\/posts"}],"about":[{"href":"https:\/\/losperiodistas.com.mx\/portal\/wp-json\/wp\/v2\/types\/post"}],"author":[{"embeddable":true,"href":"https:\/\/losperiodistas.com.mx\/portal\/wp-json\/wp\/v2\/users\/1"}],"replies":[{"embeddable":true,"href":"https:\/\/losperiodistas.com.mx\/portal\/wp-json\/wp\/v2\/comments?post=99792"}],"version-history":[{"count":1,"href":"https:\/\/losperiodistas.com.mx\/portal\/wp-json\/wp\/v2\/posts\/99792\/revisions"}],"predecessor-version":[{"id":99795,"href":"https:\/\/losperiodistas.com.mx\/portal\/wp-json\/wp\/v2\/posts\/99792\/revisions\/99795"}],"wp:featuredmedia":[{"embeddable":true,"href":"https:\/\/losperiodistas.com.mx\/portal\/wp-json\/wp\/v2\/media\/99793"}],"wp:attachment":[{"href":"https:\/\/losperiodistas.com.mx\/portal\/wp-json\/wp\/v2\/media?parent=99792"}],"wp:term":[{"taxonomy":"category","embeddable":true,"href":"https:\/\/losperiodistas.com.mx\/portal\/wp-json\/wp\/v2\/categories?post=99792"},{"taxonomy":"post_tag","embeddable":true,"href":"https:\/\/losperiodistas.com.mx\/portal\/wp-json\/wp\/v2\/tags?post=99792"}],"curies":[{"name":"wp","href":"https:\/\/api.w.org\/{rel}","templated":true}]}}