{"id":99781,"date":"2025-05-20T07:57:48","date_gmt":"2025-05-20T13:57:48","guid":{"rendered":"https:\/\/losperiodistas.com.mx\/portal\/?p=99781"},"modified":"2025-05-20T07:57:49","modified_gmt":"2025-05-20T13:57:49","slug":"calamaro-abandona-un-concierto-despues-de-que-el-publico-no-aplaudiera-su-defensa-de-la-tauromaquia-chic","status":"publish","type":"post","link":"https:\/\/losperiodistas.com.mx\/portal\/calamaro-abandona-un-concierto-despues-de-que-el-publico-no-aplaudiera-su-defensa-de-la-tauromaquia-chic\/","title":{"rendered":"Calamaro abandona un concierto despu\u00e9s de que el p\u00fablico no aplaudiera su defensa de la tauromaquia | CHIC"},"content":{"rendered":"\n<h2 class=\"wp-block-heading has-vivid-green-cyan-background-color has-background\">El cantante argentino interpret\u00f3 los 22 temas de su repertorio para el recital y despu\u00e9s reafirm\u00f3 su postura en Instagram.<\/h2>\n\n\n\n<p><\/p>\n\n\n\n<figure class=\"wp-block-image size-full\"><img fetchpriority=\"high\" decoding=\"async\" width=\"697\" height=\"440\" src=\"https:\/\/losperiodistas.com.mx\/portal\/wp-content\/uploads\/2025\/05\/calamaro-las-ventas-archivo.jpg.webp\" alt=\"\" class=\"wp-image-99782\" srcset=\"https:\/\/losperiodistas.com.mx\/portal\/wp-content\/uploads\/2025\/05\/calamaro-las-ventas-archivo.jpg.webp 697w, https:\/\/losperiodistas.com.mx\/portal\/wp-content\/uploads\/2025\/05\/calamaro-las-ventas-archivo.jpg-300x189.webp 300w\" sizes=\"(max-width: 697px) 100vw, 697px\" \/><figcaption class=\"wp-element-caption\">Andr\u00e9s Calamaro en la Plaza de toros de Las Ventas de Madrid |\u00a0Gtres<\/figcaption><\/figure>\n\n\n\n<p><a href=\"https:\/\/www.libertaddigital.com\/autores\/marta-gutierrez\/\"><\/a><\/p>\n\n\n\n<p class=\"has-vivid-red-color has-text-color has-link-color has-medium-font-size wp-elements-4c4e50fb6c72ef08b28e9ce368d33857\"><strong><a href=\"https:\/\/www.libertaddigital.com\/autores\/marta-gutierrez\/\">M. Guti\u00e9rrez<\/a> \/ CHIC<\/strong><\/p>\n\n\n\n<figure class=\"wp-block-image\" id=\"ph2bd44a87-fc70-4b6d-9eab-66b8609cf385\"><a href=\"https:\/\/s.libertaddigital.com\/2025\/05\/19\/1920\/1080\/fit\/calamaro-las-ventas-archivo.jpg\"><img decoding=\"async\" src=\"https:\/\/s.libertaddigital.com\/images\/trans.png\" alt=\"El cantante argentino interpret\u00f3 los 22 temas de su repertorio para el recital y despu\u00e9s reafirm\u00f3 su postura en Instagram.\" title=\"Calamaro abandona un concierto despu\u00e9s de que el p\u00fablico no aplaudiera su defensa de la tauromaquia\"\/><\/a><\/figure>\n\n\n\n<p><\/p>\n\n\n\n<p><strong><a href=\"https:\/\/www.libertaddigital.com\/personajes\/andres-calamaro\/\" rel=\"noreferrer noopener\" target=\"_blank\">Andr\u00e9s Calamaro<\/a>&nbsp;<\/strong>abandon\u00f3 su recital del pasado s\u00e1bado 17 de mayo en la plaza de toros de Cali (Colombia) conocida como Arena Ca\u00f1averalejo, tras un<strong>&nbsp;mensaje de defensa de la tauromaquia<\/strong>&nbsp;que, seg\u00fan consider\u00f3, no fue bien recibido por el p\u00fablico. El compositor argentino se encontraba interpretando su canci\u00f3n&nbsp;<em>Flaca&nbsp;<\/em>cuando decidi\u00f3 tirar el micr\u00f3fono y la chaqueta que llevaba en cada mano para escuchar c\u00f3mo los asistentes cantaban su canci\u00f3n.<\/p>\n\n\n\n<p>Tras varios segundos, volvi\u00f3 a coger el micro y dedic\u00f3 el tema \u00aba todos los toreros, ganaderos, banderilleros y aficionados\u00bb que seg\u00fan expres\u00f3 Calamaro dirigi\u00e9ndose a los colombianos, \u00ab<strong>se quedan sin trabajo porque votaron para eso, para dejarlos en la calle<\/strong>\u00ab. Entre el p\u00fablico se escucharon algunos silbidos y abucheos aunque tambi\u00e9n gente apoy\u00e1ndole.<\/p>\n\n\n\n<p>Al ver la reacci\u00f3n, el excomponente de Los Rodr\u00edguez, que se encuentra inmerso en su gira \u2018Agenda 1999\u2019, se encogi\u00f3 de hombros y aunque continu\u00f3 con la actuaci\u00f3n, finalmente&nbsp;<strong>decidi\u00f3 parar el concierto<\/strong>. \u00ab<strong>Lo siento, est\u00e1n cancelados y bloqueados. Hasta nunca<\/strong>\u00ab, dijo ante la at\u00f3nita mirada de su banda, que decidi\u00f3 continuar con la m\u00fasica y los coros mientras Calamaro abandonaba el escenario.<\/p>\n\n\n\n<figure class=\"wp-block-embed is-type-rich is-provider-twitter wp-block-embed-twitter\"><div class=\"wp-block-embed__wrapper\">\n<blockquote class=\"twitter-tweet\" data-width=\"500\" data-dnt=\"true\"><p lang=\"es\" dir=\"ltr\">Decepcionados quedaron los fan\u00e1ticos de Andr\u00e9s Calamaro en Cali, despu\u00e9s de que abandonara el escenario en medio de su concierto. El artista se molest\u00f3 al ver que el p\u00fablico no apoy\u00f3 sus comentarios a favor de la tauromaquia. \u201cEst\u00e1n cancelados. Hasta nunca\u201d dijo el cantante. <a href=\"https:\/\/t.co\/LMb260EMMx\">pic.twitter.com\/LMb260EMMx<\/a><\/p>&mdash; BLU Pac\u00edfico (@BLUPacifico) <a href=\"https:\/\/twitter.com\/BLUPacifico\/status\/1924139446942773341?ref_src=twsrc%5Etfw\">May 18, 2025<\/a><\/blockquote><script async src=\"https:\/\/platform.twitter.com\/widgets.js\" charset=\"utf-8\"><\/script>\n<\/div><\/figure>\n\n\n\n<p>Calamaro utiliz\u00f3 su cuenta de Instagram para reafirmar su postura. \u00abNo s\u00e9 si los aficionados son mayor\u00eda en Colombia pero tampoco la literatura es mayoritaria y de momento no se queman libros y la biblioteca sigue abierta. Los cines claudicaron frente a las plataformas y la internet y no es algo que haya que celebrar. Curiosamente los aficionados somos decentes y educados padres de familia que jam\u00e1s maltratamos animales, pero&nbsp;<strong>los animalistas no saben hacer otra cosa que insultar y desear sangrientas consecuencias<\/strong>&nbsp;para quienes elegimos libremente qu\u00e9 hacer con nuestro tiempo\u00bb, public\u00f3.<\/p>\n\n\n\n<p><a href=\"https:\/\/www.libertaddigital.com\/cultura\/toros\/2024-05-29\/la-colombia-de-petro-prohibe-las-corridas-de-toros-7131938\/\">La Colombia de Petro proh\u00edbe las corridas de torosLD\/Agencias<\/a><\/p>\n\n\n\n<p>\u00abS\u00ed, el \u00fanico razonamiento que tienen es insultar. No hay mucho m\u00e1s que decir. Anoche dimos el recital completo, dej\u00e9 dos minutos en el escenario en un pasaje instrumental y ejecutamos las 22 canciones del repertorio completo. Cali jam\u00e1s vot\u00f3 ni fue a referendo para cerrar la plaza, esto ocurre con la complicidad de la ignorancia adolescente de una minor\u00eda y luego son movidas pol\u00edticas para tejer alianzas y sumar una mayor\u00eda.&nbsp;<strong>Colombia es taurina<\/strong>&nbsp;como es musical, es tradicional, cultura, trabajo y libertad. Eso no va a cambiar. N\u00f3tese la educaci\u00f3n exquisita de los argumentos y luego la violencia infantil infame que largan los cobardes animalistas bajo su mentiroso manto de piedad que esconde un ego\u00edsmo imperdonable y un claro desd\u00e9n por los derechos de los humildes\u00bb, continu\u00f3.<\/p>\n\n\n\n<figure class=\"wp-block-image size-large\"><img decoding=\"async\" width=\"1024\" height=\"764\" src=\"https:\/\/losperiodistas.com.mx\/portal\/wp-content\/uploads\/2025\/05\/Captura-de-pantalla-2025-05-20-a-las-7.53.59\u202fa.m-1024x764.png\" alt=\"\" class=\"wp-image-99783\" srcset=\"https:\/\/losperiodistas.com.mx\/portal\/wp-content\/uploads\/2025\/05\/Captura-de-pantalla-2025-05-20-a-las-7.53.59\u202fa.m-1024x764.png 1024w, https:\/\/losperiodistas.com.mx\/portal\/wp-content\/uploads\/2025\/05\/Captura-de-pantalla-2025-05-20-a-las-7.53.59\u202fa.m-300x224.png 300w, https:\/\/losperiodistas.com.mx\/portal\/wp-content\/uploads\/2025\/05\/Captura-de-pantalla-2025-05-20-a-las-7.53.59\u202fa.m-768x573.png 768w, https:\/\/losperiodistas.com.mx\/portal\/wp-content\/uploads\/2025\/05\/Captura-de-pantalla-2025-05-20-a-las-7.53.59\u202fa.m.png 1206w\" sizes=\"(max-width: 1024px) 100vw, 1024px\" \/><figcaption class=\"wp-element-caption\"><a href=\"https:\/\/www.instagram.com\/p\/DJzfRtBuXzI\/?utm_source=ig_embed&amp;utm_campaign=loading\" target=\"_blank\" rel=\"noreferrer noopener\">View this post on Instagram<\/a> | <a href=\"https:\/\/www.instagram.com\/p\/DJzfRtBuXzI\/?utm_source=ig_embed&amp;utm_campaign=loading\" target=\"_blank\" rel=\"noreferrer noopener\">A post shared by Andr\u00e9s Calamaro (@a_calamaro)<\/a><\/figcaption><\/figure>\n\n\n\n<p>\u00ab<strong>Es posible que los aficionados seamos una minor\u00eda<\/strong>&nbsp;pero estamos en una \u00e9poca donde se respetan los derechos y las libertades de las minor\u00edas. Tampoco deseo abusar de la ignorancia atrevida de aquellos que no conocen vida fuera de internet y apenas si se pronuncian con palabras, hace siglos que apoyo la existencia de la tauromaquia y nunca fui increpado en la calle, ni una vez. No soy torero ni asesino ni maltrato animales pero s\u00ed que como animales a diario. La gastronom\u00eda tampoco es maltrato perverso, advierto si es desapego de las nazi animalista para con los ciudadanos en favor de una fantas\u00eda incluso absurda para Walt Disney. Claro que en manada y apenas hilando dos palabras se atreven a todo pero en persona no tienen dignidad para decirme nada.&nbsp;<strong>Finalmente yo solo lament\u00e9 estar en una plaza de toros sin toros&nbsp;<\/strong>y soy solidario con la gente que se queda sin trabajo en el campo y en la plaza\u00bb, sentenci\u00f3.<\/p>\n\n\n\n<p><a href=\"https:\/\/www.libertaddigital.com\/cultura\/musica\/2021-01-11\/entrevista-a-andres-calamaro-las-grandes-palabras-habria-que-pronunciarlas-con-prudencia-6697315\/\">Calamaro: \u00abLas grandes palabras habr\u00eda que pronunciarlas con prudencia\u00bbJes\u00fas Fern\u00e1ndez \u00dabeda<\/a><\/p>\n\n\n\n<p>El 28 de mayo de 2024 la C\u00e1mara de Representantes de Colombia aprob\u00f3 por mayor\u00eda un proyecto que proh\u00edbe las corridas de toros en Colombia con 93 votos a favor. La propuesta, presentada por el congresista Alejandro Garc\u00eda de la Alianza Verde, logr\u00f3 avanzar tras m\u00faltiples intentos fallidos y una fuerte resistencia encabezada por el Centro Democr\u00e1tico.<\/p>\n\n\n\n<p>Fuente: <a href=\"https:\/\/www.libertaddigital.com\/chic\/corazon\/2025-05-19\/calamaro-abandona-un-concierto-despues-de-que-el-publico-no-aplaudiera-su-defensa-de-la-tauromaquia-7256174\/\">https:\/\/www.libertaddigital.com\/chic\/corazon\/2025-05-19\/calamaro-abandona-un-concierto-despues-de-que-el-publico-no-aplaudiera-su-defensa-de-la-tauromaquia-7256174\/<\/a><\/p>\n","protected":false},"excerpt":{"rendered":"<p>El cantante argentino interpret\u00f3 los 22 temas de su repertorio para el recital y despu\u00e9s reafirm\u00f3 su postura en Instagram. [&hellip;]<\/p>\n","protected":false},"author":1,"featured_media":99782,"comment_status":"open","ping_status":"open","sticky":false,"template":"","format":"standard","meta":{"site-sidebar-layout":"default","site-content-layout":"","ast-site-content-layout":"default","site-content-style":"default","site-sidebar-style":"default","ast-global-header-display":"","ast-banner-title-visibility":"","ast-main-header-display":"","ast-hfb-above-header-display":"","ast-hfb-below-header-display":"","ast-hfb-mobile-header-display":"","site-post-title":"","ast-breadcrumbs-content":"","ast-featured-img":"","footer-sml-layout":"","theme-transparent-header-meta":"","adv-header-id-meta":"","stick-header-meta":"","header-above-stick-meta":"","header-main-stick-meta":"","header-below-stick-meta":"","astra-migrate-meta-layouts":"default","ast-page-background-enabled":"default","ast-page-background-meta":{"desktop":{"background-color":"var(--ast-global-color-4)","background-image":"","background-repeat":"repeat","background-position":"center center","background-size":"auto","background-attachment":"scroll","background-type":"","background-media":"","overlay-type":"","overlay-color":"","overlay-opacity":"","overlay-gradient":""},"tablet":{"background-color":"","background-image":"","background-repeat":"repeat","background-position":"center center","background-size":"auto","background-attachment":"scroll","background-type":"","background-media":"","overlay-type":"","overlay-color":"","overlay-opacity":"","overlay-gradient":""},"mobile":{"background-color":"","background-image":"","background-repeat":"repeat","background-position":"center center","background-size":"auto","background-attachment":"scroll","background-type":"","background-media":"","overlay-type":"","overlay-color":"","overlay-opacity":"","overlay-gradient":""}},"ast-content-background-meta":{"desktop":{"background-color":"var(--ast-global-color-5)","background-image":"","background-repeat":"repeat","background-position":"center center","background-size":"auto","background-attachment":"scroll","background-type":"","background-media":"","overlay-type":"","overlay-color":"","overlay-opacity":"","overlay-gradient":""},"tablet":{"background-color":"var(--ast-global-color-5)","background-image":"","background-repeat":"repeat","background-position":"center center","background-size":"auto","background-attachment":"scroll","background-type":"","background-media":"","overlay-type":"","overlay-color":"","overlay-opacity":"","overlay-gradient":""},"mobile":{"background-color":"var(--ast-global-color-5)","background-image":"","background-repeat":"repeat","background-position":"center center","background-size":"auto","background-attachment":"scroll","background-type":"","background-media":"","overlay-type":"","overlay-color":"","overlay-opacity":"","overlay-gradient":""}},"footnotes":""},"categories":[8],"tags":[38566,38568,38569,38567,2745],"class_list":["post-99781","post","type-post","status-publish","format-standard","has-post-thumbnail","hentry","category-noticias","tag-andres-calamaro","tag-arena-canaveralejo","tag-defensa-tauromaquia","tag-plaza-de-toros-de-cali","tag-tauromaquia"],"_links":{"self":[{"href":"https:\/\/losperiodistas.com.mx\/portal\/wp-json\/wp\/v2\/posts\/99781","targetHints":{"allow":["GET"]}}],"collection":[{"href":"https:\/\/losperiodistas.com.mx\/portal\/wp-json\/wp\/v2\/posts"}],"about":[{"href":"https:\/\/losperiodistas.com.mx\/portal\/wp-json\/wp\/v2\/types\/post"}],"author":[{"embeddable":true,"href":"https:\/\/losperiodistas.com.mx\/portal\/wp-json\/wp\/v2\/users\/1"}],"replies":[{"embeddable":true,"href":"https:\/\/losperiodistas.com.mx\/portal\/wp-json\/wp\/v2\/comments?post=99781"}],"version-history":[{"count":1,"href":"https:\/\/losperiodistas.com.mx\/portal\/wp-json\/wp\/v2\/posts\/99781\/revisions"}],"predecessor-version":[{"id":99784,"href":"https:\/\/losperiodistas.com.mx\/portal\/wp-json\/wp\/v2\/posts\/99781\/revisions\/99784"}],"wp:featuredmedia":[{"embeddable":true,"href":"https:\/\/losperiodistas.com.mx\/portal\/wp-json\/wp\/v2\/media\/99782"}],"wp:attachment":[{"href":"https:\/\/losperiodistas.com.mx\/portal\/wp-json\/wp\/v2\/media?parent=99781"}],"wp:term":[{"taxonomy":"category","embeddable":true,"href":"https:\/\/losperiodistas.com.mx\/portal\/wp-json\/wp\/v2\/categories?post=99781"},{"taxonomy":"post_tag","embeddable":true,"href":"https:\/\/losperiodistas.com.mx\/portal\/wp-json\/wp\/v2\/tags?post=99781"}],"curies":[{"name":"wp","href":"https:\/\/api.w.org\/{rel}","templated":true}]}}