{"id":99767,"date":"2025-05-20T06:55:56","date_gmt":"2025-05-20T12:55:56","guid":{"rendered":"https:\/\/losperiodistas.com.mx\/portal\/?p=99767"},"modified":"2025-05-20T06:55:58","modified_gmt":"2025-05-20T12:55:58","slug":"hallado-el-busto-de-jim-morrison-que-fue-robado-hace-37-anos-del-cementerio-de-pere-lachaise-en-paris-el-cultural","status":"publish","type":"post","link":"https:\/\/losperiodistas.com.mx\/portal\/hallado-el-busto-de-jim-morrison-que-fue-robado-hace-37-anos-del-cementerio-de-pere-lachaise-en-paris-el-cultural\/","title":{"rendered":"Hallado el busto de Jim Morrison que fue robado hace 37 a\u00f1os del cementerio de P\u00e8re Lachaise en Par\u00eds | El Cultural"},"content":{"rendered":"\n<h2 class=\"wp-block-heading\">La Prefectura de Polic\u00eda de Par\u00eds anunci\u00f3 en redes sociales el lunes el hallazgo de la escultura, realizada por el croata Mladen Mikulin, y que fue robada de noche sin pistas sobre sus autores.<\/h2>\n\n\n\n<figure class=\"wp-block-image size-large\"><img fetchpriority=\"high\" decoding=\"async\" width=\"1024\" height=\"576\" src=\"https:\/\/losperiodistas.com.mx\/portal\/wp-content\/uploads\/2025\/05\/1003743764906_255718308_1706x960-1024x576.webp\" alt=\"\" class=\"wp-image-99768\" srcset=\"https:\/\/losperiodistas.com.mx\/portal\/wp-content\/uploads\/2025\/05\/1003743764906_255718308_1706x960-1024x576.webp 1024w, https:\/\/losperiodistas.com.mx\/portal\/wp-content\/uploads\/2025\/05\/1003743764906_255718308_1706x960-300x169.webp 300w, https:\/\/losperiodistas.com.mx\/portal\/wp-content\/uploads\/2025\/05\/1003743764906_255718308_1706x960-768x432.webp 768w, https:\/\/losperiodistas.com.mx\/portal\/wp-content\/uploads\/2025\/05\/1003743764906_255718308_1706x960-1536x864.webp 1536w, https:\/\/losperiodistas.com.mx\/portal\/wp-content\/uploads\/2025\/05\/1003743764906_255718308_1706x960.webp 1706w\" sizes=\"(max-width: 1024px) 100vw, 1024px\" \/><figcaption class=\"wp-element-caption\">El estado actual del busto est\u00e1 muy deteriorado: con pintadas y sin nariz. Foto facilitada por la polic\u00eda francesa<\/figcaption><\/figure>\n\n\n\n<h2 class=\"wp-block-heading\"><\/h2>\n\n\n\n<p class=\"has-vivid-red-color has-text-color has-link-color has-medium-font-size wp-elements-f6cfb03ae1c049f67f85bb912a6b9fb0\"><strong>J. Yuste \/ EFE \/ El Cultural<\/strong><\/p>\n\n\n\n<p><\/p>\n\n\n\n<p><\/p>\n\n\n\n<p id=\"paragraph_1\">El busto del cantante Jim Morrison que fue<strong>&nbsp;robado hace 37 a\u00f1os del famoso cementerio parisino de P\u00e8re Lachaise<\/strong>&nbsp;fue encontrado por accidente en un registro policial durante una investigaci\u00f3n por fraude.<\/p>\n\n\n\n<p id=\"paragraph_2\">La Prefectura de Polic\u00eda de Par\u00eds anunci\u00f3 en redes sociales el lunes el hallazgo de<strong>&nbsp;la escultura, realizada por el croata Mladen Mikulin<\/strong>, y que fue robada de noche sin pistas sobre sus autores.<\/p>\n\n\n\n<p id=\"paragraph_3\">Morrison, cantante y figura de referencia del grupo The Doors,&nbsp;<strong>muri\u00f3 en Par\u00eds en 1971<\/strong>, y aunque oficialmente su fallecimiento fue por un fallo card\u00edaco en su apartamento de la calle Beautreillis, varios testigos apuntaron despu\u00e9s a una sobredosis en una discoteca ocultada por autoridades y amigos.<\/p>\n\n\n\n<figure class=\"wp-block-image\"><img decoding=\"async\" src=\"https:\/\/s1.elespanol.com\/2025\/05\/14\/actualidad\/1003743757061_255573331_320x180.jpg\" alt=\"Morrissey en el concierto de San Isidro de 1985 y cartel del programa de fiestas. Dise\u00f1o: Rub\u00e9n Vique.\"\/><\/figure>\n\n\n\n<p><a href=\"https:\/\/www.elespanol.com\/el-cultural\/escenarios\/musica\/20250516\/smiths-hicieron-historia-san-isidro-cronica-noche-irrepetible-puso-fin-movida\/1003743742175_0.html?utm_cmp_rs=relatednewsinline\">Cuando los Smiths hicieron historia en San Isidro de 1985: cr\u00f3nica de la noche irrepetible que puso fin a la Movida<\/a><\/p>\n\n\n\n<p id=\"paragraph_4\"><strong>Su tumba es una de las m\u00e1s c\u00e9lebres del cementerio de P\u00e8re Lachaise<\/strong>, y eso a pesar de que all\u00ed abundan las sepulturas de grandes figuras, como Oscar Wilde, Fr\u00e9d\u00e9ric Chopin, Yves Montand o Sarah Bernhardt.<\/p>\n\n\n\n<p id=\"paragraph_5\"><strong>El busto fue colocado en 1981 para conmemorar el d\u00e9cimo aniversario del fallecimiento del m\u00fasico<\/strong>, y apenas siete a\u00f1os despu\u00e9s fue robado.<\/p>\n\n\n\n<p><img decoding=\"async\" alt=\"Cubierta de la antolog\u00eda de Jim Morrison 'Obra reunida'. Foto: Libros del Kultrum\" height=\"180\" src=\"https:\/\/s1.elespanol.com\/2025\/05\/20\/actualidad\/1003743764910_255718396_1024x576.jpg\" srcset=\"https:\/\/s1.elespanol.com\/2025\/05\/20\/actualidad\/1003743764910_255718399_320x180.jpg 320w, https:\/\/s1.elespanol.com\/2025\/05\/20\/actualidad\/1003743764910_255718398_640x360.jpg 640w, https:\/\/s1.elespanol.com\/2025\/05\/20\/actualidad\/1003743764910_255718397_864x486.jpg 864w, https:\/\/s1.elespanol.com\/2025\/05\/20\/actualidad\/1003743764910_255718396_1024x576.jpg 1024w, https:\/\/s1.elespanol.com\/2025\/05\/20\/actualidad\/1003743764910_255718395_1706x960.jpg 1706w\" width=\"320\"><\/p>\n\n\n\n<p>Cubierta de la antolog\u00eda de Jim Morrison &#8216;Obra reunida&#8217;. Foto: Libros del Kultrum<\/p>\n\n\n\n<p id=\"paragraph_6\">Un registro realizado por la Brigada Financiera y Anticorrupci\u00f3n de la polic\u00eda de Par\u00eds<strong>&nbsp;encontr\u00f3 el busto en el domicilio parisino del directivo de una empresa<\/strong>&nbsp;investigado por falsificaci\u00f3n de documentos contables.<\/p>\n\n\n\n<p id=\"paragraph_7\">Las autoridades no han aclarado a\u00fan si el busto ser\u00e1 devuelto a su emplazamiento original.<\/p>\n\n\n\n<p>Fuente: <a href=\"http:\/\/El estado actual del busto est\u00e1 muy deteriorado: con pintadas y sin nariz. Foto facilitada por la polic\u00eda francesa\">http:\/\/El estado actual del busto est\u00e1 muy deteriorado: con pintadas y sin nariz. Foto facilitada por la polic\u00eda francesa<\/a><\/p>\n","protected":false},"excerpt":{"rendered":"<p>La Prefectura de Polic\u00eda de Par\u00eds anunci\u00f3 en redes sociales el lunes el hallazgo de la escultura, realizada por el [&hellip;]<\/p>\n","protected":false},"author":1,"featured_media":99768,"comment_status":"open","ping_status":"open","sticky":false,"template":"","format":"standard","meta":{"site-sidebar-layout":"default","site-content-layout":"","ast-site-content-layout":"default","site-content-style":"default","site-sidebar-style":"default","ast-global-header-display":"","ast-banner-title-visibility":"","ast-main-header-display":"","ast-hfb-above-header-display":"","ast-hfb-below-header-display":"","ast-hfb-mobile-header-display":"","site-post-title":"","ast-breadcrumbs-content":"","ast-featured-img":"","footer-sml-layout":"","theme-transparent-header-meta":"","adv-header-id-meta":"","stick-header-meta":"","header-above-stick-meta":"","header-main-stick-meta":"","header-below-stick-meta":"","astra-migrate-meta-layouts":"default","ast-page-background-enabled":"default","ast-page-background-meta":{"desktop":{"background-color":"var(--ast-global-color-4)","background-image":"","background-repeat":"repeat","background-position":"center center","background-size":"auto","background-attachment":"scroll","background-type":"","background-media":"","overlay-type":"","overlay-color":"","overlay-opacity":"","overlay-gradient":""},"tablet":{"background-color":"","background-image":"","background-repeat":"repeat","background-position":"center center","background-size":"auto","background-attachment":"scroll","background-type":"","background-media":"","overlay-type":"","overlay-color":"","overlay-opacity":"","overlay-gradient":""},"mobile":{"background-color":"","background-image":"","background-repeat":"repeat","background-position":"center center","background-size":"auto","background-attachment":"scroll","background-type":"","background-media":"","overlay-type":"","overlay-color":"","overlay-opacity":"","overlay-gradient":""}},"ast-content-background-meta":{"desktop":{"background-color":"var(--ast-global-color-5)","background-image":"","background-repeat":"repeat","background-position":"center center","background-size":"auto","background-attachment":"scroll","background-type":"","background-media":"","overlay-type":"","overlay-color":"","overlay-opacity":"","overlay-gradient":""},"tablet":{"background-color":"var(--ast-global-color-5)","background-image":"","background-repeat":"repeat","background-position":"center center","background-size":"auto","background-attachment":"scroll","background-type":"","background-media":"","overlay-type":"","overlay-color":"","overlay-opacity":"","overlay-gradient":""},"mobile":{"background-color":"var(--ast-global-color-5)","background-image":"","background-repeat":"repeat","background-position":"center center","background-size":"auto","background-attachment":"scroll","background-type":"","background-media":"","overlay-type":"","overlay-color":"","overlay-opacity":"","overlay-gradient":""}},"footnotes":""},"categories":[8],"tags":[38560,37079,38561],"class_list":["post-99767","post","type-post","status-publish","format-standard","has-post-thumbnail","hentry","category-noticias","tag-busto-jim-morrison","tag-jim-morrison","tag-mladen-mikulin"],"_links":{"self":[{"href":"https:\/\/losperiodistas.com.mx\/portal\/wp-json\/wp\/v2\/posts\/99767","targetHints":{"allow":["GET"]}}],"collection":[{"href":"https:\/\/losperiodistas.com.mx\/portal\/wp-json\/wp\/v2\/posts"}],"about":[{"href":"https:\/\/losperiodistas.com.mx\/portal\/wp-json\/wp\/v2\/types\/post"}],"author":[{"embeddable":true,"href":"https:\/\/losperiodistas.com.mx\/portal\/wp-json\/wp\/v2\/users\/1"}],"replies":[{"embeddable":true,"href":"https:\/\/losperiodistas.com.mx\/portal\/wp-json\/wp\/v2\/comments?post=99767"}],"version-history":[{"count":1,"href":"https:\/\/losperiodistas.com.mx\/portal\/wp-json\/wp\/v2\/posts\/99767\/revisions"}],"predecessor-version":[{"id":99769,"href":"https:\/\/losperiodistas.com.mx\/portal\/wp-json\/wp\/v2\/posts\/99767\/revisions\/99769"}],"wp:featuredmedia":[{"embeddable":true,"href":"https:\/\/losperiodistas.com.mx\/portal\/wp-json\/wp\/v2\/media\/99768"}],"wp:attachment":[{"href":"https:\/\/losperiodistas.com.mx\/portal\/wp-json\/wp\/v2\/media?parent=99767"}],"wp:term":[{"taxonomy":"category","embeddable":true,"href":"https:\/\/losperiodistas.com.mx\/portal\/wp-json\/wp\/v2\/categories?post=99767"},{"taxonomy":"post_tag","embeddable":true,"href":"https:\/\/losperiodistas.com.mx\/portal\/wp-json\/wp\/v2\/tags?post=99767"}],"curies":[{"name":"wp","href":"https:\/\/api.w.org\/{rel}","templated":true}]}}