{"id":99764,"date":"2025-05-20T06:51:22","date_gmt":"2025-05-20T12:51:22","guid":{"rendered":"https:\/\/losperiodistas.com.mx\/portal\/?p=99764"},"modified":"2025-05-20T06:51:23","modified_gmt":"2025-05-20T12:51:23","slug":"la-crisis-de-la-democracia-en-america-latina-diagnostico-y-tratamiento-enclave-ods","status":"publish","type":"post","link":"https:\/\/losperiodistas.com.mx\/portal\/la-crisis-de-la-democracia-en-america-latina-diagnostico-y-tratamiento-enclave-ods\/","title":{"rendered":"La crisis de la democracia en Am\u00e9rica Latina: diagn\u00f3stico y tratamiento | Enclave ODS"},"content":{"rendered":"\n<h2 class=\"wp-block-heading has-light-green-cyan-background-color has-background\">La desinformaci\u00f3n est\u00e1 actuando como un catalizador en la erosi\u00f3n de los principios y pr\u00e1cticas democr\u00e1ticas.<\/h2>\n\n\n\n<figure class=\"wp-block-image size-large\"><img fetchpriority=\"high\" decoding=\"async\" width=\"1024\" height=\"576\" src=\"https:\/\/losperiodistas.com.mx\/portal\/wp-content\/uploads\/2025\/05\/1003743761365_255652795_1706x960-1024x576.jpeg\" alt=\"\" class=\"wp-image-99765\" srcset=\"https:\/\/losperiodistas.com.mx\/portal\/wp-content\/uploads\/2025\/05\/1003743761365_255652795_1706x960-1024x576.jpeg 1024w, https:\/\/losperiodistas.com.mx\/portal\/wp-content\/uploads\/2025\/05\/1003743761365_255652795_1706x960-300x169.jpeg 300w, https:\/\/losperiodistas.com.mx\/portal\/wp-content\/uploads\/2025\/05\/1003743761365_255652795_1706x960-768x432.jpeg 768w, https:\/\/losperiodistas.com.mx\/portal\/wp-content\/uploads\/2025\/05\/1003743761365_255652795_1706x960-1536x864.jpeg 1536w, https:\/\/losperiodistas.com.mx\/portal\/wp-content\/uploads\/2025\/05\/1003743761365_255652795_1706x960.jpeg 1706w\" sizes=\"(max-width: 1024px) 100vw, 1024px\" \/><figcaption class=\"wp-element-caption\">Imagen dise\u00f1ada por la OEI en Colombia.<\/figcaption><\/figure>\n\n\n\n<p class=\"has-vivid-red-color has-text-color has-link-color has-medium-font-size wp-elements-82928ccc59d12548f392ea0d103b7b1e\"><strong>Rogelio N\u00fa\u00f1ez \/ Enclave ODS<\/strong><\/p>\n\n\n\n<p id=\"paragraph_1\"><strong>La democracia est\u00e1 en crisis a escala mundial y Am\u00e9rica Latina no es una excepci\u00f3n<\/strong>. Algunos polit\u00f3logos, historiadores, pol\u00edticos y periodistas de la regi\u00f3n reflexionan sobre la forma de encarar este reto en una Latinoam\u00e9rica mayoritariamente democr\u00e1tica, pero que est\u00e1 experimentando procesos de creaci\u00f3n y consolidaci\u00f3n de dictaduras y una involuci\u00f3n autoritaria (Venezuela y Nicaragua), el debilitamiento de la institucionalidad democr\u00e1tica (El Salvador) o el acoso a su sistema de libertades (Guatemala).<\/p>\n\n\n\n<p id=\"paragraph_2\">Para ello, en las siguientes p\u00e1ginas se muestran las reflexiones de diferentes autores sobre esta crisis. Para estas personas la democracia, tambi\u00e9n en Am\u00e9rica Latina, est\u00e1 en crisis y en retroceso. Siguiendo su argumentaci\u00f3n,<strong>&nbsp;esa \u00abfatiga\u00bb democr\u00e1tica se debe a la ineficacia de los sistemas pol\u00edticos y de partidos para articular y canalizar las demandas ciudadanas<\/strong>.<\/p>\n\n\n\n<p id=\"paragraph_3\">Asimismo, est\u00e1 causada por el incremento de la frustraci\u00f3n social ante la ausencia de perspectivas de mejora personal e intergeneracional, lo cual alimenta alternativas populistas que utilizan la polarizaci\u00f3n t\u00f3xica para ganar las elecciones y, despu\u00e9s, mantenerse en el poder perpetuando la crispaci\u00f3n.<\/p>\n\n\n\n<figure class=\"wp-block-image\"><img decoding=\"async\" src=\"https:\/\/s1.elespanol.com\/2025\/04\/07\/actualidad\/1003743702606_254544392_1024x576.png\" alt=\"\"\/><\/figure>\n\n\n\n<p><a href=\"https:\/\/www.elespanol.com\/enclave-ods\/20250408\/iberoamerica-democracia\/932656848_0.html?utm_cmp_rs=relatednewsinline\">Iberoam\u00e9rica en democracia<\/a><\/p>\n\n\n\n<p id=\"paragraph_4\">Como colof\u00f3n, adem\u00e1s, recomiendan tratamientos y estrategias para fortalecer la institucionalidad democr\u00e1tica y combatir el virus iliberal que las debilita. El diagn\u00f3stico apunta a que&nbsp;<strong>no solo se est\u00e1 dando una crisis de la democracia en la regi\u00f3n,<\/strong>&nbsp;sino que se est\u00e1 profundizando en ese deterioro.<\/p>\n\n\n\n<h3 class=\"wp-block-heading\">Democracias fatigadas<\/h3>\n\n\n\n<p id=\"paragraph_5\">Manuel Alc\u00e1ntara se\u00f1ala que<strong>&nbsp;ese deterioro democr\u00e1tico tiene ya \u00abvisos de p\u00e9rdida de vigor o, si se prefiere, de fatiga.<\/strong>&nbsp;Hoy este escenario se ha agudizado y corre peligro de derivar en astenia, que es el paso previo a una situaci\u00f3n de deterioro cr\u00f3nico\u00bb. Se trata de los&nbsp;<strong>progresivos efectos del \u00abhundimiento de la representaci\u00f3n<\/strong>, del individualismo rampante, de la desinformaci\u00f3n masiva descontrolada y de la econom\u00eda de la atenci\u00f3n. Aspectos novedosos ante los que las instituciones acu\u00f1adas en un formato funcional para otros tiempos navegan sin rumbo\u00bb.<\/p>\n\n\n\n<p id=\"paragraph_6\">Jos\u00e9 Joaqu\u00edn Brunner alerta de que \u00abdesde ambos extremos del espectro ideol\u00f3gico<strong>&nbsp;crecen fuerzas iliberales y no democr\u00e1ticas alrededor del mundo,<\/strong>&nbsp;al mismo tiempo que aumenta el n\u00famero de reg\u00edmenes populistas-autoritarios de derechas y de izquierdas, aunque de preferencia los primeros. M\u00e1s grave a\u00fan, la mayor\u00eda de las veces estos desplazamientos son desencadenados por el voto popular, que parece estar inclin\u00e1ndose hacia posturas de derecha radical\u00bb.<\/p>\n\n\n\n<h3 class=\"wp-block-heading\">El misil de la polarizaci\u00f3n<\/h3>\n\n\n\n<p id=\"paragraph_7\">Esa fatiga de la democracia se debe a m\u00faltiples factores. El m\u00e1s grave es el de la<strong>&nbsp;polarizaci\u00f3n pol\u00edtica nacida de la desafecci\u00f3n ciudadana,<\/strong>&nbsp;y que acaba articulando la frustraci\u00f3n social.<\/p>\n\n\n\n<p id=\"paragraph_8\">Flavia Freidenberg alerta sobre la polarizaci\u00f3n emocional y t\u00f3xica, pues \u00abhay liderazgos que usan el enfrentamiento con los otros para conseguir el poder y mantenerse\u2026 Los que est\u00e1n conmigo son todos buen\u00edsimos y tienen raz\u00f3n, y a los que opinan distinto hay que perseguirlos para ganar elecciones. Y hay una desconfianza generalizada de la ciudadan\u00eda en la oposici\u00f3n, en los partidos pol\u00edticos, en opciones distintas para acceder al poder\u00bb.<\/p>\n\n\n\n<p><img decoding=\"async\" alt=\"Imagen dise\u00f1ada por la OEI en Colombia.\" height=\"1603\" src=\"https:\/\/s1.elespanol.com\/2025\/05\/16\/actualidad\/1003743761363_255652793_1706x1603.jpg\" width=\"1706\"><\/p>\n\n\n\n<p>Imagen dise\u00f1ada por la OEI en Colombia.<\/p>\n\n\n\n<p id=\"paragraph_9\"><strong>Esta polarizaci\u00f3n no es coyuntural<\/strong>, sino que se ha ido prolongando a lo largo de los a\u00f1os. Sim\u00f3n Pachano, analizando las elecciones presidenciales ecuatorianas de febrero, apunta que \u00abla polarizaci\u00f3n es el resultado de la disputa que se viene arrastrando por ya largos 17 a\u00f1os entre corre\u00edsmo y anticorre\u00edsmo\u2026 Un efecto de la&nbsp;<strong>combinaci\u00f3n entre polarizaci\u00f3n y fragmentaci\u00f3n<\/strong>&nbsp;es la concentraci\u00f3n de la votaci\u00f3n en las dos candidaturas que se sit\u00faan en los extremos del clivaje\u00bb.<\/p>\n\n\n\n<h3 class=\"wp-block-heading\">La polarizaci\u00f3n y el populismo<\/h3>\n\n\n\n<p id=\"paragraph_10\">Esta situaci\u00f3n facilita el ascenso de liderazgos carism\u00e1ticos y populistas que, una vez en el poder, utilizan y pervierten las instituciones democr\u00e1ticas para erigir gobiernos autoritarios basados en la permanente apelaci\u00f3n a un discurso dicot\u00f3mico.<\/p>\n\n\n\n<p id=\"paragraph_11\">Sergio Berenztein percibe esa<strong>&nbsp;tentaci\u00f3n bonapartista en Milei<\/strong>. Se\u00f1ala que existen \u00abtemores respecto de este nuevo proyecto hegem\u00f3nico\u00bb, el cual se apoya en \u00abm\u00faltiples aristas. Una es la pretendida \u00abbatalla cultural\u00bb de larga duraci\u00f3n contraria a los valores \u00abprogresistas\u00bb y \u00abglobalistas\u00bb\u2026 En el nivel dom\u00e9stico esto se traduce en constantes ataques a quienes piensan diferente, en especial periodistas y economistas que cuestionan (por motivos diferentes) la consistencia de sus pol\u00edticas econ\u00f3micas. M\u00e1s a\u00fan, en algunos sectores extremos de LLA hay un tufillo facistoide\u00bb.<\/p>\n\n\n\n<p id=\"paragraph_12\">Por su parte, Marisa Gonz\u00e1lez de Oleaga se\u00f1ala que \u00abel deterioro democr\u00e1tico tiene dos v\u00edas: la i<strong>nstrumentalizaci\u00f3n y control del poder judicial y la utilizaci\u00f3n de la pol\u00edtica de medios<\/strong>&nbsp;para contaminar el debate p\u00fablico\u2026 La desinformaci\u00f3n est\u00e1 actuando como un catalizador en la erosi\u00f3n de los principios y pr\u00e1cticas democr\u00e1ticas en Am\u00e9rica Latina, afectando a la calidad del debate p\u00fablico, la confianza en las instituciones y la capacidad de los ciudadanos para participar efectivamente en los procesos democr\u00e1ticos\u00bb.<\/p>\n\n\n\n<h3 class=\"wp-block-heading\">El crimen organizado<\/h3>\n\n\n\n<p id=\"paragraph_13\">Esta crisis de la institucionalidad democr\u00e1tica es una ventana de oportunidad para que el crimen organizado penetre en la institucionalidad. Alberto Vergara se\u00f1ala que \u00abni la democracia ni el estado de derecho son capaces ya de procesar los conflictos de una sociedad, cada vez m\u00e1s, salida de control. Y al colapso de la pol\u00edtica siguen el desorden y la violencia\u2026 La ausencia de representaci\u00f3n pol\u00edtica facilita la expansi\u00f3n del crimen y anticipa m\u00e1s desorden\u2026&nbsp;<strong>Ni el estado de derecho ni la representaci\u00f3n pol\u00edtica le ajustan las bridas a la industria de la ilegalidad<\/strong>\u00ab.<\/p>\n\n\n\n<p><img decoding=\"async\" alt=\"Imagen de Shutterstock cedida por la OEI.\" height=\"1361\" width=\"1706\" src=\"https:\/\/s1.elespanol.com\/2025\/05\/16\/actualidad\/1003743761370_255652977_1706x1361.jpg\"><\/p>\n\n\n\n<p>Imagen de Shutterstock cedida por la OEI.<\/p>\n\n\n\n<p id=\"paragraph_14\">Por su parte, Will Freeman analiza c\u00f3mo \u00abla influencia criminal en la pol\u00edtica local es menos catastr\u00f3fica que un narcoestado en toda regla, pero esto hace que a los presidentes les resulte demasiado f\u00e1cil descuidar el problema\u2026 El poder local del crimen erosiona la democracia y el estado de derecho\u2026&nbsp;<strong>Los votantes a menudo no pueden estar seguros de a qui\u00e9n est\u00e1n eligiendo realmente,<\/strong>&nbsp;ya que los candidatos pueden tener patrocinadores criminales ocultos\u00bb.<\/p>\n\n\n\n<h3 class=\"wp-block-heading\">El tratamiento<\/h3>\n\n\n\n<p id=\"paragraph_15\">Las democracias muestran estos s\u00edntomas de enfermedad, pero poseen los mimbres y las bases desde las que encarar su reconstrucci\u00f3n.<\/p>\n\n\n\n<p id=\"paragraph_16\">Freidenberg destaca que&nbsp;<strong>la democracia \u00abes un ser vivo<\/strong>. Si t\u00fa le tocas un pedacito, como a una ameba, intentar\u00e1 acomodarse otra vez. Puede que haya un periodo de retrocesos importante, en las libertades, en el funcionamiento de los partidos, de las instituciones, pero tiene esta capacidad de regenerarse, de resiliencia\u00bb.<\/p>\n\n\n\n<p id=\"paragraph_17\">Una resiliencia que se ejercita y se entrena, por ejemplo, invirtiendo en capital humano, en ciudadan\u00eda. Freidenberg indica que \u00abno nacemos dem\u00f3cratas, nos hacemos. De ah\u00ed la relevancia de la educaci\u00f3n\u00bb.<br>Educar no solo a la ciudadan\u00eda, sino tambi\u00e9n a una clase pol\u00edtica que se ha ido alejando de la sociedad y ha perdido excelencia.<\/p>\n\n\n\n<p id=\"paragraph_18\">Manuel Alc\u00e1ntara alerta sobre ese<strong>&nbsp;doble deterioro<\/strong>. El de los liderazgos, porque \u00ablos actuales tiempos de democracias fatigadas est\u00e1n generando momentos que poco a poco se han ido decantando hacia la configuraci\u00f3n de gobiernos caracterizados por la baja calidad de sus integrantes\u00bb. Y en segundo lugar, el de los consensos en los que se han sostenido nuestras democracias: los \u00abfundamentos del gran consenso occidental basados en los valores de la Ilustraci\u00f3n\u2026 est\u00e1n siendo profundamente cuestionados\u00bb.<\/p>\n\n\n\n<h3 class=\"wp-block-heading\">Creatividad e innovaci\u00f3n<\/h3>\n\n\n\n<p id=\"paragraph_19\">Las fuerzas democr\u00e1ticas, por lo tanto, est\u00e1n llamadas a&nbsp;<strong>reformular y redise\u00f1ar los fundamentos de la democracia y su institucionalidad para fortalecerla<\/strong>. Roy Hora centra ese desaf\u00edo en las fuerzas de las izquierdas, aunque, en realidad, es un reto para todas las agrupaciones democr\u00e1ticas.<\/p>\n\n\n\n<p id=\"paragraph_20\">Subraya que \u00abla llegada de Milei a la Casa Rosada, junto con la reformulaci\u00f3n del campo pol\u00edtico que viene con ella, plantea enormes desaf\u00edos conceptuales y pol\u00edticos\u2026 La de la elaboraci\u00f3n de una visi\u00f3n realista y moderna de los desaf\u00edos que el pa\u00eds tiene por delante, m\u00e1s capaz de aunar crecimiento econ\u00f3mico y desarrollo personal, igualdad y libertad\u00bb.<\/p>\n\n\n\n<p id=\"paragraph_21\">Se trata de apelar a la creatividad pol\u00edtica para construir reg\u00edmenes m\u00e1s flexibles, con capacidad de adaptaci\u00f3n y dar respuestas. Alc\u00e1ntara destaca que \u00abla propia democracia tiene sus mecanismos para confrontar sus retos. El sometimiento a reglas aceptadas por la colectividad, la elecci\u00f3n de las autoridades, el equilibrio de poderes son principios para regir la convivencia. Hay tambi\u00e9n posibilidades de que&nbsp;<strong>la revoluci\u00f3n digital sea una v\u00eda para facilitar el funcionamiento de todo<\/strong>&nbsp;ello y que la inteligencia artificial sea utilizada, en tanto que bien p\u00fablico, alej\u00e1ndola del imperio de las corporaciones\u00bb.<\/p>\n\n\n\n<p id=\"paragraph_22\">Por \u00faltimo, Albero Vergara apela a la necesidad de que el liberalismo se transforme y regrese a sus esencias para nutrir y fortalecer a la democracia desde una visi\u00f3n progresista y con vocaci\u00f3n social: \u00abEsta es una regi\u00f3n que necesita a gritos una agenda que se tome en serio la construcci\u00f3n de comunidades de ciudadanas y ciudadanos, de individuos, que cuenten con dosis semejantes de libertad; que tengan capacidades parecidas para elegir y planear con alg\u00fan grado de efectividad la vida que buscan para s\u00ed mismos\u2026&nbsp;<strong>Las flaquezas m\u00e1s obvias del liberalismo podr\u00edan compensarse con la ayuda de un viejo y olvidado aliado: el republicanismo<\/strong>\u00ab.<\/p>\n\n\n\n<h3 class=\"wp-block-heading\">Referencias<\/h3>\n\n\n\n<p>Alc\u00e1ntara, M. (2025).<a href=\"https:\/\/elpais.com\/america\/2025-03-06\/democracias-fatigadas-al-borde-de-la-astenia.html\" rel=\"noreferrer noopener\" target=\"_blank\">&nbsp;<em>Democracias fatigadas al borde de la astenia<\/em>.<\/a>&nbsp;El Pa\u00eds.&nbsp;<\/p>\n\n\n\n<p>Freidenberg, F. (2024).<a href=\"https:\/\/archivos.juridicas.unam.mx\/www\/bjv\/libros\/16\/7592\/1.pdf\" rel=\"noreferrer noopener\" target=\"_blank\"><em>&nbsp;La capacidad de resiliencia de las democracias: elecciones y pol\u00edtica en contexto de pandemia<\/em><\/a>. Instituto de Investigaciones Jur\u00eddicas.<\/p>\n\n\n\n<p>Hora, R. (2024).&nbsp;<a href=\"https:\/\/nuso.org\/articulo\/javier-milei-y-el-incierto-experimento-libertario\/\" rel=\"noreferrer noopener\" target=\"_blank\"><em>Javier Milei y el incierto experimento libertario.<\/em><\/a>&nbsp;Nueva Sociedad.<\/p>\n\n\n\n<p>Ramos, M. (2025).&nbsp;<a href=\"https:\/\/www.fundacioncarolina.es\/catalogo\/america-latina-en-un-mundo-perplejo-inseguridad-turbulencias-economicas-y-democracias-asediadas\/\" rel=\"noreferrer noopener\" target=\"_blank\"><em>El estado (cambiante) de la democracia en Am\u00e9rica Latina: resistencia, deterioro y quiebr<\/em><\/a>a. En E. Rodr\u00edguez Pinz\u00f3n &amp; M. Ramos Roll\u00f3n (Eds.), Am\u00e9rica Latina en un mundo perplejo: inseguridad, turbulencias econ\u00f3micas y democracias asediadas (pp. 43-58). Fundaci\u00f3n Carolina.<\/p>\n\n\n\n<p>Vergara, A. (2025).&nbsp;<a href=\"https:\/\/larepublica.pe\/opinion\/2025\/01\/05\/una-alianza-para-el-progreso-criminal-por-alberto-vergara-107115\" rel=\"noreferrer noopener\" target=\"_blank\"><em>Una alianza para el progreso crimina<\/em><\/a>l. La Rep\u00fablica.&nbsp;<\/p>\n\n\n\n<p>Fuente: <a href=\"https:\/\/www.elespanol.com\/enclave-ods\/20250520\/crisis-democracia-america-latina-diagnostico-tratamiento\/1003743761356_0.html\">https:\/\/www.elespanol.com\/enclave-ods\/20250520\/crisis-democracia-america-latina-diagnostico-tratamiento\/1003743761356_0.html<\/a><\/p>\n","protected":false},"excerpt":{"rendered":"<p>La desinformaci\u00f3n est\u00e1 actuando como un catalizador en la erosi\u00f3n de los principios y pr\u00e1cticas democr\u00e1ticas. Rogelio N\u00fa\u00f1ez \/ Enclave [&hellip;]<\/p>\n","protected":false},"author":1,"featured_media":99765,"comment_status":"open","ping_status":"open","sticky":false,"template":"","format":"standard","meta":{"site-sidebar-layout":"default","site-content-layout":"","ast-site-content-layout":"default","site-content-style":"default","site-sidebar-style":"default","ast-global-header-display":"","ast-banner-title-visibility":"","ast-main-header-display":"","ast-hfb-above-header-display":"","ast-hfb-below-header-display":"","ast-hfb-mobile-header-display":"","site-post-title":"","ast-breadcrumbs-content":"","ast-featured-img":"","footer-sml-layout":"","theme-transparent-header-meta":"","adv-header-id-meta":"","stick-header-meta":"","header-above-stick-meta":"","header-main-stick-meta":"","header-below-stick-meta":"","astra-migrate-meta-layouts":"default","ast-page-background-enabled":"default","ast-page-background-meta":{"desktop":{"background-color":"var(--ast-global-color-4)","background-image":"","background-repeat":"repeat","background-position":"center center","background-size":"auto","background-attachment":"scroll","background-type":"","background-media":"","overlay-type":"","overlay-color":"","overlay-opacity":"","overlay-gradient":""},"tablet":{"background-color":"","background-image":"","background-repeat":"repeat","background-position":"center center","background-size":"auto","background-attachment":"scroll","background-type":"","background-media":"","overlay-type":"","overlay-color":"","overlay-opacity":"","overlay-gradient":""},"mobile":{"background-color":"","background-image":"","background-repeat":"repeat","background-position":"center center","background-size":"auto","background-attachment":"scroll","background-type":"","background-media":"","overlay-type":"","overlay-color":"","overlay-opacity":"","overlay-gradient":""}},"ast-content-background-meta":{"desktop":{"background-color":"var(--ast-global-color-5)","background-image":"","background-repeat":"repeat","background-position":"center center","background-size":"auto","background-attachment":"scroll","background-type":"","background-media":"","overlay-type":"","overlay-color":"","overlay-opacity":"","overlay-gradient":""},"tablet":{"background-color":"var(--ast-global-color-5)","background-image":"","background-repeat":"repeat","background-position":"center center","background-size":"auto","background-attachment":"scroll","background-type":"","background-media":"","overlay-type":"","overlay-color":"","overlay-opacity":"","overlay-gradient":""},"mobile":{"background-color":"var(--ast-global-color-5)","background-image":"","background-repeat":"repeat","background-position":"center center","background-size":"auto","background-attachment":"scroll","background-type":"","background-media":"","overlay-type":"","overlay-color":"","overlay-opacity":"","overlay-gradient":""}},"footnotes":""},"categories":[8],"tags":[38559,38557,38558,469],"class_list":["post-99764","post","type-post","status-publish","format-standard","has-post-thumbnail","hentry","category-noticias","tag-crisis-de-la-democracia","tag-democracia-latinoamericana","tag-democracias-fatigadas","tag-desinformacion"],"_links":{"self":[{"href":"https:\/\/losperiodistas.com.mx\/portal\/wp-json\/wp\/v2\/posts\/99764","targetHints":{"allow":["GET"]}}],"collection":[{"href":"https:\/\/losperiodistas.com.mx\/portal\/wp-json\/wp\/v2\/posts"}],"about":[{"href":"https:\/\/losperiodistas.com.mx\/portal\/wp-json\/wp\/v2\/types\/post"}],"author":[{"embeddable":true,"href":"https:\/\/losperiodistas.com.mx\/portal\/wp-json\/wp\/v2\/users\/1"}],"replies":[{"embeddable":true,"href":"https:\/\/losperiodistas.com.mx\/portal\/wp-json\/wp\/v2\/comments?post=99764"}],"version-history":[{"count":1,"href":"https:\/\/losperiodistas.com.mx\/portal\/wp-json\/wp\/v2\/posts\/99764\/revisions"}],"predecessor-version":[{"id":99766,"href":"https:\/\/losperiodistas.com.mx\/portal\/wp-json\/wp\/v2\/posts\/99764\/revisions\/99766"}],"wp:featuredmedia":[{"embeddable":true,"href":"https:\/\/losperiodistas.com.mx\/portal\/wp-json\/wp\/v2\/media\/99765"}],"wp:attachment":[{"href":"https:\/\/losperiodistas.com.mx\/portal\/wp-json\/wp\/v2\/media?parent=99764"}],"wp:term":[{"taxonomy":"category","embeddable":true,"href":"https:\/\/losperiodistas.com.mx\/portal\/wp-json\/wp\/v2\/categories?post=99764"},{"taxonomy":"post_tag","embeddable":true,"href":"https:\/\/losperiodistas.com.mx\/portal\/wp-json\/wp\/v2\/tags?post=99764"}],"curies":[{"name":"wp","href":"https:\/\/api.w.org\/{rel}","templated":true}]}}