{"id":99760,"date":"2025-05-20T06:08:16","date_gmt":"2025-05-20T12:08:16","guid":{"rendered":"https:\/\/losperiodistas.com.mx\/portal\/?p=99760"},"modified":"2025-05-20T06:08:17","modified_gmt":"2025-05-20T12:08:17","slug":"reunion-con-sheinbaum-cena-con-la-extrema-derecha-y-foto-con-la-virgen-de-guadalupe-el-nuevo-embajador-de-trump-aterriza-en-mexico-el-pais","status":"publish","type":"post","link":"https:\/\/losperiodistas.com.mx\/portal\/reunion-con-sheinbaum-cena-con-la-extrema-derecha-y-foto-con-la-virgen-de-guadalupe-el-nuevo-embajador-de-trump-aterriza-en-mexico-el-pais\/","title":{"rendered":"Reuni\u00f3n con Sheinbaum, cena con la extrema derecha y foto con la Virgen de Guadalupe: el nuevo embajador de Trump aterriza en M\u00e9xico | El Pa\u00eds"},"content":{"rendered":"\n<h2 class=\"wp-block-heading\">Ronald Johnson, veterano de la CIA y ex boina verde, llega al pa\u00eds para sustituir a Ken Salazar con un discurso de mano dura y acci\u00f3n militar contra los c\u00e1rteles<\/h2>\n\n\n\n<figure class=\"wp-block-image size-large\"><img fetchpriority=\"high\" decoding=\"async\" width=\"1024\" height=\"683\" src=\"https:\/\/losperiodistas.com.mx\/portal\/wp-content\/uploads\/2025\/05\/PGBWUO2ATD3QV5LINSUUSMG5P4-copia-1024x683.jpg\" alt=\"\" class=\"wp-image-99761\" srcset=\"https:\/\/losperiodistas.com.mx\/portal\/wp-content\/uploads\/2025\/05\/PGBWUO2ATD3QV5LINSUUSMG5P4-copia-1024x683.jpg 1024w, https:\/\/losperiodistas.com.mx\/portal\/wp-content\/uploads\/2025\/05\/PGBWUO2ATD3QV5LINSUUSMG5P4-copia-300x200.jpg 300w, https:\/\/losperiodistas.com.mx\/portal\/wp-content\/uploads\/2025\/05\/PGBWUO2ATD3QV5LINSUUSMG5P4-copia-768x512.jpg 768w, https:\/\/losperiodistas.com.mx\/portal\/wp-content\/uploads\/2025\/05\/PGBWUO2ATD3QV5LINSUUSMG5P4-copia.jpg 1200w\" sizes=\"(max-width: 1024px) 100vw, 1024px\" \/><figcaption class=\"wp-element-caption\">Ronald Johnson presenta su carta credencial a la presidenta de M\u00e9xico, Claudia Sheinbaum, en el Palacio Nacional, el 19 de mayo.Presidencia de Mexico (via REUTERS)<\/figcaption><\/figure>\n\n\n\n<p class=\"has-vivid-red-color has-text-color has-link-color has-medium-font-size wp-elements-436f64e38756d56ae824e1adf480512d\"><strong><a href=\"https:\/\/elpais.com\/autor\/beatriz-guillen-torres\/#?rel=author_top\">Beatriz Guill\u00e9n<\/a> \/ El Pa\u00eds<\/strong><\/p>\n\n\n\n<p>M\u00e9xico <\/p>\n\n\n\n<p>Ronald Johnson se levanta de la silla y se dirige a sus compa\u00f1eros de cena. Est\u00e1 rodeado de mariachis y dice lo que pronuncia casi cualquier reci\u00e9n llegado: \u201c\u00a1Gracias a M\u00e9xico!\u201c. Suenan los aplausos y los v\u00edtores y el nuevo embajador de Estados Unidos en el pa\u00eds pone una mano en el hombro de su anfitri\u00f3n, Eduardo Ver\u00e1stegui,&nbsp;<a href=\"https:\/\/elpais.com\/mexico\/2025-02-27\/la-ultraderecha-aprovecha-la-euforia-trumpista-y-el-vacio-de-oposicion-para-buscar-su-hueco-en-mexico.html\">la cara m\u00e1s famosa de la ultraderecha nacional<\/a>: \u201dMi hermano aqu\u00ed\u201c, le llama. \u201dQue Dios los bendiga a todos ustedes\u00bb, dice antes de que los comensales aplaudan de nuevo y le den las gracias y vuelvan las canciones. El halc\u00f3n de Donald Trump ha llegado a M\u00e9xico.<\/p>\n\n\n\n<p>Este veterano de la CIA, ex boina verde y amigo de Nayib Bukele, ha recibido este lunes la credencial de su nuevo puesto. Se la ha otorgado la presidenta Claudia Sheinbaum, quien ha recibido este medio d\u00eda en Palacio Nacional a Ronald Johnson, y a los nuevo embajadores de Colombia (Carlos Fernando Garc\u00eda Manosalva), Argelia (Messaoud Mehila), Rep\u00fablica Dominicana (Juan Bol\u00edvar D\u00edaz) y Eslovaquia (Milan Cig\u00e1n). De los reci\u00e9n nombrados, todos los ojos estaban puestos en Johnson.<\/p>\n\n\n\n<p>Los primeros d\u00edas del diplom\u00e1tico en M\u00e9xico han sido intensos. Casi reci\u00e9n aterrizado fue a visitar junto a su esposa, Alina, la bas\u00edlica de Guadalupe, al norte de Ciudad de M\u00e9xico. \u201cComo personas de fe visitamos a Nuestra Se\u00f1ora de Guadalupe para pedir sabidur\u00eda y fuerza en esta responsabilidad en beneficio de ambas naciones\u201d, escrib\u00eda el diplom\u00e1tico en X. Pasaban las 10 de la noche y la pareja, con banderas de Estados Unidos en la solapa y en el vestido, sub\u00edan a la red social sus posados con la virgen. Al d\u00eda siguiente se reun\u00eda con el canciller Juan Ram\u00f3n de la Fuente por la ma\u00f1ana y por la tarde&nbsp;<a href=\"https:\/\/elpais.com\/mexico\/2025-02-22\/el-actor-mexicano-eduardo-verastegui-hace-el-saludo-nazi-en-la-conferencia-ultraconservadora-en-estados-unidos.html\">cenaba con Ver\u00e1stegui,<\/a>&nbsp;en una escena compartida por el ultraderechista en sus redes sociales.<\/p>\n\n\n\n<figure class=\"wp-block-image size-large\"><img decoding=\"async\" width=\"1024\" height=\"830\" src=\"https:\/\/losperiodistas.com.mx\/portal\/wp-content\/uploads\/2025\/05\/GXIAVNNUBRDXPF5G2G7GDISVUM-1024x830.avif\" alt=\"\" class=\"wp-image-99762\" srcset=\"https:\/\/losperiodistas.com.mx\/portal\/wp-content\/uploads\/2025\/05\/GXIAVNNUBRDXPF5G2G7GDISVUM-1024x830.avif 1024w, https:\/\/losperiodistas.com.mx\/portal\/wp-content\/uploads\/2025\/05\/GXIAVNNUBRDXPF5G2G7GDISVUM-300x243.avif 300w, https:\/\/losperiodistas.com.mx\/portal\/wp-content\/uploads\/2025\/05\/GXIAVNNUBRDXPF5G2G7GDISVUM-768x622.avif 768w, https:\/\/losperiodistas.com.mx\/portal\/wp-content\/uploads\/2025\/05\/GXIAVNNUBRDXPF5G2G7GDISVUM-1536x1244.avif 1536w, https:\/\/losperiodistas.com.mx\/portal\/wp-content\/uploads\/2025\/05\/GXIAVNNUBRDXPF5G2G7GDISVUM.avif 1960w\" sizes=\"(max-width: 1024px) 100vw, 1024px\" \/><figcaption class=\"wp-element-caption\">Ronald Jonhson y su esposa Alina Johnson, en una visita a la Bas\u00edlica de Guadalupe, el 16 de mayo de 2025.EMBAJADA DE ESTADOS UNIDOS EN M\u00c9XICO<\/figcaption><\/figure>\n\n\n\n<p>\u201cQuerido pueblo de M\u00e9xico, muchos saludos\u201d, se ha presentado ya esta tarde oficialmente el nuevo embajador, con un perfil&nbsp;<a href=\"https:\/\/elpais.com\/mexico\/2025-01-07\/migracion-fentanilo-y-una-rifa-de-sombreros-el-embajador-ken-salazar-se-despide-de-mexico.html\">muy distinto a su predecesor Ken Salazar<\/a>. \u201cNuestra relaci\u00f3n con ustedes, con M\u00e9xico, es de gran importancia, no hay otra en el mundo que tenga un mayor impacto. Somos m\u00e1s que socios, somos vecinos y amigos\u201d, ha dicho el diplom\u00e1tico en un video, en el que ha afirmado estar en el pa\u00eds para trabajar junto a la presidenta Sheinbaum \u201ctemas de inter\u00e9s como la seguridad, la frontera y la migraci\u00f3n\u201d.<\/p>\n\n\n\n<p><a href=\"https:\/\/elpais.com\/mexico\/2024-12-11\/trump-elige-a-ronald-johnson-un-veterano-de-la-cia-como-el-proximo-embajador-de-estados-unidos-en-mexico.html\">La elecci\u00f3n de Johnson<\/a>, sin ninguna experiencia en asuntos econ\u00f3micos, comerciales o financieros, se encuadra en la mano dura que Trump quiere para M\u00e9xico. El nuevo embajador forma parte de los cuadros republicanos que&nbsp;<a href=\"https:\/\/elpais.com\/mexico\/2025-05-06\/sheinbaum-hace-frente-a-la-sombra-de-una-intervencion-militar-estadounidense.html\">no descarta una acci\u00f3n militar&nbsp;<\/a>contra los carteles en el pa\u00eds. Lo reconoci\u00f3 ante el Congreso estadounidense, en marzo, cuando fue ratificado, donde lleg\u00f3 a decir que aunque hay que buscar primera la cooperaci\u00f3n con el Gobierno mexicano, \u201ctodas las cartas est\u00e1n sobre la mesa\u201d. Sheinbaum ya en ese momento sali\u00f3 a contradecirlo: \u201cNo estamos de acuerdo: eso no est\u00e1 sobre la mesa, ni sobre la silla, ni sobre el piso, ni sobre ning\u00fan lado\u201d.<\/p>\n\n\n\n<p>Este lunes, tras el acto simb\u00f3lico, las palabras del diplom\u00e1tico ya eran otras: \u201cAgradezco a la presidenta Claudia Sheinbaum la pl\u00e1tica y su calidez durante la entrega de cartas credenciales\u201d. Tambi\u00e9n ha recordado despu\u00e9s \u201clas muchas llamadas\u201d entre ella y Trump que \u201creflejan la importancia\u201d de la relaci\u00f3n y las prioridades compartidas\u00bb. En estos cuatro meses del republicano al frente de la Casa Blanca, las tensiones y las crisis entre los dos pa\u00edses han pasado del fentanilo y la migraci\u00f3n a los tomates, el agua o el gusano barrenador.<\/p>\n\n\n\n<figure class=\"wp-block-embed is-type-rich is-provider-twitter wp-block-embed-twitter\"><div class=\"wp-block-embed__wrapper\">\nhttps:\/\/twitter.com\/i\/status\/1923855781557915915\n<\/div><\/figure>\n\n\n\n<p>A Johnson le precede su historial militar. Comenz\u00f3 en las filas del Ej\u00e9rcito como enviado a Panam\u00e1 y con los a\u00f1os se especializ\u00f3 en tareas de inteligencia y operaciones encubiertas. De ah\u00ed dio el salto a la CIA, agencia para la que trabaj\u00f3 durante d\u00e9cadas a lo largo de la geograf\u00eda de la guerra: los Balcanes, Irak, Afganist\u00e1n, y de vuelta a Am\u00e9rica Latina como asesor del Mando Sur de la Agencia Central de Inteligencia.<\/p>\n\n\n\n<p>No es la primera vez que Johnson desempe\u00f1a el papel de hombre fuerte de Trump en el extranjero. Durante el primer mandato del republicano (2016-2020) fue el embajador en El Salvador. El env\u00edo del exmilitar fue un s\u00edmbolo del viraje en la estrategia que el magnate persegu\u00eda para el pa\u00eds centroamericano: la Casa Blanca quer\u00eda mano dura contra las \u2014en aquellos a\u00f1os\u2014 todopoderosas pandillas y un mayor control migratorio en una de las naciones en la que hist\u00f3ricamente m\u00e1s personas migran a Estados Unidos, adem\u00e1s de un mayor marcaje al mandatario salvadore\u00f1o, Nayib Bukele, que amagaba con coqueteos comerciales con China.<\/p>\n\n\n\n<p>La elecci\u00f3n de un enviado de marcado perfil militar para el cargo era casi in\u00e9dita y, durante su estancia, Johnson&nbsp;<a href=\"http:\/\/elpais.com\/mexico\/2024-12-12\/pragmatico-polemico-e-intimo-de-bukele-el-rastro-salvadoreno-de-ronald-johnson-el-hombre-de-trump-para-mexico.html\">desarroll\u00f3 una poco ortodoxa relaci\u00f3n con Bukele<\/a>, se\u00f1alado por su deriva autoritaria y las violaciones a los derechos humanos sistem\u00e1ticas de su Administraci\u00f3n. El ex boina verde, que se dejaba fotografiar comiendo langosta o paseando por un parque con su \u201camigo\u201d, como \u00e9l mismo repet\u00eda del dirigente, esquivaba con agilidad las acusaciones: El Salvador&nbsp;<a href=\"https:\/\/elpais.com\/mexico\/2024-12-15\/ronald-johnson-el-halcon-de-trump-en-mexico.html\">sigui\u00f3 el ritmo que marcaba Trump&nbsp;<\/a>y a cambio Washington no quiso mirar demasiado los trapos sucios de su nuevo aliado.<\/p>\n\n\n\n<p>Fuente: <a href=\"https:\/\/elpais.com\/mexico\/2025-05-20\/reunion-con-sheinbaum-cena-con-la-extrema-derecha-y-foto-con-la-virgen-de-guadalupe-el-nuevo-embajador-de-trump-aterriza-en-mexico.html\">https:\/\/elpais.com\/mexico\/2025-05-20\/reunion-con-sheinbaum-cena-con-la-extrema-derecha-y-foto-con-la-virgen-de-guadalupe-el-nuevo-embajador-de-trump-aterriza-en-mexico.html<\/a><\/p>\n","protected":false},"excerpt":{"rendered":"<p>Ronald Johnson, veterano de la CIA y ex boina verde, llega al pa\u00eds para sustituir a Ken Salazar con un [&hellip;]<\/p>\n","protected":false},"author":1,"featured_media":99761,"comment_status":"open","ping_status":"open","sticky":false,"template":"","format":"standard","meta":{"site-sidebar-layout":"default","site-content-layout":"","ast-site-content-layout":"default","site-content-style":"default","site-sidebar-style":"default","ast-global-header-display":"","ast-banner-title-visibility":"","ast-main-header-display":"","ast-hfb-above-header-display":"","ast-hfb-below-header-display":"","ast-hfb-mobile-header-display":"","site-post-title":"","ast-breadcrumbs-content":"","ast-featured-img":"","footer-sml-layout":"","theme-transparent-header-meta":"","adv-header-id-meta":"","stick-header-meta":"","header-above-stick-meta":"","header-main-stick-meta":"","header-below-stick-meta":"","astra-migrate-meta-layouts":"default","ast-page-background-enabled":"default","ast-page-background-meta":{"desktop":{"background-color":"var(--ast-global-color-4)","background-image":"","background-repeat":"repeat","background-position":"center center","background-size":"auto","background-attachment":"scroll","background-type":"","background-media":"","overlay-type":"","overlay-color":"","overlay-opacity":"","overlay-gradient":""},"tablet":{"background-color":"","background-image":"","background-repeat":"repeat","background-position":"center center","background-size":"auto","background-attachment":"scroll","background-type":"","background-media":"","overlay-type":"","overlay-color":"","overlay-opacity":"","overlay-gradient":""},"mobile":{"background-color":"","background-image":"","background-repeat":"repeat","background-position":"center center","background-size":"auto","background-attachment":"scroll","background-type":"","background-media":"","overlay-type":"","overlay-color":"","overlay-opacity":"","overlay-gradient":""}},"ast-content-background-meta":{"desktop":{"background-color":"var(--ast-global-color-5)","background-image":"","background-repeat":"repeat","background-position":"center center","background-size":"auto","background-attachment":"scroll","background-type":"","background-media":"","overlay-type":"","overlay-color":"","overlay-opacity":"","overlay-gradient":""},"tablet":{"background-color":"var(--ast-global-color-5)","background-image":"","background-repeat":"repeat","background-position":"center center","background-size":"auto","background-attachment":"scroll","background-type":"","background-media":"","overlay-type":"","overlay-color":"","overlay-opacity":"","overlay-gradient":""},"mobile":{"background-color":"var(--ast-global-color-5)","background-image":"","background-repeat":"repeat","background-position":"center center","background-size":"auto","background-attachment":"scroll","background-type":"","background-media":"","overlay-type":"","overlay-color":"","overlay-opacity":"","overlay-gradient":""}},"footnotes":""},"categories":[8],"tags":[3977,13861,34051],"class_list":["post-99760","post","type-post","status-publish","format-standard","has-post-thumbnail","hentry","category-noticias","tag-derecha-mexicana","tag-eduardo-verastegui","tag-ronald-johnson"],"_links":{"self":[{"href":"https:\/\/losperiodistas.com.mx\/portal\/wp-json\/wp\/v2\/posts\/99760","targetHints":{"allow":["GET"]}}],"collection":[{"href":"https:\/\/losperiodistas.com.mx\/portal\/wp-json\/wp\/v2\/posts"}],"about":[{"href":"https:\/\/losperiodistas.com.mx\/portal\/wp-json\/wp\/v2\/types\/post"}],"author":[{"embeddable":true,"href":"https:\/\/losperiodistas.com.mx\/portal\/wp-json\/wp\/v2\/users\/1"}],"replies":[{"embeddable":true,"href":"https:\/\/losperiodistas.com.mx\/portal\/wp-json\/wp\/v2\/comments?post=99760"}],"version-history":[{"count":1,"href":"https:\/\/losperiodistas.com.mx\/portal\/wp-json\/wp\/v2\/posts\/99760\/revisions"}],"predecessor-version":[{"id":99763,"href":"https:\/\/losperiodistas.com.mx\/portal\/wp-json\/wp\/v2\/posts\/99760\/revisions\/99763"}],"wp:featuredmedia":[{"embeddable":true,"href":"https:\/\/losperiodistas.com.mx\/portal\/wp-json\/wp\/v2\/media\/99761"}],"wp:attachment":[{"href":"https:\/\/losperiodistas.com.mx\/portal\/wp-json\/wp\/v2\/media?parent=99760"}],"wp:term":[{"taxonomy":"category","embeddable":true,"href":"https:\/\/losperiodistas.com.mx\/portal\/wp-json\/wp\/v2\/categories?post=99760"},{"taxonomy":"post_tag","embeddable":true,"href":"https:\/\/losperiodistas.com.mx\/portal\/wp-json\/wp\/v2\/tags?post=99760"}],"curies":[{"name":"wp","href":"https:\/\/api.w.org\/{rel}","templated":true}]}}