{"id":99757,"date":"2025-05-20T06:02:08","date_gmt":"2025-05-20T12:02:08","guid":{"rendered":"https:\/\/losperiodistas.com.mx\/portal\/?p=99757"},"modified":"2025-05-20T06:02:10","modified_gmt":"2025-05-20T12:02:10","slug":"industria-textil-de-puebla-atrapada-entre-los-aranceles-de-trump-y-el-contrabando-chino-la-silla-rota","status":"publish","type":"post","link":"https:\/\/losperiodistas.com.mx\/portal\/industria-textil-de-puebla-atrapada-entre-los-aranceles-de-trump-y-el-contrabando-chino-la-silla-rota\/","title":{"rendered":"Industria textil de Puebla, atrapada entre los aranceles de Trump y el contrabando chino | La Silla Rota"},"content":{"rendered":"\n<h2 class=\"wp-block-heading\">La industria textil poblana opera bajo una presi\u00f3n creciente, provocada por los nuevos aranceles impulsados por Donald Trump y el ingreso ilegal de productos chinos a bajo costo<\/h2>\n\n\n\n<figure class=\"wp-block-image\"><img decoding=\"async\" src=\"https:\/\/lasillarota.com\/u\/fotografias\/m\/2025\/5\/19\/f960x540-737158_811233_2218.jpeg\" alt=\"La industria textil y de la confecci\u00f3n en M\u00e9xico es una de las m\u00e1s importantes del sector manufacturero, con m\u00e1s de 519 mil empleos. Imagen de archivo.\"\/><figcaption class=\"wp-element-caption\">La industria textil y de la confecci\u00f3n en M\u00e9xico es una de las m\u00e1s importantes del sector manufacturero, con m\u00e1s de 519 mil empleos. Imagen de archivo. Cr\u00e9ditos: Especial<\/figcaption><\/figure>\n\n\n\n<p><a href=\"https:\/\/lasillarota.com\/autor\/francisco-herrera-corresponsal.html\"><\/a><\/p>\n\n\n\n<p class=\"has-vivid-red-color has-text-color has-link-color has-medium-font-size wp-elements-8cb5757aeedc3f9d9706afb4fefc2ca8\"><strong><a href=\"https:\/\/lasillarota.com\/autor\/francisco-herrera-corresponsal.html\">Por\u00a0FRANCISCO HERRERA \/ CORRESPONSAL<\/a> \/ La Silla Rota<\/strong><\/p>\n\n\n\n<p><\/p>\n\n\n\n<p><a href=\"https:\/\/lasillarota.com\/estados\/2025\/3\/15\/puebla-tenia-acceso-al-mar-en-el-golfo-de-mexico-el-oceano-pacifico-que-paso-525132.html\" target=\"_blank\" rel=\"noreferrer noopener\">Puebla&nbsp;<\/a>se ubica en el top 3 de los estados que m\u00e1s productos textiles y de confecci\u00f3n exportan a&nbsp;<a href=\"https:\/\/lasillarota.com\/mundo\/2025\/5\/19\/impuesto-remesas-avanza-en-eu-sheinbaum-insistira-en-que-no-se-aplique-536775.html\" target=\"_blank\" rel=\"noreferrer noopener\">Estados Unidos<\/a>. No obstante, la industria enfrenta dos amenazas simult\u00e1neas: la posibilidad de nuevos&nbsp;<strong>aranceles&nbsp;<\/strong>por parte del gobierno estadounidense de&nbsp;<strong>Donald Trump<\/strong>&nbsp;y la competencia desleal derivada del ingreso de productos chinos sin regulaci\u00f3n. De acuerdo con datos de la C\u00e1mara Nacional de la Industria Textil (Canaintex), al tercer trimestre de 2024,&nbsp;<strong>Puebla&nbsp;<\/strong>export\u00f3 un total de 447 millones de d\u00f3lares: 181 millones en textiles y 266 millones en confecciones, ubic\u00e1ndose como el tercer exportador nacional, s\u00f3lo por debajo de Baja California y Coahuila.<\/p>\n\n\n\n<p>El 98% de las&nbsp;<a href=\"https:\/\/lasillarota.com\/negocios\/2025\/5\/6\/las-importaciones-de-estados-unidos-provenientes-de-mexico-alcanzan-el-mayor-registro-de-la-historia-534846.html\" target=\"_blank\" rel=\"noreferrer noopener\">exportaciones&nbsp;<\/a>textiles de Puebla tienen como destino&nbsp;<strong>Estados Unidos<\/strong>. Entre los productos m\u00e1s enviados est\u00e1n trajes para hombres o ni\u00f1os, conjuntos, chaquetas, blazers, pantalones, trajes sastre, vestidos y faldas.&nbsp;Para Carlos Sosa Sp\u00edndola, presidente de C\u00e1mara Nacional de la Industria de Transformaci\u00f3n (Canacintra) en Puebla, los efectos de esta situaci\u00f3n a\u00fan est\u00e1n por medirse, pero las consecuencias podr\u00edan ser significativas. \u201cEl tema arancelario ha generado mucha incertidumbre, ha frenado inversiones, ha frenado planes de expansi\u00f3n, y esto afecta a todas las ramas, desde la automotriz y textil hasta la agroalimentaria, porque las reglas han cambiado radicalmente\u201d, explic\u00f3.<\/p>\n\n\n\n<p><strong>Contexto<\/strong>:&nbsp;la industria textil y de la confecci\u00f3n en M\u00e9xico es una de las m\u00e1s importantes del sector manufacturero, con m\u00e1s de 519 mil empleos directos y una aportaci\u00f3n aproximada del 3.1% al PIB manufacturero nacional. Est\u00e1 integrada por m\u00e1s de 20 mil unidades econ\u00f3micas, principalmente en Puebla, Estado de M\u00e9xico, Ciudad de M\u00e9xico, Jalisco y Yucat\u00e1n.&nbsp;Su infraestructura y experiencia la colocan como un sector estrat\u00e9gico dentro del Tratado entre M\u00e9xico, Estados Unidos y Canad\u00e1 (<strong>T-MEC<\/strong>).&nbsp;En materia comercial,&nbsp;M\u00e9xico exporta m\u00e1s de 7 mil millones de d\u00f3lares anuales en productos textiles y de confecci\u00f3n, siendo Estados Unidos el principal comprador, con m\u00e1s del 85% del total.&nbsp;https:\/\/d-68452672897896551.ampproject.net\/2504091801000\/frame.html<\/p>\n\n\n\n<h3 class=\"wp-block-heading\">Te podr\u00eda interesar<\/h3>\n\n\n\n<ul class=\"wp-block-list\">\n<li><a href=\"https:\/\/lasillarota.com\/mundo\/2025\/5\/19\/impuesto-remesas-avanza-en-eu-sheinbaum-insistira-en-que-no-se-aplique-536775.html\"><em>Remesas<\/em>Impuesto a remesas avanza en EU; Sheinbaum insistir\u00e1 en que no se aplique<\/a><\/li>\n\n\n\n<li><a href=\"https:\/\/lasillarota.com\/estados\/2025\/4\/24\/baja-california-ya-se-ha-movido-24-metros-cuanto-falta-para-que-sea-una-isla-532850.html\"><em>Historia y turismo<\/em>Baja California ya se ha movido 24 metros: \u00bfcu\u00e1nto falta para que sea una isla?<\/a><\/li>\n<\/ul>\n\n\n\n<p>Sin embargo,\u00a0la nueva oleada de aranceles impulsada por\u00a0<strong>Donald Trump\u00a0<\/strong>a m\u00e1s de 60 pa\u00edses amenaza con desestabilizar las cadenas globales de suministro y disparar los precios al consumidor. Aunque se anunci\u00f3 una pausa de 90 d\u00edas en los llamados \u201c<a href=\"https:\/\/lasillarota.com\/dinero\/2025\/4\/16\/cuanto-dinero-han-generado-los-aranceles-reciprocos-en-eu-532140.html\" target=\"_blank\" rel=\"noreferrer noopener\">aranceles rec\u00edprocos<\/a>\u201d \u2014que pueden llegar hasta el 47%\u2014, se mantiene un arancel m\u00ednimo del 10% a casi todas las importaciones hacia EU, lo que ya anticipa un efecto inflacionario.\u00a0M\u00e9xico, no obstante, ha quedado exento de estos aranceles rec\u00edprocos, gracias a su posici\u00f3n dentro del\u00a0<strong>T-MEC,\u00a0<\/strong>pero no puede cantar victoria, seg\u00fan los expertos. <\/p>\n\n\n\n<h2 class=\"wp-block-heading\">La resistencia textil poblana y el riesgo latente<\/h2>\n\n\n\n<p>A pesar del contexto adverso,&nbsp;Puebla conserva una posici\u00f3n destacada en el sector.&nbsp;Es el cuarto lugar nacional en n\u00famero de unidades econ\u00f3micas dedicadas al textil y confecci\u00f3n, con 11 mil 4 establecimientos, s\u00f3lo superado por Oaxaca, Yucat\u00e1n y Guerrero. Seg\u00fan el Censo Econ\u00f3mico 2019, seis entidades concentran el 51.3% del personal ocupado en esta industria: Puebla, Estado de M\u00e9xico, Yucat\u00e1n,&nbsp;<strong>CDMX<\/strong>, Hidalgo y Guerrero.<\/p>\n\n\n\n<figure class=\"wp-block-image\"><img decoding=\"async\" src=\"https:\/\/lasillarota.com\/u\/fotografias\/m\/2025\/5\/19\/f768x1-737120_737247_5050.jpeg\" alt=\"\"\/><\/figure>\n\n\n\n<p>Hasta 2023,&nbsp;el balance comercial de la industria textil poblana era positivo: export\u00f3 595 millones de d\u00f3lares e import\u00f3 389 millones, generando un super\u00e1vit de 206 millones. Ese a\u00f1o, Puebla export\u00f3 m\u00e1s de 19,700 millones de d\u00f3lares en total, de los cuales el 62% fueron hacia Estados Unidos.<\/p>\n\n\n\n<p>Sin embargo, la situaci\u00f3n de la industria textil mexicana no es m\u00e1s alentadora. Seg\u00fan el Inegi,&nbsp;el sector pas\u00f3 de emplear a 955 mil personas en el a\u00f1o 2000 a poco m\u00e1s de 519 mil en 2022. Adem\u00e1s, mientras entre 1997 y 1999 las exportaciones textiles representaban el 8.4% del total de la industria manufacturera, hoy esa cifra ha ca\u00eddo al 1.8%.<\/p>\n\n\n\n<p><strong>China&nbsp;<\/strong>y&nbsp;<strong>Estados Unidos<\/strong>&nbsp;dominan el comercio textil global. De hecho, el 35.4% de las importaciones textiles que llegan a M\u00e9xico provienen de China, mientras que el 89.4% de las exportaciones mexicanas van a Estados Unidos.&nbsp;Ante este panorama, organizaciones textiles de M\u00e9xico y Canad\u00e1 han solicitado a Washington que no imponga aranceles del 25% a la industria, y que en su lugar atienda las lagunas legales que permiten la entrada de mercanc\u00eda china sin gravamen, especialmente productos cuyo precio es menor a 800 d\u00f3lares. La industria textil genera m\u00e1s de 1.6 millones de empleos en los pa\u00edses del&nbsp;<strong>T-MEC<\/strong>&nbsp;y deja ganancias por 20 mil millones de d\u00f3lares al a\u00f1o.<\/p>\n\n\n\n<h2 class=\"wp-block-heading\">El golpe del&nbsp;<strong>contrabando&nbsp;<\/strong>chino<\/h2>\n\n\n\n<p>La C\u00e1mara de la Industria Textil (Citex) Puebla-Tlaxcala ha advertido sobre los efectos negativos del ingreso ilegal de ropa china. Entre 2021 y 2023,&nbsp;la industria local perdi\u00f3 11.2% de sus ingresos, al pasar de 16.3 mil millones a 14.5 mil millones de d\u00f3lares. Las exportaciones cayeron un 24%, y se estima la p\u00e9rdida de 1,500 empleos en la regi\u00f3n.<\/p>\n\n\n\n<figure class=\"wp-block-image\"><img decoding=\"async\" src=\"https:\/\/lasillarota.com\/u\/fotografias\/m\/2025\/5\/19\/f768x400-737130_781033_5050.jpeg\" alt=\"\"\/><\/figure>\n\n\n\n<p>Municipios como Tehuac\u00e1n, especializados en prendas de mezclilla, han sido de los m\u00e1s afectados. La Asociaci\u00f3n Mexicana de Productores del Vestido (AMPV) reporta que&nbsp;al menos 10 empresas cerraron en la zona y que la producci\u00f3n de jeans y uniformes industriales se redujo de 2.5 a 1.5 millones de unidades. Ante esto, el gobierno federal&nbsp;elev\u00f3 los aranceles a prendas confeccionadas chinas a 35% y a insumos textiles a 15%, para nivelar la competencia entre productos de las plataformas como&nbsp;<strong>Shein&nbsp;<\/strong>o&nbsp;<strong>Temu&nbsp;<\/strong>con las marcas nacionales.<\/p>\n\n\n\n<p>El decreto, firmado el 20 de diciembre de 2024 por la presidenta Claudia Sheinbaum y el secretario de Econom\u00eda, Marcelo Ebrard,&nbsp;busca frenar pr\u00e1cticas como la entrada de ropa terminada declarada como materia prima. Entre enero y septiembre de 2024, se importaron 1,124 millones de prendas mediante el programa IMMEX (Industria Manufacturera, Maquiladora y de Servicios de Exportaci\u00f3n), mientras que solo se exportaron 821 millones. La diferencia de 303 millones corresponde a productos chinos que&nbsp;<a href=\"https:\/\/lasillarota.com\/negocios\/2025\/5\/5\/cancelan-empresas-de-la-industria-textil-calzado-que-evadieron-al-fisco-habian-importado-24-mil-millones-de-pesos-534631.html\" target=\"_blank\" rel=\"noreferrer noopener\">ingresaron sin arancel y fueron vendidos a precios bajos<\/a>.<\/p>\n\n\n\n<p>Seg\u00fan Sosa Sp\u00edndola,&nbsp;esto ha obligado a empresarios mexicanos a encarecer sus productos, pues muchos insumos chinos tambi\u00e9n fueron afectados por los nuevos aranceles. \u00abSe quiere proteger el mercado interno, pero se afecta a quienes trabajan de forma legal\u00bb, indic\u00f3. Canacintra, agreg\u00f3, mantiene di\u00e1logo con el gobierno para buscar una soluci\u00f3n equitativa.<\/p>\n\n\n\n<h2 class=\"wp-block-heading\">Una respuesta local: \u00abMejor que chino\u00bb<\/h2>\n\n\n\n<p>En Tehuac\u00e1n, empresarios lanzaron la campa\u00f1a \u00abMejor que chino\u00bb como estrategia para impulsar el consumo local y fortalecer la industria nacional.&nbsp;Con apoyo de Citex y Canaive, se convoc\u00f3 a fabricantes y dise\u00f1adores a crear marcas propias y desarrollar cadenas de suministro que incluyan desde botones hasta colorantes.<\/p>\n\n\n\n<figure class=\"wp-block-image\"><img decoding=\"async\" src=\"https:\/\/lasillarota.com\/u\/fotografias\/m\/2025\/5\/19\/f768x1-737131_737258_5050.jpg\" alt=\"\"\/><\/figure>\n\n\n\n<p>Puebla, junto con Tlaxcala y Yucat\u00e1n, figura entre los tres estados con mayor especializaci\u00f3n en la producci\u00f3n de prendas de vestir, lo que refuerza su papel estrat\u00e9gico en la defensa del mercado textil nacional.<\/p>\n\n\n\n<p>Adem\u00e1s, en este contexto,&nbsp;el gobierno estatal tambi\u00e9n ha actuado contra tiendas de origen asi\u00e1tico que venden productos ilegales. Durante marzo y abril, autoridades clausuraron locales como Tesco China y Plaza Contigo, en Puebla capital,&nbsp;decomisando cerca de 5 mil productos por irregularidades en etiquetado, condiciones laborales y documentaci\u00f3n.<\/p>\n\n\n\n<p>Entre los art\u00edculos asegurados hab\u00eda&nbsp;cosm\u00e9ticos, juguetes, papeler\u00eda y bicicletas el\u00e9ctricas. La Profeco detect\u00f3 violaciones a las NOM, como falta de informaci\u00f3n en espa\u00f1ol, lo que justific\u00f3 la clausura de m\u00e1s de una decena de comercios. En otros casos, los cierres se debieron a faltas administrativas.<\/p>\n\n\n\n<figure class=\"wp-block-image\"><img decoding=\"async\" src=\"https:\/\/lasillarota.com\/u\/fotografias\/m\/2025\/5\/19\/f768x400-737132_781035_5050.jpg\" alt=\"\"\/><\/figure>\n\n\n\n<p><\/p>\n\n\n\n<p>Fuente: <a href=\"https:\/\/lasillarota.com\/estados\/2025\/5\/19\/industria-textil-de-puebla-atrapada-entre-los-aranceles-de-trump-el-contrabando-chino-536863.html\">https:\/\/lasillarota.com\/estados\/2025\/5\/19\/industria-textil-de-puebla-atrapada-entre-los-aranceles-de-trump-el-contrabando-chino-536863.html<\/a><\/p>\n\n\n\n<h3 class=\"wp-block-heading\"><\/h3>\n","protected":false},"excerpt":{"rendered":"<p>La industria textil poblana opera bajo una presi\u00f3n creciente, provocada por los nuevos aranceles impulsados por Donald Trump y el [&hellip;]<\/p>\n","protected":false},"author":1,"featured_media":99758,"comment_status":"open","ping_status":"open","sticky":false,"template":"","format":"standard","meta":{"site-sidebar-layout":"default","site-content-layout":"","ast-site-content-layout":"default","site-content-style":"default","site-sidebar-style":"default","ast-global-header-display":"","ast-banner-title-visibility":"","ast-main-header-display":"","ast-hfb-above-header-display":"","ast-hfb-below-header-display":"","ast-hfb-mobile-header-display":"","site-post-title":"","ast-breadcrumbs-content":"","ast-featured-img":"","footer-sml-layout":"","theme-transparent-header-meta":"","adv-header-id-meta":"","stick-header-meta":"","header-above-stick-meta":"","header-main-stick-meta":"","header-below-stick-meta":"","astra-migrate-meta-layouts":"default","ast-page-background-enabled":"default","ast-page-background-meta":{"desktop":{"background-color":"var(--ast-global-color-4)","background-image":"","background-repeat":"repeat","background-position":"center center","background-size":"auto","background-attachment":"scroll","background-type":"","background-media":"","overlay-type":"","overlay-color":"","overlay-opacity":"","overlay-gradient":""},"tablet":{"background-color":"","background-image":"","background-repeat":"repeat","background-position":"center center","background-size":"auto","background-attachment":"scroll","background-type":"","background-media":"","overlay-type":"","overlay-color":"","overlay-opacity":"","overlay-gradient":""},"mobile":{"background-color":"","background-image":"","background-repeat":"repeat","background-position":"center center","background-size":"auto","background-attachment":"scroll","background-type":"","background-media":"","overlay-type":"","overlay-color":"","overlay-opacity":"","overlay-gradient":""}},"ast-content-background-meta":{"desktop":{"background-color":"var(--ast-global-color-5)","background-image":"","background-repeat":"repeat","background-position":"center center","background-size":"auto","background-attachment":"scroll","background-type":"","background-media":"","overlay-type":"","overlay-color":"","overlay-opacity":"","overlay-gradient":""},"tablet":{"background-color":"var(--ast-global-color-5)","background-image":"","background-repeat":"repeat","background-position":"center center","background-size":"auto","background-attachment":"scroll","background-type":"","background-media":"","overlay-type":"","overlay-color":"","overlay-opacity":"","overlay-gradient":""},"mobile":{"background-color":"var(--ast-global-color-5)","background-image":"","background-repeat":"repeat","background-position":"center center","background-size":"auto","background-attachment":"scroll","background-type":"","background-media":"","overlay-type":"","overlay-color":"","overlay-opacity":"","overlay-gradient":""}},"footnotes":""},"categories":[8],"tags":[32436,38555,38556,38554,8800,38553],"class_list":["post-99757","post","type-post","status-publish","format-standard","has-post-thumbnail","hentry","category-noticias","tag-aranceles-trump","tag-comercio-chino","tag-contrabando-chino","tag-industria-del-vestido-puebva","tag-industria-textil-puebla","tag-maquiladoras-puebla"],"_links":{"self":[{"href":"https:\/\/losperiodistas.com.mx\/portal\/wp-json\/wp\/v2\/posts\/99757","targetHints":{"allow":["GET"]}}],"collection":[{"href":"https:\/\/losperiodistas.com.mx\/portal\/wp-json\/wp\/v2\/posts"}],"about":[{"href":"https:\/\/losperiodistas.com.mx\/portal\/wp-json\/wp\/v2\/types\/post"}],"author":[{"embeddable":true,"href":"https:\/\/losperiodistas.com.mx\/portal\/wp-json\/wp\/v2\/users\/1"}],"replies":[{"embeddable":true,"href":"https:\/\/losperiodistas.com.mx\/portal\/wp-json\/wp\/v2\/comments?post=99757"}],"version-history":[{"count":1,"href":"https:\/\/losperiodistas.com.mx\/portal\/wp-json\/wp\/v2\/posts\/99757\/revisions"}],"predecessor-version":[{"id":99759,"href":"https:\/\/losperiodistas.com.mx\/portal\/wp-json\/wp\/v2\/posts\/99757\/revisions\/99759"}],"wp:featuredmedia":[{"embeddable":true,"href":"https:\/\/losperiodistas.com.mx\/portal\/wp-json\/wp\/v2\/media\/99758"}],"wp:attachment":[{"href":"https:\/\/losperiodistas.com.mx\/portal\/wp-json\/wp\/v2\/media?parent=99757"}],"wp:term":[{"taxonomy":"category","embeddable":true,"href":"https:\/\/losperiodistas.com.mx\/portal\/wp-json\/wp\/v2\/categories?post=99757"},{"taxonomy":"post_tag","embeddable":true,"href":"https:\/\/losperiodistas.com.mx\/portal\/wp-json\/wp\/v2\/tags?post=99757"}],"curies":[{"name":"wp","href":"https:\/\/api.w.org\/{rel}","templated":true}]}}