{"id":99754,"date":"2025-05-20T05:53:33","date_gmt":"2025-05-20T11:53:33","guid":{"rendered":"https:\/\/losperiodistas.com.mx\/portal\/?p=99754"},"modified":"2025-05-20T05:53:34","modified_gmt":"2025-05-20T11:53:34","slug":"la-iglesia-catolica-condena-masacre-de-siete-jovenes-en-mexico-aci","status":"publish","type":"post","link":"https:\/\/losperiodistas.com.mx\/portal\/la-iglesia-catolica-condena-masacre-de-siete-jovenes-en-mexico-aci\/","title":{"rendered":"La Iglesia Cat\u00f3lica condena masacre de siete j\u00f3venes en M\u00e9xico | ACI"},"content":{"rendered":"\n<figure class=\"wp-block-image size-full\"><img fetchpriority=\"high\" decoding=\"async\" width=\"672\" height=\"448\" src=\"https:\/\/losperiodistas.com.mx\/portal\/wp-content\/uploads\/2025\/05\/policia-municipal-shutterstock-190525-1747705310.webp\" alt=\"\" class=\"wp-image-99755\" srcset=\"https:\/\/losperiodistas.com.mx\/portal\/wp-content\/uploads\/2025\/05\/policia-municipal-shutterstock-190525-1747705310.webp 672w, https:\/\/losperiodistas.com.mx\/portal\/wp-content\/uploads\/2025\/05\/policia-municipal-shutterstock-190525-1747705310-300x200.webp 300w\" sizes=\"(max-width: 672px) 100vw, 672px\" \/><figcaption class=\"wp-element-caption\">Cr\u00e9dito: Photo Spirit\/Shutterstock.<\/figcaption><\/figure>\n\n\n\n<p class=\"has-vivid-red-color has-text-color has-link-color has-medium-font-size wp-elements-366c0af10e2b90b3088dffd221da9df5\"><br><strong>Por\u00a0<a href=\"https:\/\/www.aciprensa.com\/autor\/1\/david-ramos\">David Ramos<\/a> \/ ACI Prensa<\/strong><\/p>\n\n\n\n<p>Los obispos de M\u00e9xico expresaron su \u201cprofundo dolor y consternaci\u00f3n\u201d por la masacre atribuida al crimen organizado en la que fueron asesinados siete j\u00f3venes, incluidos menores de edad, en la comunidad de San Bartolo de Berrios, en el estado mexicano de Guanajuato, durante la madrugada de este 19 de mayo. El crimen se cometi\u00f3 al final de una celebraci\u00f3n organizada por la parroquia local.<\/p>\n\n\n\n<p>En un\u00a0<a href=\"https:\/\/x.com\/IglesiaMexico\/status\/1924632078144229757\">comunicado<\/a>, la Conferencia del Episcopado Mexicano (CEM) asegur\u00f3 que los prelados se unen \u201cal dolor de las familias que hoy lloran la p\u00e9rdida de sus seres queridos y a la Arquidi\u00f3cesis de Le\u00f3n en cuyas tierras esta tragedia sucedi\u00f3\u201d.<\/p>\n\n\n\n<p>\u201cA todos ustedes les expresamos nuestra cercan\u00eda, oraci\u00f3n y solidaridad. Que el Se\u00f1or de la vida les conceda consuelo, esperanza y fortaleza en medio del sufrimiento\u201d, expres\u00f3 la CEM.<\/p>\n\n\n\n<p>La masacre ocurri\u00f3 en la plaza principal de la comunidad de San Bartolo de Berrios, en el municipio de San Felipe, a unas dos horas al noreste de la ciudad de Le\u00f3n, la m\u00e1s poblada del estado de Guanajuato y sede de la Arquidi\u00f3cesis de Le\u00f3n.<\/p>\n\n\n\n<p>El Gobierno Municipal de San Felipe inform\u00f3 en un&nbsp;<a href=\"https:\/\/www.facebook.com\/photo\/?fbid=1001247752182090&amp;set=a.298073312499541\">comunicado<\/a>&nbsp;que alrededor de las 2:36 a.m. (hora local), agentes policiales municipales llegaron a la plaza principal de la comunidad de San Bartolo de Berrios, tras recibir reportes \u201cpor detonaciones de arma de fuego\u201d.<\/p>\n\n\n\n<p>\u201cAl llegar al lugar, se localiz\u00f3 una camioneta con da\u00f1os y a las v\u00edctimas sin vida\u201d, dijo, precisando que se trata de siete varones asesinados \u201ccon arma de fuego\u201d.<\/p>\n\n\n\n<p>\u201cAnte estos hechos, se ha establecido una coordinaci\u00f3n inmediata con autoridades estatales y federales a fin de dar seguimiento puntual a las investigaciones y esclarecer los hechos. La Fiscal\u00eda General del Estado ya realiza las diligencias correspondientes para que este crimen no quede impune\u201d, asegura el gobierno municipal, que pide adem\u00e1s a la poblaci\u00f3n reportar \u201ccualquier actividad sospechosa de manera an\u00f3nima\u201d.<\/p>\n\n\n\n<h2 class=\"wp-block-heading\">Masacres \u201cque se repiten con dolorosa frecuencia\u201d<\/h2>\n\n\n\n<p>Los obispos mexicanos aseguran en su comunicado que \u201cno podemos permanecer indiferentes ante el espiral de violencia que lacera a tantas comunidades de nuestro pa\u00eds\u201d.<\/p>\n\n\n\n<p>\u201cEsta masacre, una m\u00e1s entre tantas que se repiten con dolorosa frecuencia, es un signo alarmante del debilitamiento del tejido social, la impunidad, y la ausencia de paz en vastas regiones de nuestra naci\u00f3n\u201d, denuncian.<\/p>\n\n\n\n<p>Los obispos adem\u00e1s hicieron \u201cun llamado urgente\u201d para que las autoridades de todos los niveles \u2014municipal, estatal y federal\u2014 \u201casuman con responsabilidad y eficacia la tarea de garantizar la seguridad y la justicia\u201d.<\/p>\n\n\n\n<p>\u201cNo podemos acostumbrarnos a convivir con la muerte violenta, ni permitir que la impunidad se convierta en norma\u201d.<\/p>\n\n\n\n<p>A la sociedad civil le pidieron no caer \u201cen la indiferencia ni en la desesperanza. Es tiempo de construir juntos la paz desde lo cotidiano, desde nuestras familias, comunidades y espacios de participaci\u00f3n\u201d.<\/p>\n\n\n\n<p>\u201cLa violencia no se erradica s\u00f3lo con el uso de la fuerza, sino con una profunda transformaci\u00f3n cultural que recupere el valor sagrado de la vida humana\u201d.<\/p>\n\n\n\n<p>Tambi\u00e9n se dirigieron a las comunidades eclesiales, alent\u00e1ndoles a ser \u201ctestigos de esperanza, promotoras de reconciliaci\u00f3n, y artesanas de paz\u201d, de tal forma \u201cque nuestras parroquias y grupos sean lugares donde se anuncie con fuerza que \u2018el mal no tiene la \u00faltima palabra\u2019\u201d.<\/p>\n\n\n\n<p>\u201cComo Iglesia, reiteramos nuestro compromiso de seguir acompa\u00f1ando a las v\u00edctimas, de denunciar el pecado estructural de la violencia, y de trabajar por una cultura de paz, inspirada en el Evangelio de Jesucristo, que \u2018vino a traernos vida, y vida en abundancia\u2019\u201d.<\/p>\n\n\n\n<h2 class=\"wp-block-heading\">\u201cPersonas de un c\u00e1rtel llegaron armadas y abrieron fuego\u201d<\/h2>\n\n\n\n<p>El comunicado de la CEM sigui\u00f3 a un&nbsp;<a href=\"https:\/\/www.facebook.com\/photo\/?fbid=1104694728369707&amp;set=a.559468266225692\">mensaje<\/a>&nbsp;del Arzobispo de Le\u00f3n, Mons. Jaime Calder\u00f3n Calder\u00f3n, quien asumi\u00f3 el gobierno pastoral de la arquidi\u00f3cesis hace poco menos de un a\u00f1o, el 19 de agosto de 2024.<\/p>\n\n\n\n<p>En su mensaje, el Arzobispo de Le\u00f3n dijo que \u201cde acuerdo a los primeros reportes, personas de un c\u00e1rtel llegaron armadas y abrieron fuego arteramente contra la gente que se encontraba en el lugar, resultando muertos 7 j\u00f3venes, entre ellos algunos menores de edad\u201d.<\/p>\n\n\n\n<p>\u201cEstamos indignados, consternados y condenamos este hecho\u201d, expres\u00f3 el prelado.<\/p>\n\n\n\n<p>Mons. Calder\u00f3n Calder\u00f3n dijo que el crimen ocurri\u00f3 \u201cal final de un festejo con motivo del 10 de Mayo, organizado por la Parroquia\u201d.<\/p>\n\n\n\n<p>Tras exigir que las autoridades capturen a los responsables y se haga justicia, el arzobispo expres\u00f3 su cercan\u00eda a los familiares de las v\u00edctimas: \u201cen un servidor encontrar\u00e1n consuelo y oraci\u00f3n por sus familiares y por ustedes, que sufren por estos lamentables hechos\u201d.<\/p>\n\n\n\n<p>Fuente: <a href=\"https:\/\/www.aciprensa.com\/noticias\/113517\/iglesia-catolica-condena-masacre-de-siete-jovenes-en-guanajuato-mexico\">https:\/\/www.aciprensa.com\/noticias\/113517\/iglesia-catolica-condena-masacre-de-siete-jovenes-en-guanajuato-mexico<\/a><\/p>\n","protected":false},"excerpt":{"rendered":"<p>Por\u00a0David Ramos \/ ACI Prensa Los obispos de M\u00e9xico expresaron su \u201cprofundo dolor y consternaci\u00f3n\u201d por la masacre atribuida al [&hellip;]<\/p>\n","protected":false},"author":1,"featured_media":99755,"comment_status":"open","ping_status":"open","sticky":false,"template":"","format":"standard","meta":{"site-sidebar-layout":"default","site-content-layout":"","ast-site-content-layout":"default","site-content-style":"default","site-sidebar-style":"default","ast-global-header-display":"","ast-banner-title-visibility":"","ast-main-header-display":"","ast-hfb-above-header-display":"","ast-hfb-below-header-display":"","ast-hfb-mobile-header-display":"","site-post-title":"","ast-breadcrumbs-content":"","ast-featured-img":"","footer-sml-layout":"","theme-transparent-header-meta":"","adv-header-id-meta":"","stick-header-meta":"","header-above-stick-meta":"","header-main-stick-meta":"","header-below-stick-meta":"","astra-migrate-meta-layouts":"default","ast-page-background-enabled":"default","ast-page-background-meta":{"desktop":{"background-color":"var(--ast-global-color-4)","background-image":"","background-repeat":"repeat","background-position":"center center","background-size":"auto","background-attachment":"scroll","background-type":"","background-media":"","overlay-type":"","overlay-color":"","overlay-opacity":"","overlay-gradient":""},"tablet":{"background-color":"","background-image":"","background-repeat":"repeat","background-position":"center center","background-size":"auto","background-attachment":"scroll","background-type":"","background-media":"","overlay-type":"","overlay-color":"","overlay-opacity":"","overlay-gradient":""},"mobile":{"background-color":"","background-image":"","background-repeat":"repeat","background-position":"center center","background-size":"auto","background-attachment":"scroll","background-type":"","background-media":"","overlay-type":"","overlay-color":"","overlay-opacity":"","overlay-gradient":""}},"ast-content-background-meta":{"desktop":{"background-color":"var(--ast-global-color-5)","background-image":"","background-repeat":"repeat","background-position":"center center","background-size":"auto","background-attachment":"scroll","background-type":"","background-media":"","overlay-type":"","overlay-color":"","overlay-opacity":"","overlay-gradient":""},"tablet":{"background-color":"var(--ast-global-color-5)","background-image":"","background-repeat":"repeat","background-position":"center center","background-size":"auto","background-attachment":"scroll","background-type":"","background-media":"","overlay-type":"","overlay-color":"","overlay-opacity":"","overlay-gradient":""},"mobile":{"background-color":"var(--ast-global-color-5)","background-image":"","background-repeat":"repeat","background-position":"center center","background-size":"auto","background-attachment":"scroll","background-type":"","background-media":"","overlay-type":"","overlay-color":"","overlay-opacity":"","overlay-gradient":""}},"footnotes":""},"categories":[8],"tags":[38552,7196,38551,10633],"class_list":["post-99754","post","type-post","status-publish","format-standard","has-post-thumbnail","hentry","category-noticias","tag-7-jovenes-asesinados-guanajuato","tag-cem","tag-san-bartolo-de-berrios","tag-violencia-guanajuato"],"_links":{"self":[{"href":"https:\/\/losperiodistas.com.mx\/portal\/wp-json\/wp\/v2\/posts\/99754","targetHints":{"allow":["GET"]}}],"collection":[{"href":"https:\/\/losperiodistas.com.mx\/portal\/wp-json\/wp\/v2\/posts"}],"about":[{"href":"https:\/\/losperiodistas.com.mx\/portal\/wp-json\/wp\/v2\/types\/post"}],"author":[{"embeddable":true,"href":"https:\/\/losperiodistas.com.mx\/portal\/wp-json\/wp\/v2\/users\/1"}],"replies":[{"embeddable":true,"href":"https:\/\/losperiodistas.com.mx\/portal\/wp-json\/wp\/v2\/comments?post=99754"}],"version-history":[{"count":1,"href":"https:\/\/losperiodistas.com.mx\/portal\/wp-json\/wp\/v2\/posts\/99754\/revisions"}],"predecessor-version":[{"id":99756,"href":"https:\/\/losperiodistas.com.mx\/portal\/wp-json\/wp\/v2\/posts\/99754\/revisions\/99756"}],"wp:featuredmedia":[{"embeddable":true,"href":"https:\/\/losperiodistas.com.mx\/portal\/wp-json\/wp\/v2\/media\/99755"}],"wp:attachment":[{"href":"https:\/\/losperiodistas.com.mx\/portal\/wp-json\/wp\/v2\/media?parent=99754"}],"wp:term":[{"taxonomy":"category","embeddable":true,"href":"https:\/\/losperiodistas.com.mx\/portal\/wp-json\/wp\/v2\/categories?post=99754"},{"taxonomy":"post_tag","embeddable":true,"href":"https:\/\/losperiodistas.com.mx\/portal\/wp-json\/wp\/v2\/tags?post=99754"}],"curies":[{"name":"wp","href":"https:\/\/api.w.org\/{rel}","templated":true}]}}