{"id":99751,"date":"2025-05-20T05:35:58","date_gmt":"2025-05-20T11:35:58","guid":{"rendered":"https:\/\/losperiodistas.com.mx\/portal\/?p=99751"},"modified":"2025-05-20T05:35:59","modified_gmt":"2025-05-20T11:35:59","slug":"la-onu-advierte-unos-14-000-bebes-moriran-en-los-proximos-dos-dias-en-gaza-si-no-llegan-suministros-efe","status":"publish","type":"post","link":"https:\/\/losperiodistas.com.mx\/portal\/la-onu-advierte-unos-14-000-bebes-moriran-en-los-proximos-dos-dias-en-gaza-si-no-llegan-suministros-efe\/","title":{"rendered":"La ONU advierte: Unos 14.000 beb\u00e9s morir\u00e1n en los pr\u00f3ximos dos d\u00edas en Gaza si no llegan suministros | EFE"},"content":{"rendered":"\n<p><\/p>\n\n\n\n<figure class=\"wp-block-image size-full\"><img fetchpriority=\"high\" decoding=\"async\" width=\"900\" height=\"599\" src=\"https:\/\/losperiodistas.com.mx\/portal\/wp-content\/uploads\/2025\/05\/GAZA-MADRE-BEBE.jpeg\" alt=\"\" class=\"wp-image-99752\" srcset=\"https:\/\/losperiodistas.com.mx\/portal\/wp-content\/uploads\/2025\/05\/GAZA-MADRE-BEBE.jpeg 900w, https:\/\/losperiodistas.com.mx\/portal\/wp-content\/uploads\/2025\/05\/GAZA-MADRE-BEBE-300x200.jpeg 300w, https:\/\/losperiodistas.com.mx\/portal\/wp-content\/uploads\/2025\/05\/GAZA-MADRE-BEBE-768x511.jpeg 768w\" sizes=\"(max-width: 900px) 100vw, 900px\" \/><figcaption class=\"wp-element-caption\">Una madre palestina con su beb\u00e9, en la carretera Al Rashid, en la Franja de Gaza, en una imagen de archivo. EFE\/EPA\/Mohammed Saber<\/figcaption><\/figure>\n\n\n\n<p class=\"has-vivid-red-color has-text-color has-link-color has-medium-font-size wp-elements-23db7e95974579b190d8bc7ea9a6cef6\"><strong>Agencia EFE<\/strong><\/p>\n\n\n\n<p>Londres(EFE).- Unos 14.000 beb\u00e9s morir\u00e1n en la Franja de Gaza en las pr\u00f3ximas 48 horas si no entran suministros de ayuda en el enclave palestino, alert\u00f3 este martes el subsecretario general de la ONU para Asuntos Humanitarios, Tom Fletcher.<\/p>\n\n\n\n<p>En unas declaraciones al programa Today de Radio 4 de la emisora p\u00fablica BBC, el funcionario dijo que la ONU lleg\u00f3 a ese c\u00e1lculo porque tiene \u00abequipos fuertes sobre el terreno\u00bb y a\u00f1adi\u00f3 que es necesario \u00abinundar la Franja de Gaza con ayuda humanitaria\u00bb.<\/p>\n\n\n\n<h2 class=\"wp-block-heading\" id=\"h-la-onu-logra-permiso-para-la-entrada-de-100-camiones\">La ONU logra permiso para la entrada de 100 camiones<\/h2>\n\n\n\n<p>Pocas horas despu\u00e9s de esta denuncia, Naciones Unidas anunciaba que hab\u00eda logrado permiso de las autoridades israel\u00edes para la entrada en la Franja de Gaza de hasta un centenar de camiones con ayuda humanitaria<\/p>\n\n\n\n<p>\u00abTenemos permiso para que m\u00e1s camiones entren y podr\u00edan hacerlo hoy\u00bb, indic\u00f3 un portavoz de la Oficina de Coordinaci\u00f3n de Asuntos Humanitarios, en una rueda de prensa en Ginebra.<\/p>\n\n\n\n<figure class=\"wp-block-image\"><img decoding=\"async\" src=\"https:\/\/i0.wp.com\/efe.com\/wp-content\/uploads\/2025\/05\/GAZA-CAMIONES-FRONTERA.webp?resize=900%2C600&amp;ssl=1\" alt=\"\" class=\"wp-image-1888684\"\/><figcaption class=\"wp-element-caption\">Camiones con ayuda esperan para entrar a la Franja de Gaza en el cruce de Kerem Shalom, en el sur de Israel. EFE\/EPA\/Atef Safadi<\/figcaption><\/figure>\n\n\n\n<p>Cinco camiones con ayuda entraron el lunes, despu\u00e9s de que<a href=\"https:\/\/efe.com\/mundo\/2025-05-19\/israel-gaza-alimentos\/\">&nbsp;Israel pusiera fin a un bloqueo de once semanas,<\/a>&nbsp;pero que a\u00fan no han llegado a la poblaci\u00f3n que la necesita, indic\u00f3 Fletcher.<\/p>\n\n\n\n<p>Tras las cr\u00edticas del Reino Unido, Francia y Canad\u00e1 a la ofensiva de Israel sobre Gaza, Fletcher dej\u00f3 claro que se trataron de unas \u00abpalabras contundentes\u00bb, pero afirm\u00f3 que la \u00abprueba\u00bb que se presenta es si las Naciones Unidas pueden obtener m\u00e1s ayuda.<\/p>\n\n\n\n<figure class=\"wp-block-embed is-type-wp-embed is-provider-efe-noticias wp-block-embed-efe-noticias\"><div class=\"wp-block-embed__wrapper\">\n<blockquote class=\"wp-embedded-content\" data-secret=\"omgXYvyeQt\"><a href=\"https:\/\/efe.com\/mundo\/2025-05-20\/onu-ayuda-limitada-gaza\/\">La entrada limitada de ayuda en Gaza \u00abes una gota en el oc\u00e9ano\u00bb, dice portavoz de Guterres<\/a><\/blockquote><iframe class=\"wp-embedded-content\" sandbox=\"allow-scripts\" security=\"restricted\" style=\"position: absolute; visibility: hidden;\" title=\"\u00abLa entrada limitada de ayuda en Gaza \u00abes una gota en el oc\u00e9ano\u00bb, dice portavoz de Guterres\u00bb \u2014 EFE Noticias\" src=\"https:\/\/efe.com\/mundo\/2025-05-20\/onu-ayuda-limitada-gaza\/embed\/#?secret=Hf0cn1ehbS#?secret=omgXYvyeQt\" data-secret=\"omgXYvyeQt\" width=\"500\" height=\"282\" frameborder=\"0\" marginwidth=\"0\" marginheight=\"0\" scrolling=\"no\"><\/iframe>\n<\/div><\/figure>\n\n\n\n<p>Esos tres pa\u00edses amenazaron ayer con emprender \u00abmedidas concretas\u00bb contra Israel si no detiene la ofensiva militar en Gaza y se\u00f1alaron estar \u00abdeterminados\u00bb a reconocer el Estado palestino.<\/p>\n\n\n\n<p><a href=\"https:\/\/efe.com\/mundo\/2025-05-20\/nuevo-ataque-gaza-muertos\/\">La pasada noche murieron al menos 53 palestinos<\/a>, entre ellos mujeres y ni\u00f1os, en los nuevos&nbsp;<a href=\"https:\/\/efe.com\/noticias\/guerra-gaza\/\">ataques del Ej\u00e9rcito israel\u00ed&nbsp;<\/a>contra el norte y el centro de la franja palestina.<\/p>\n\n\n\n<p>Fuente: <a href=\"https:\/\/efe.com\/mundo\/2025-05-20\/guerra-gaza-bebes-moriran-sin-ayuda\/\">https:\/\/efe.com\/mundo\/2025-05-20\/guerra-gaza-bebes-moriran-sin-ayuda\/<\/a><\/p>\n","protected":false},"excerpt":{"rendered":"<p>Agencia EFE Londres(EFE).- Unos 14.000 beb\u00e9s morir\u00e1n en la Franja de Gaza en las pr\u00f3ximas 48 horas si no entran [&hellip;]<\/p>\n","protected":false},"author":1,"featured_media":99752,"comment_status":"open","ping_status":"open","sticky":false,"template":"","format":"standard","meta":{"site-sidebar-layout":"default","site-content-layout":"","ast-site-content-layout":"default","site-content-style":"default","site-sidebar-style":"default","ast-global-header-display":"","ast-banner-title-visibility":"","ast-main-header-display":"","ast-hfb-above-header-display":"","ast-hfb-below-header-display":"","ast-hfb-mobile-header-display":"","site-post-title":"","ast-breadcrumbs-content":"","ast-featured-img":"","footer-sml-layout":"","theme-transparent-header-meta":"","adv-header-id-meta":"","stick-header-meta":"","header-above-stick-meta":"","header-main-stick-meta":"","header-below-stick-meta":"","astra-migrate-meta-layouts":"default","ast-page-background-enabled":"default","ast-page-background-meta":{"desktop":{"background-color":"var(--ast-global-color-4)","background-image":"","background-repeat":"repeat","background-position":"center center","background-size":"auto","background-attachment":"scroll","background-type":"","background-media":"","overlay-type":"","overlay-color":"","overlay-opacity":"","overlay-gradient":""},"tablet":{"background-color":"","background-image":"","background-repeat":"repeat","background-position":"center center","background-size":"auto","background-attachment":"scroll","background-type":"","background-media":"","overlay-type":"","overlay-color":"","overlay-opacity":"","overlay-gradient":""},"mobile":{"background-color":"","background-image":"","background-repeat":"repeat","background-position":"center center","background-size":"auto","background-attachment":"scroll","background-type":"","background-media":"","overlay-type":"","overlay-color":"","overlay-opacity":"","overlay-gradient":""}},"ast-content-background-meta":{"desktop":{"background-color":"var(--ast-global-color-5)","background-image":"","background-repeat":"repeat","background-position":"center center","background-size":"auto","background-attachment":"scroll","background-type":"","background-media":"","overlay-type":"","overlay-color":"","overlay-opacity":"","overlay-gradient":""},"tablet":{"background-color":"var(--ast-global-color-5)","background-image":"","background-repeat":"repeat","background-position":"center center","background-size":"auto","background-attachment":"scroll","background-type":"","background-media":"","overlay-type":"","overlay-color":"","overlay-opacity":"","overlay-gradient":""},"mobile":{"background-color":"var(--ast-global-color-5)","background-image":"","background-repeat":"repeat","background-position":"center center","background-size":"auto","background-attachment":"scroll","background-type":"","background-media":"","overlay-type":"","overlay-color":"","overlay-opacity":"","overlay-gradient":""}},"footnotes":""},"categories":[8],"tags":[38549,1488,177,38550],"class_list":["post-99751","post","type-post","status-publish","format-standard","has-post-thumbnail","hentry","category-noticias","tag-14-mil-bebes-en-peligro-extremo","tag-franja-de-gaza","tag-onu","tag-suministros-franja-de-gaza"],"_links":{"self":[{"href":"https:\/\/losperiodistas.com.mx\/portal\/wp-json\/wp\/v2\/posts\/99751","targetHints":{"allow":["GET"]}}],"collection":[{"href":"https:\/\/losperiodistas.com.mx\/portal\/wp-json\/wp\/v2\/posts"}],"about":[{"href":"https:\/\/losperiodistas.com.mx\/portal\/wp-json\/wp\/v2\/types\/post"}],"author":[{"embeddable":true,"href":"https:\/\/losperiodistas.com.mx\/portal\/wp-json\/wp\/v2\/users\/1"}],"replies":[{"embeddable":true,"href":"https:\/\/losperiodistas.com.mx\/portal\/wp-json\/wp\/v2\/comments?post=99751"}],"version-history":[{"count":1,"href":"https:\/\/losperiodistas.com.mx\/portal\/wp-json\/wp\/v2\/posts\/99751\/revisions"}],"predecessor-version":[{"id":99753,"href":"https:\/\/losperiodistas.com.mx\/portal\/wp-json\/wp\/v2\/posts\/99751\/revisions\/99753"}],"wp:featuredmedia":[{"embeddable":true,"href":"https:\/\/losperiodistas.com.mx\/portal\/wp-json\/wp\/v2\/media\/99752"}],"wp:attachment":[{"href":"https:\/\/losperiodistas.com.mx\/portal\/wp-json\/wp\/v2\/media?parent=99751"}],"wp:term":[{"taxonomy":"category","embeddable":true,"href":"https:\/\/losperiodistas.com.mx\/portal\/wp-json\/wp\/v2\/categories?post=99751"},{"taxonomy":"post_tag","embeddable":true,"href":"https:\/\/losperiodistas.com.mx\/portal\/wp-json\/wp\/v2\/tags?post=99751"}],"curies":[{"name":"wp","href":"https:\/\/api.w.org\/{rel}","templated":true}]}}