{"id":99512,"date":"2025-05-15T06:35:11","date_gmt":"2025-05-15T12:35:11","guid":{"rendered":"https:\/\/losperiodistas.com.mx\/portal\/?p=99512"},"modified":"2025-05-15T06:35:13","modified_gmt":"2025-05-15T12:35:13","slug":"el-renacer-de-la-tradicion-chulapa-en-madrid-tambien-queremos-reivindicar-lo-nuestro-ld","status":"publish","type":"post","link":"https:\/\/losperiodistas.com.mx\/portal\/el-renacer-de-la-tradicion-chulapa-en-madrid-tambien-queremos-reivindicar-lo-nuestro-ld\/","title":{"rendered":"El renacer de la tradici\u00f3n chulapa: \u00abEn Madrid tambi\u00e9n queremos reivindicar lo nuestro\u00bb | LD"},"content":{"rendered":"\n<h2 class=\"wp-block-heading has-ast-global-color-4-background-color has-background\">Maty, la hist\u00f3rica tienda madrile\u00f1a fundada en 1943, celebra el regreso del traje de chulapa entre las nuevas generaciones durante San Isidro.<\/h2>\n\n\n\n<figure class=\"wp-block-embed is-type-video is-provider-youtube wp-block-embed-youtube wp-embed-aspect-16-9 wp-has-aspect-ratio\"><div class=\"wp-block-embed__wrapper\">\n<iframe title=\"El renacer de la tradici\u00f3n chulapa: &quot;En Madrid tambi\u00e9n queremos reivindicar lo nuestro&quot;\" width=\"500\" height=\"281\" src=\"https:\/\/www.youtube.com\/embed\/fdKRouWPwUo?feature=oembed\" frameborder=\"0\" allow=\"accelerometer; autoplay; clipboard-write; encrypted-media; gyroscope; picture-in-picture; web-share\" referrerpolicy=\"strict-origin-when-cross-origin\" allowfullscreen><\/iframe>\n<\/div><\/figure>\n\n\n\n<p class=\"has-vivid-red-color has-text-color has-link-color has-medium-font-size wp-elements-2ae659c4638f1f7c9de88247f2bcc862\"><strong><a href=\"https:\/\/www.libertaddigital.com\/autores\/marta-gonzalez-madiedo\/\">Marta Gonz\u00e1lez-Madiedo<\/a> \/ Libertad Digital<\/strong><\/p>\n\n\n\n<p>El traje de chulapa es,&nbsp;<a href=\"https:\/\/www.libertaddigital.com\/madrid\/2025-05-14\/la-pasteleria-centenaria-de-madrid-que-pierde-la-cuenta-de-las-rosquillas-que-vende-cada-san-isidro-7253876\/\">junto al chotis y las rosquillas<\/a>, uno de los grandes protagonistas de las fiestas de San Isidro. Cada 15 de mayo, Madrid recupera el esp\u00edritu m\u00e1s castizo de la mano de esta vestimenta tradicional que, lejos de caer en el olvido, vive un resurgir entre las nuevas generaciones.&nbsp;<strong>En Maty<\/strong>, fundada en 1943, se han dedicado durante m\u00e1s de 80 a\u00f1os a la confecci\u00f3n y venta de trajes t\u00edpicos, as\u00ed como de danza, y aseguran que&nbsp;<strong>\u00abde toda la vida\u00bb han tenido trajes de chulapa<\/strong>. A cuarenta y ocho horas del d\u00eda grande del patr\u00f3n de la capital, quedan en sus perchas no m\u00e1s de veinte disponibles.<\/p>\n\n\n\n<p>Aunque popularmente se le asocia con la vestimenta de las madrile\u00f1as del siglo XIX, su origen parece estar m\u00e1s relacionado con el teatro y la Zarzuela. El traje de madrile\u00f1a es sencillo: un vestido o una combinaci\u00f3n de dos piezas \u2014ambas opciones son v\u00e1lidas\u2014 con falda ce\u00f1ida a la cintura con corte de sirena y blusa de manga abullonada; un pa\u00f1uelo blanco para enmarcar el rostro; los caracter\u00edsticos claveles en el centro de la cabeza; y, como pieza estrella, el mant\u00f3n,&nbsp;<strong>tradicionalmente de Manila<\/strong>, prendido sobre los hombros. \u00abEs el complemento m\u00e1s importante y m\u00e1s caro que lleva la madrile\u00f1a\u00bb, asegura Maty, gerente de la hist\u00f3rica tienda que lleva su nombre, sobre este \u00faltimo. En cuanto a los zapatos, Concha Piquer cantaba aquello de los \u00abzapatitos de charol que repican en la acera\u00bb, pero hoy en d\u00eda las chulapas optan por un calzado m\u00e1s c\u00f3modo, aunque en su mayor\u00eda mantienen \u00abel tac\u00f3n alto\u00bb.<\/p>\n\n\n\n<p>Con el paso de los a\u00f1os, el traje de chulapa ha evolucionado en colores, estampados y escotes, aunque, como asegura Maty, \u00abla esencia es siempre la misma\u00bb. Lo que s\u00ed perdura es la simbolog\u00eda en la elecci\u00f3n de claveles:&nbsp;<strong>\u00abLos rojos son las casadas, los blancos son las solteras y el blanco y el rojo las prometidas\u00bb<\/strong>, detalla.<\/p>\n\n\n\n<p>Aunque no es comparable al fervor que despierta, por ejemplo, la Feria de Sevilla, Maty percibe un resurgir de la tradici\u00f3n en Madrid que empieza a pasar de abuelos a nietos \u00abgatos\u00bb. \u00abMadrid es una ciudad que no pregunta ni de d\u00f3nde eres ni a d\u00f3nde vas, pero ahora ya hay much\u00edsimos abuelos, hijos y nietos nacidos aqu\u00ed. Ahora ya s\u00ed se sienten madrile\u00f1os de verdad\u00bb comenta con ilusi\u00f3n, explicando que estas nuevas generaciones, a diferencia de las anteriores que celebraban las fiestas de sus lugares de origen, viven las tradiciones de aqu\u00ed. La gerente de Maty subraya tambi\u00e9n el papel fundamental de las asociaciones de castizos, que han promovido el uso del traje y la recuperaci\u00f3n de los bailes t\u00edpicos de las verbenas. \u00abHan hecho mucho hincapi\u00e9, pero&nbsp;<strong>necesitamos un relevo generacional, necesitamos que la gente joven se implique, le guste, lo fomente y lo practique\u00bb<\/strong>, insiste, animando a las generaciones de hoy a vestirse, aunque sea con un pa\u00f1uelo y una flor, porque \u00ablo importante es empezar\u00bb y a partir de ah\u00ed el resto \u00abvendr\u00e1 rodado\u00bb.<\/p>\n\n\n\n<h2 class=\"wp-block-heading\">Relacionado<\/h2>\n\n\n\n<ul class=\"wp-block-list\">\n<li><a href=\"https:\/\/www.libertaddigital.com\/madrid\/2025-05-14\/la-pasteleria-centenaria-de-madrid-que-pierde-la-cuenta-de-las-rosquillas-que-vende-cada-san-isidro-7253876\/\">La pasteler\u00eda centenaria de Madrid que pierde la cuenta de las rosquillas que vende cada San Isidro<\/a><\/li>\n<\/ul>\n\n\n\n<p>Y es que Maty, en pleno centro de Madrid, sigue siendo testigo de ese ir y venir de chulapas y chulapos, de&nbsp;<strong>abuelos comprando para sus nietos<\/strong>&nbsp;y de j\u00f3venes que, poco a poco, empiezan a recuperar el sabor de una tradici\u00f3n que parec\u00eda olvidada. \u00abLo hemos fabricado toda la vida pero s\u00ed hemos notado que la evoluci\u00f3n ha ido en vender m\u00e1s de infantil a notar un incremento en los adultos. Empieza a ser nuestra fiesta y empezamos a participar todos\u00bb, confiesa.<\/p>\n\n\n\n<p>Adem\u00e1s del traje de madrile\u00f1a, el de&nbsp;<strong>chulapo<\/strong>&nbsp;\u2014tradicionalmente para el hombre\u2014 tambi\u00e9n cobra protagonismo en estas fechas y&nbsp;<strong>cada vez son m\u00e1s las mujeres que optan por esta vestimenta<\/strong>&nbsp;para celebrar San Isidro, algo que Maty celebra y apoya porque, como ella misma comenta, \u00absi imponemos la gente se tira para atr\u00e1s\u00bb. Est\u00e1 compuesto por varios elementos caracter\u00edsticos: la parpusa (nada de boina, aclara Maty, siempre parpusa), el Gabriel (el chaleco), la chupa o babosa (la chaqueta), los alares (pantalones), el safo (pa\u00f1uelo), los calcos (zapatos) y, de nuevo, un clavel.<\/p>\n\n\n\n<p>Desde la hist\u00f3rica tienda, cuentan c\u00f3mo algunos clientes han regresado contando que, de vestirse cinco amigos el a\u00f1o pasado, este a\u00f1o ya son veinte. \u00abVan recuperando a los amigos y van haciendo que esos tambi\u00e9n se ilusionen\u00bb, comenta la due\u00f1a, convencida de que \u00ab<strong>si la Comunidad de Madrid y el Ayuntamiento ayudan, cada d\u00eda ser\u00e1 mejor y se fomentar\u00e1 m\u00e1s\u00bb<\/strong>.<\/p>\n\n\n\n<p>Aunque a\u00fan no se conocen las cifras exactas de ventas de este a\u00f1o, Maty asegura que el inter\u00e9s entre los madrile\u00f1os sigue creciendo, especialmente en los d\u00edas previos al propio 15 de mayo. \u00abTodo es a \u00faltima hora\u00bb, dice, entre risas. Sin embargo, la tendencia s\u00ed la tiene clara: cada vez m\u00e1s adultos se animan a vestirse durante nuestra celebraci\u00f3n.<\/p>\n\n\n\n<p>Fuente: <a href=\"https:\/\/www.libertaddigital.com\/madrid\/2025-05-15\/el-renacer-de-la-tradicion-chulapa-en-madrid-tambien-queremos-reivindicar-lo-nuestro-7254585\/\">https:\/\/www.libertaddigital.com\/madrid\/2025-05-15\/el-renacer-de-la-tradicion-chulapa-en-madrid-tambien-queremos-reivindicar-lo-nuestro-7254585\/<\/a><\/p>\n","protected":false},"excerpt":{"rendered":"<p>Maty, la hist\u00f3rica tienda madrile\u00f1a fundada en 1943, celebra el regreso del traje de chulapa entre las nuevas generaciones durante [&hellip;]<\/p>\n","protected":false},"author":1,"featured_media":99513,"comment_status":"open","ping_status":"open","sticky":false,"template":"","format":"standard","meta":{"site-sidebar-layout":"default","site-content-layout":"","ast-site-content-layout":"default","site-content-style":"default","site-sidebar-style":"default","ast-global-header-display":"","ast-banner-title-visibility":"","ast-main-header-display":"","ast-hfb-above-header-display":"","ast-hfb-below-header-display":"","ast-hfb-mobile-header-display":"","site-post-title":"","ast-breadcrumbs-content":"","ast-featured-img":"","footer-sml-layout":"","theme-transparent-header-meta":"","adv-header-id-meta":"","stick-header-meta":"","header-above-stick-meta":"","header-main-stick-meta":"","header-below-stick-meta":"","astra-migrate-meta-layouts":"default","ast-page-background-enabled":"default","ast-page-background-meta":{"desktop":{"background-color":"var(--ast-global-color-4)","background-image":"","background-repeat":"repeat","background-position":"center center","background-size":"auto","background-attachment":"scroll","background-type":"","background-media":"","overlay-type":"","overlay-color":"","overlay-opacity":"","overlay-gradient":""},"tablet":{"background-color":"","background-image":"","background-repeat":"repeat","background-position":"center center","background-size":"auto","background-attachment":"scroll","background-type":"","background-media":"","overlay-type":"","overlay-color":"","overlay-opacity":"","overlay-gradient":""},"mobile":{"background-color":"","background-image":"","background-repeat":"repeat","background-position":"center center","background-size":"auto","background-attachment":"scroll","background-type":"","background-media":"","overlay-type":"","overlay-color":"","overlay-opacity":"","overlay-gradient":""}},"ast-content-background-meta":{"desktop":{"background-color":"var(--ast-global-color-5)","background-image":"","background-repeat":"repeat","background-position":"center center","background-size":"auto","background-attachment":"scroll","background-type":"","background-media":"","overlay-type":"","overlay-color":"","overlay-opacity":"","overlay-gradient":""},"tablet":{"background-color":"var(--ast-global-color-5)","background-image":"","background-repeat":"repeat","background-position":"center center","background-size":"auto","background-attachment":"scroll","background-type":"","background-media":"","overlay-type":"","overlay-color":"","overlay-opacity":"","overlay-gradient":""},"mobile":{"background-color":"var(--ast-global-color-5)","background-image":"","background-repeat":"repeat","background-position":"center center","background-size":"auto","background-attachment":"scroll","background-type":"","background-media":"","overlay-type":"","overlay-color":"","overlay-opacity":"","overlay-gradient":""}},"footnotes":""},"categories":[8],"tags":[38416,38418,38419,38417,35657],"class_list":["post-99512","post","type-post","status-publish","format-standard","has-post-thumbnail","hentry","category-noticias","tag-chgotis","tag-chulapas","tag-chulapos","tag-rosquillas","tag-san-isidro-2025"],"_links":{"self":[{"href":"https:\/\/losperiodistas.com.mx\/portal\/wp-json\/wp\/v2\/posts\/99512","targetHints":{"allow":["GET"]}}],"collection":[{"href":"https:\/\/losperiodistas.com.mx\/portal\/wp-json\/wp\/v2\/posts"}],"about":[{"href":"https:\/\/losperiodistas.com.mx\/portal\/wp-json\/wp\/v2\/types\/post"}],"author":[{"embeddable":true,"href":"https:\/\/losperiodistas.com.mx\/portal\/wp-json\/wp\/v2\/users\/1"}],"replies":[{"embeddable":true,"href":"https:\/\/losperiodistas.com.mx\/portal\/wp-json\/wp\/v2\/comments?post=99512"}],"version-history":[{"count":1,"href":"https:\/\/losperiodistas.com.mx\/portal\/wp-json\/wp\/v2\/posts\/99512\/revisions"}],"predecessor-version":[{"id":99514,"href":"https:\/\/losperiodistas.com.mx\/portal\/wp-json\/wp\/v2\/posts\/99512\/revisions\/99514"}],"wp:featuredmedia":[{"embeddable":true,"href":"https:\/\/losperiodistas.com.mx\/portal\/wp-json\/wp\/v2\/media\/99513"}],"wp:attachment":[{"href":"https:\/\/losperiodistas.com.mx\/portal\/wp-json\/wp\/v2\/media?parent=99512"}],"wp:term":[{"taxonomy":"category","embeddable":true,"href":"https:\/\/losperiodistas.com.mx\/portal\/wp-json\/wp\/v2\/categories?post=99512"},{"taxonomy":"post_tag","embeddable":true,"href":"https:\/\/losperiodistas.com.mx\/portal\/wp-json\/wp\/v2\/tags?post=99512"}],"curies":[{"name":"wp","href":"https:\/\/api.w.org\/{rel}","templated":true}]}}