{"id":99492,"date":"2025-05-15T05:17:48","date_gmt":"2025-05-15T11:17:48","guid":{"rendered":"https:\/\/losperiodistas.com.mx\/portal\/?p=99492"},"modified":"2025-05-15T05:17:49","modified_gmt":"2025-05-15T11:17:49","slug":"impuesto-a-las-remesas-pasa-primer-filtro-en-congreso-de-eu-el-economista","status":"publish","type":"post","link":"https:\/\/losperiodistas.com.mx\/portal\/impuesto-a-las-remesas-pasa-primer-filtro-en-congreso-de-eu-el-economista\/","title":{"rendered":"Impuesto a las remesas pasa primer filtr\u00f3 en Congreso de EU | El Economista"},"content":{"rendered":"\n<p class=\"has-medium-font-size\">Los trabajadores migrantes de bajos recursos tienden a ser muy sensibles a los costos de las remesas; a expertos preocupa m\u00e1s desaceleraci\u00f3n de EU que la aplicaci\u00f3n del gravamen.<\/p>\n\n\n\n<figure class=\"wp-block-image size-full\"><img fetchpriority=\"high\" decoding=\"async\" width=\"1000\" height=\"563\" src=\"https:\/\/losperiodistas.com.mx\/portal\/wp-content\/uploads\/2025\/05\/6825afbe30efb.png\" alt=\"\" class=\"wp-image-99493\" srcset=\"https:\/\/losperiodistas.com.mx\/portal\/wp-content\/uploads\/2025\/05\/6825afbe30efb.png 1000w, https:\/\/losperiodistas.com.mx\/portal\/wp-content\/uploads\/2025\/05\/6825afbe30efb-300x169.png 300w, https:\/\/losperiodistas.com.mx\/portal\/wp-content\/uploads\/2025\/05\/6825afbe30efb-768x432.png 768w\" sizes=\"(max-width: 1000px) 100vw, 1000px\" \/><figcaption class=\"wp-element-caption\">Gr\u00e1fico EE<\/figcaption><\/figure>\n\n\n\n<p class=\"has-vivid-red-color has-text-color has-link-color has-medium-font-size wp-elements-bb5df275504c2baa3f27a3513313c98c\"><strong>Por:\u00a0<a href=\"https:\/\/www.eleconomista.com.mx\/autor\/yolanda.morales\">Yolanda Morales<\/a> \/ El Economista<\/strong><\/p>\n\n\n\n<p><\/p>\n\n\n\n<p><\/p>\n\n\n\n<p>Este mi\u00e9rcoles avanz\u00f3 en la C\u00e1mara de Representantes de Estados Unidos la propuesta de gravar con 5% a las remesas que env\u00edan los migrantes como parte del paquete de cambios fiscales propuestos por el Partido Republicano.<\/p>\n\n\n\n<p>Con 26 votos republicanos a favor y 19 dem\u00f3cratas en contra, fue aprobada en el Comit\u00e9 de Medios y Arbitrios de la C\u00e1mara Baja, pese a los esfuerzos diplom\u00e1ticos realizados para que no pasara esta medida, que a\u00fan requiere de la aprobaci\u00f3n del Congreso.<\/p>\n\n\n\n<p>Antes de que se diera la votaci\u00f3n, expertos del Centro de Estudios Monetarios de Latinoam\u00e9rica (Cemla) y de BBVA dijeron que los trabajadores migrantes de bajos recursos tienden a ser muy sensibles a los costos de las remesas.<\/p>\n\n\n\n<p>La aplicaci\u00f3n de un impuesto sobre estos env\u00edos seguramente les llevar\u00e1 a dirigir los flujos hacia canales informales y no regulados pero continuar\u00e1n apoyando a sus familias de origen.<\/p>\n\n\n\n<p>De acuerdo con el director del Foro de Remesas del Cemla, Jes\u00fas Cervantes Gonz\u00e1lez, los inmigrantes pueden utilizar remesas digitales y criptoactivos para hacer llegar los recursos a sus familias en caso de que avance la iniciativa en el Congreso de Estados Unidos de gravar los env\u00edos de remesas.<\/p>\n\n\n\n<p>Reconoci\u00f3 que con ello se perder\u00eda la informaci\u00f3n y transparencia que hoy tenemos sobre las operaciones, lo que ser\u00eda \u201cindeseable e ineficiente\u201d. Pero seguir\u00edan llegando los recursos para apoyar a sus hogares.<\/p>\n\n\n\n<p>Tal como est\u00e1 el documento elaborado por los republicanos, s\u00f3lo los emisores que carezcan de documentos para trabajar en aquel pa\u00eds tendr\u00e1n que pagar el gravamen sobre los env\u00edos de remesas.<\/p>\n\n\n\n<p>De acuerdo con el economista jefe de BBVA M\u00e9xico, Carlos Serrano, esto significa que quedar\u00e1n sujetos a esta disposici\u00f3n cuatro millones de mexicanos de los 12 millones que viven en aquel pa\u00eds.<\/p>\n\n\n\n<p>Y coincidi\u00f3 con el experto del Cemla en esperar el uso de canales alternativos para el env\u00edo de recursos como pueden ser alg\u00fan amigo ciudadano estadounidense que realice la operaci\u00f3n; transferencias bancarias y los canales informales como el de las empresas fintech.<\/p>\n\n\n\n<p>El problema con las transferencias bancarias es que son m\u00e1s caras que una remesa, refiri\u00f3, y no quedar\u00eda registrado como los env\u00edos de trabajadores inmigrantes a sus familias en M\u00e9xico.<\/p>\n\n\n\n<p><strong>Hasta 30 d\u00f3lares m\u00e1s por un giro de 400<\/strong><\/p>\n\n\n\n<p>De acuerdo con el experto de BBVA, los inmigrantes emisores de remesas podr\u00edan absorber sin problema el gravamen y asegurarse de que su familiar en el pa\u00eds de origen siga recibiendo la misma cantidad de pesos. Una remesa promedio asciende a 400 d\u00f3lares y el costo por env\u00edo es de unos 10 d\u00f3lares, precis\u00f3.<\/p>\n\n\n\n<p>Si el impuesto de 5% pasa el segundo filtro del Congreso, el emisor de una remesa promedio de 400 d\u00f3lares pagar\u00eda 20 d\u00f3lares m\u00e1s por la fiscalizaci\u00f3n y los 10 d\u00f3lares por el env\u00edo.<\/p>\n\n\n\n<p>Es decir, ser\u00edan 30 d\u00f3lares m\u00e1s que seguro absorber\u00e1 el inmigrante en Estados Unidos, observ\u00f3.<\/p>\n\n\n\n<p>\u201cHace 20 a\u00f1os los emisores pagaban 40 d\u00f3lares por las remesas y a\u00fan as\u00ed las enviaban\u201d, record\u00f3.<\/p>\n\n\n\n<p>Informaci\u00f3n del Cemla, que cuenta con un centro especializado en mejorar la informaci\u00f3n sobre remesas como una herramienta determinante para el conocimiento de las instituciones monetarias, evidencia que los trabajadores mexicanos utilizan 16.7% de su ingreso laboral para apoyar a sus familias de origen con las remesas.<\/p>\n\n\n\n<p>Yo estar\u00eda m\u00e1s preocupado por la desaceleraci\u00f3n de Estados Unidos y su efecto en el mercado laboral y en los sectores donde se colocan los inmigrantes mexicanos, porque si contin\u00faa deterior\u00e1ndose, ah\u00ed s\u00ed tendr\u00e1 un impacto mayor en la capacidad de env\u00edos, se\u00f1al\u00f3.<\/p>\n\n\n\n<p><strong>Inmigrantes tambi\u00e9n pagan impuestos<\/strong><\/p>\n\n\n\n<p>El experto del Cemla explic\u00f3 que tal como est\u00e1 el documento, el cobro ser\u00e1 efectivo despu\u00e9s del 31 de diciembre de 2025.<\/p>\n\n\n\n<p>Quedar\u00e1n sujetos al gravamen los env\u00edos de los inmigrantes si son ciudadanos o no ciudadanos, pero los primeros tendr\u00e1n la oportunidad de compensarlo en su declaraci\u00f3n anual.<\/p>\n\n\n\n<p>Cervantes Gonz\u00e1lez precis\u00f3 que los inmigrantes mexicanos, con ciudadan\u00eda; con residencia permanente pero sin ciudadan\u00eda y los indocumentados est\u00e1n fiscalizados.<\/p>\n\n\n\n<p>Pagan Impuesto sobre la Renta ya que hay retenci\u00f3n cuando obtienen sus ingresos laborales, adem\u00e1s pagan impuestos a las ventas de los productos que compran y puede haber algunos impuestos locales, como el Predial, etc.<\/p>\n\n\n\n<p>No obstante, algunas personas en Estados Unidos tienen la percepci\u00f3n de que los inmigrantes, particularmente los indocumentados, no pagan impuestos.<\/p>\n\n\n\n<p><strong>Indocumentados presentan declaraci\u00f3n<\/strong><\/p>\n\n\n\n<p>De hecho, hay miles de indocumentados que presentan su declaraci\u00f3n anual mediante lo que se conoce como el ITIN. Algunos presentan tal declaraci\u00f3n contratando servicios de empresas dedicadas a apoyar en la declaraci\u00f3n de impuestos.<\/p>\n\n\n\n<p>El experto del Cemla observ\u00f3 que no existen referencias entre las econom\u00edas avanzadas sobre la aplicaci\u00f3n de impuestos a las remesas.<\/p>\n\n\n\n<p>El abaratamiento de los costos de los env\u00edos de remesas ha sido un objetivo de la agenda internacional que han buscado los pa\u00edses avanzados, particularmente del Grupo de los 8 (G8), donde se encuentra Estados Unidos, coment\u00f3.<\/p>\n\n\n\n<p>El Banco Mundial tambi\u00e9n ha perseguido por muchos a\u00f1os el abaratamiento de los env\u00edos de remesas y un impuesto a tales transacciones encarecer\u00e1 los env\u00edos, asegur\u00f3.<\/p>\n\n\n\n<figure class=\"wp-block-image is-resized\"><img decoding=\"async\" src=\"https:\/\/imagenes.eleconomista.com.mx\/files\/image_768_768\/uploads\/2025\/05\/15\/68259d7d631dd.jpeg\" alt=\"\" style=\"width:750px;height:auto\"\/><figcaption class=\"wp-element-caption\">Gr\u00e1fico EE<\/figcaption><\/figure>\n\n\n\n<p>Fuente: <a href=\"https:\/\/www.eleconomista.com.mx\/economia\/impuesto-remesas-pasa-primer-filtro-congreso-eu-20250514-759163.html\">https:\/\/www.eleconomista.com.mx\/economia\/impuesto-remesas-pasa-primer-filtro-congreso-eu-20250514-759163.html<\/a><\/p>\n","protected":false},"excerpt":{"rendered":"<p>Los trabajadores migrantes de bajos recursos tienden a ser muy sensibles a los costos de las remesas; a expertos preocupa [&hellip;]<\/p>\n","protected":false},"author":1,"featured_media":99493,"comment_status":"open","ping_status":"open","sticky":false,"template":"","format":"standard","meta":{"site-sidebar-layout":"default","site-content-layout":"","ast-site-content-layout":"default","site-content-style":"default","site-sidebar-style":"default","ast-global-header-display":"","ast-banner-title-visibility":"","ast-main-header-display":"","ast-hfb-above-header-display":"","ast-hfb-below-header-display":"","ast-hfb-mobile-header-display":"","site-post-title":"","ast-breadcrumbs-content":"","ast-featured-img":"","footer-sml-layout":"","theme-transparent-header-meta":"","adv-header-id-meta":"","stick-header-meta":"","header-above-stick-meta":"","header-main-stick-meta":"","header-below-stick-meta":"","astra-migrate-meta-layouts":"default","ast-page-background-enabled":"default","ast-page-background-meta":{"desktop":{"background-color":"var(--ast-global-color-4)","background-image":"","background-repeat":"repeat","background-position":"center center","background-size":"auto","background-attachment":"scroll","background-type":"","background-media":"","overlay-type":"","overlay-color":"","overlay-opacity":"","overlay-gradient":""},"tablet":{"background-color":"","background-image":"","background-repeat":"repeat","background-position":"center center","background-size":"auto","background-attachment":"scroll","background-type":"","background-media":"","overlay-type":"","overlay-color":"","overlay-opacity":"","overlay-gradient":""},"mobile":{"background-color":"","background-image":"","background-repeat":"repeat","background-position":"center center","background-size":"auto","background-attachment":"scroll","background-type":"","background-media":"","overlay-type":"","overlay-color":"","overlay-opacity":"","overlay-gradient":""}},"ast-content-background-meta":{"desktop":{"background-color":"var(--ast-global-color-5)","background-image":"","background-repeat":"repeat","background-position":"center center","background-size":"auto","background-attachment":"scroll","background-type":"","background-media":"","overlay-type":"","overlay-color":"","overlay-opacity":"","overlay-gradient":""},"tablet":{"background-color":"var(--ast-global-color-5)","background-image":"","background-repeat":"repeat","background-position":"center center","background-size":"auto","background-attachment":"scroll","background-type":"","background-media":"","overlay-type":"","overlay-color":"","overlay-opacity":"","overlay-gradient":""},"mobile":{"background-color":"var(--ast-global-color-5)","background-image":"","background-repeat":"repeat","background-position":"center center","background-size":"auto","background-attachment":"scroll","background-type":"","background-media":"","overlay-type":"","overlay-color":"","overlay-opacity":"","overlay-gradient":""}},"footnotes":""},"categories":[8],"tags":[38408,32022],"class_list":["post-99492","post","type-post","status-publish","format-standard","has-post-thumbnail","hentry","category-noticias","tag-impuesto-ee-uu-a-remesas","tag-remesas-a-mexico"],"_links":{"self":[{"href":"https:\/\/losperiodistas.com.mx\/portal\/wp-json\/wp\/v2\/posts\/99492","targetHints":{"allow":["GET"]}}],"collection":[{"href":"https:\/\/losperiodistas.com.mx\/portal\/wp-json\/wp\/v2\/posts"}],"about":[{"href":"https:\/\/losperiodistas.com.mx\/portal\/wp-json\/wp\/v2\/types\/post"}],"author":[{"embeddable":true,"href":"https:\/\/losperiodistas.com.mx\/portal\/wp-json\/wp\/v2\/users\/1"}],"replies":[{"embeddable":true,"href":"https:\/\/losperiodistas.com.mx\/portal\/wp-json\/wp\/v2\/comments?post=99492"}],"version-history":[{"count":1,"href":"https:\/\/losperiodistas.com.mx\/portal\/wp-json\/wp\/v2\/posts\/99492\/revisions"}],"predecessor-version":[{"id":99494,"href":"https:\/\/losperiodistas.com.mx\/portal\/wp-json\/wp\/v2\/posts\/99492\/revisions\/99494"}],"wp:featuredmedia":[{"embeddable":true,"href":"https:\/\/losperiodistas.com.mx\/portal\/wp-json\/wp\/v2\/media\/99493"}],"wp:attachment":[{"href":"https:\/\/losperiodistas.com.mx\/portal\/wp-json\/wp\/v2\/media?parent=99492"}],"wp:term":[{"taxonomy":"category","embeddable":true,"href":"https:\/\/losperiodistas.com.mx\/portal\/wp-json\/wp\/v2\/categories?post=99492"},{"taxonomy":"post_tag","embeddable":true,"href":"https:\/\/losperiodistas.com.mx\/portal\/wp-json\/wp\/v2\/tags?post=99492"}],"curies":[{"name":"wp","href":"https:\/\/api.w.org\/{rel}","templated":true}]}}