{"id":99489,"date":"2025-05-15T05:10:50","date_gmt":"2025-05-15T11:10:50","guid":{"rendered":"https:\/\/losperiodistas.com.mx\/portal\/?p=99489"},"modified":"2025-05-15T05:10:51","modified_gmt":"2025-05-15T11:10:51","slug":"oreja-a-la-entrega-de-fonseca-el-pais","status":"publish","type":"post","link":"https:\/\/losperiodistas.com.mx\/portal\/oreja-a-la-entrega-de-fonseca-el-pais\/","title":{"rendered":"Oreja a la entrega de Fonseca | El Pa\u00eds"},"content":{"rendered":"\n<h2 class=\"wp-block-heading has-pale-cyan-blue-background-color has-background\">El torero mexicano no desenton\u00f3 frente a un toro de vuelta al ruedo en una tarde de tormenta, muy baja temperatura y una desigual corrida de Pedraza de Yeltes<\/h2>\n\n\n\n<figure class=\"wp-block-image size-large\"><img fetchpriority=\"high\" decoding=\"async\" width=\"1024\" height=\"683\" src=\"https:\/\/losperiodistas.com.mx\/portal\/wp-content\/uploads\/2025\/05\/NADUMBVEQNEA3PJOBVUJHT4AEI-1024x683.jpeg\" alt=\"\" class=\"wp-image-99490\" srcset=\"https:\/\/losperiodistas.com.mx\/portal\/wp-content\/uploads\/2025\/05\/NADUMBVEQNEA3PJOBVUJHT4AEI-1024x683.jpeg 1024w, https:\/\/losperiodistas.com.mx\/portal\/wp-content\/uploads\/2025\/05\/NADUMBVEQNEA3PJOBVUJHT4AEI-300x200.jpeg 300w, https:\/\/losperiodistas.com.mx\/portal\/wp-content\/uploads\/2025\/05\/NADUMBVEQNEA3PJOBVUJHT4AEI-768x512.jpeg 768w, https:\/\/losperiodistas.com.mx\/portal\/wp-content\/uploads\/2025\/05\/NADUMBVEQNEA3PJOBVUJHT4AEI.jpeg 1200w\" sizes=\"(max-width: 1024px) 100vw, 1024px\" \/><figcaption class=\"wp-element-caption\">Isaac Fonseca, en un muletazo de rodillas ante el sexto de la tarde. Juanjo Mart\u00edn Efe<\/figcaption><\/figure>\n\n\n\n<p class=\"has-vivid-red-color has-text-color has-link-color has-medium-font-size wp-elements-171237ef05938a0762fae0033f9978ef\"><strong><a href=\"https:\/\/elpais.com\/autor\/antonio-lorca\/#?rel=author_top\">Antonio Lorca<\/a> \/ El Pa\u00eds<\/strong><\/p>\n\n\n\n<p>Madrid <\/p>\n\n\n\n<p><\/p>\n\n\n\n<p>El nivel de la moderna fiesta de los toros est\u00e1 tan bajo, que ya nadie deber\u00eda sorprenderse de que en la plaza de Las Ventas, en plena&nbsp;<a href=\"https:\/\/elpais.com\/noticias\/feria-san-isidro\/\">Feria de San Isidro,<\/a>&nbsp;se le conceda la vuelta al ruedo a un toro sin m\u00e9ritos para ello, o que Rom\u00e1n y Colombo pasearan el anillo sin motivo para tal galard\u00f3n. Pero es lo que hay, as\u00ed es el p\u00fablico que acude a divertirse y justifica el precio de la entrada con un triunfo tan inesperado como inmerecido.<\/p>\n\n\n\n<p>El sexto toro fue tan anodino como los dem\u00e1s en el primer puyazo, se dej\u00f3 sin m\u00e1s en el segundo y acudi\u00f3 de largo en el tercero, de menos a m\u00e1s, lo que demostr\u00f3 que era un toro bravo; galop\u00f3 en banderillas y permiti\u00f3 el lucimiento de Ra\u00fal Ruiz con el capote, y Juan Carlos Rey y Jes\u00fas Robledo Tito con los garapullos. Pero en la muleta fue un toro noblote, sin fortaleza ni codicia, que permiti\u00f3 que su matador,&nbsp;<a href=\"https:\/\/elpais.com\/cultura\/2022-04-22\/isaac-fonseca-ilusionado-novillero-mexicano-un-emigrante-triunfador-en-espana.html\">Isaac Fonseca<\/a>, se empleara a fondo, se quitara de encima el mal sabor de boca que hab\u00eda dejado en su primero, y trazara varias tandas de muletazos con la mano derecha presididos por la entrega y la ligaz\u00f3n. Hab\u00eda comenzado de rodillas con cinco largos derechazos y uno de pecho, y acab\u00f3 con ayudados por bajo y una garbosa trincherilla antes de pinchar atropelladamente y recibir un fuerte golpe en la frente. La estocada siguiente, en un alarde de meritorio pundonor, fue motivo para que paseara una oreja de su oponente. No hab\u00eda motivo m\u00e1s que para una fuerte ovaci\u00f3n al toro en el arrastre, pero las circunstancias han cambiado y se le dio la vuelta.<\/p>\n\n\n\n<p>As\u00ed termin\u00f3 la corrida, que hab\u00eda comenzado con la lidia de un manso encastado, distra\u00eddo y reserv\u00f3n en los dos primeros tercios, que lleg\u00f3 a la muleta sin muchas ganas de colaborar. Pero fue el pundonor de Rom\u00e1n el que le oblig\u00f3 a despertar y mostrar la casta que encerraba. Hubo naturales largos en dos tandas ligadas, cuatro derechazos apasionados y unos ayudados ligados finales que hac\u00edan presagiar que el torero valenciano recibir\u00eda su recompensa. No fue as\u00ed porque a pesar de su actuaci\u00f3n animosa y vibrante, Rom\u00e1n mulete\u00f3 siempre muy despegado y mat\u00f3 mal.<\/p>\n\n\n\n<p>Cuando Colombo tom\u00f3 el enga\u00f1o para iniciar la faena de muleta al segundo de la tarde, faltaban cinco minutos para las ocho, casi una hora de festejo. Se hizo presente un rel\u00e1mpago, y un trueno fue la antesala de lo que se ven\u00eda presintiendo desde el pase\u00edllo, que habr\u00eda lluvia, que la hubo, y mucho fr\u00edo, de invierno total. Y todo ello suced\u00eda mientras el torero venezolano pod\u00eda banderillas a toro pasado y muleteaba sin fondo alguno a un animal tan noble como apocado.<\/p>\n\n\n\n<p>Tampoco ocurri\u00f3 nada destacable en el tercero, de comportamiento incierto, y con el que Fonseca se mostr\u00f3 desconfiado y pocas ideas. El cuarto, segundo de Rom\u00e1n, no era m\u00e1s que una masa de carne, con el que torero dio un mitin en la suerte suprema, y tampoco Colombo dijo nada en el quinto, con un esbozo de toreo peligrosamente insustancial.<\/p>\n\n\n\n<p>Mucho fr\u00edo, una tarde desabrida, paraguas, impermeables y destemplanzas que ma\u00f1ana dar\u00e1n la cara. Al menos, hubo entrega en el primero y una oreja en el \u00faltimo, pero el nivel de esta plaza anda por los suelos, como el de todas las de este pa\u00eds.<\/p>\n\n\n\n<h3 class=\"wp-block-heading\">Pedraza\/Rom\u00e1n, Colombo, Fonseca<\/h3>\n\n\n\n<p>Toros de&nbsp;<strong>Pedraza de Yeltes<\/strong>, bien presentados, astifinos, mansos y descastados; bravo en el caballo y noble sin casta el sexto, al que se le dio la vuelta al ruedo; el primero, reserv\u00f3n y repetidor en la muleta.&nbsp;<\/p>\n\n\n\n<p><strong>Rom\u00e1n<\/strong>: pinchazo, estocada _aviso_ y dos descabellos (vuelta al ruedo); cuatro pinchazos _aviso_ media baja y atravesada y 7 descabellos (silencio).<\/p>\n\n\n\n<p><strong>J. E. Colombo<\/strong>: estocada _aviso_ (petici\u00f3n y vuelta); estocada desprendida (silencio).<\/p>\n\n\n\n<p><strong>Isaac Fonseca<\/strong>: estocada baja y atravesada (silencio); pinchazo _aviso_ y estocada (oreja).<\/p>\n\n\n\n<p><strong>Plaza de Las Ventas<\/strong>. 14 de mayo. Quinta corrida &nbsp;de la Feria de San Isidro. Tres cuartos de entrada (17.782 espectadores, seg\u00fan la empresa).&nbsp;<\/p>\n\n\n\n<h2 class=\"wp-block-heading\"><\/h2>\n\n\n\n<p><a href=\"https:\/\/elpais.com\/suscripciones\/premium\/upgrade\/?utm_source=autopromo&amp;utm_medium=interno&amp;utm_campaign=YYYY_MM_capping_upgrade\"><\/a><a href=\"https:\/\/elpais.com\/cultura\/2025-05-14\/oreja-a-la-entrega-de-fonseca.html#\"><\/a><\/p>\n\n\n\n<p>Fuente: <a href=\"https:\/\/elpais.com\/cultura\/2025-05-14\/oreja-a-la-entrega-de-fonseca.html\">https:\/\/elpais.com\/cultura\/2025-05-14\/oreja-a-la-entrega-de-fonseca.html<\/a><a href=\"https:\/\/elpais.com\/cultura\/2025-05-14\/oreja-a-la-entrega-de-fonseca.html#\"><\/a><\/p>\n","protected":false},"excerpt":{"rendered":"<p>El torero mexicano no desenton\u00f3 frente a un toro de vuelta al ruedo en una tarde de tormenta, muy baja [&hellip;]<\/p>\n","protected":false},"author":1,"featured_media":99490,"comment_status":"open","ping_status":"open","sticky":false,"template":"","format":"standard","meta":{"site-sidebar-layout":"default","site-content-layout":"","ast-site-content-layout":"default","site-content-style":"default","site-sidebar-style":"default","ast-global-header-display":"","ast-banner-title-visibility":"","ast-main-header-display":"","ast-hfb-above-header-display":"","ast-hfb-below-header-display":"","ast-hfb-mobile-header-display":"","site-post-title":"","ast-breadcrumbs-content":"","ast-featured-img":"","footer-sml-layout":"","theme-transparent-header-meta":"","adv-header-id-meta":"","stick-header-meta":"","header-above-stick-meta":"","header-main-stick-meta":"","header-below-stick-meta":"","astra-migrate-meta-layouts":"default","ast-page-background-enabled":"default","ast-page-background-meta":{"desktop":{"background-color":"var(--ast-global-color-4)","background-image":"","background-repeat":"repeat","background-position":"center center","background-size":"auto","background-attachment":"scroll","background-type":"","background-media":"","overlay-type":"","overlay-color":"","overlay-opacity":"","overlay-gradient":""},"tablet":{"background-color":"","background-image":"","background-repeat":"repeat","background-position":"center center","background-size":"auto","background-attachment":"scroll","background-type":"","background-media":"","overlay-type":"","overlay-color":"","overlay-opacity":"","overlay-gradient":""},"mobile":{"background-color":"","background-image":"","background-repeat":"repeat","background-position":"center center","background-size":"auto","background-attachment":"scroll","background-type":"","background-media":"","overlay-type":"","overlay-color":"","overlay-opacity":"","overlay-gradient":""}},"ast-content-background-meta":{"desktop":{"background-color":"var(--ast-global-color-5)","background-image":"","background-repeat":"repeat","background-position":"center center","background-size":"auto","background-attachment":"scroll","background-type":"","background-media":"","overlay-type":"","overlay-color":"","overlay-opacity":"","overlay-gradient":""},"tablet":{"background-color":"var(--ast-global-color-5)","background-image":"","background-repeat":"repeat","background-position":"center center","background-size":"auto","background-attachment":"scroll","background-type":"","background-media":"","overlay-type":"","overlay-color":"","overlay-opacity":"","overlay-gradient":""},"mobile":{"background-color":"var(--ast-global-color-5)","background-image":"","background-repeat":"repeat","background-position":"center center","background-size":"auto","background-attachment":"scroll","background-type":"","background-media":"","overlay-type":"","overlay-color":"","overlay-opacity":"","overlay-gradient":""}},"footnotes":""},"categories":[8],"tags":[9672,9674,35657,38406,38407],"class_list":["post-99489","post","type-post","status-publish","format-standard","has-post-thumbnail","hentry","category-noticias","tag-isaac-fonseca","tag-las-ventas","tag-san-isidro-2025","tag-torero-mexicano-fonseca","tag-toros-de-pedraza-de-yeltes"],"_links":{"self":[{"href":"https:\/\/losperiodistas.com.mx\/portal\/wp-json\/wp\/v2\/posts\/99489","targetHints":{"allow":["GET"]}}],"collection":[{"href":"https:\/\/losperiodistas.com.mx\/portal\/wp-json\/wp\/v2\/posts"}],"about":[{"href":"https:\/\/losperiodistas.com.mx\/portal\/wp-json\/wp\/v2\/types\/post"}],"author":[{"embeddable":true,"href":"https:\/\/losperiodistas.com.mx\/portal\/wp-json\/wp\/v2\/users\/1"}],"replies":[{"embeddable":true,"href":"https:\/\/losperiodistas.com.mx\/portal\/wp-json\/wp\/v2\/comments?post=99489"}],"version-history":[{"count":1,"href":"https:\/\/losperiodistas.com.mx\/portal\/wp-json\/wp\/v2\/posts\/99489\/revisions"}],"predecessor-version":[{"id":99491,"href":"https:\/\/losperiodistas.com.mx\/portal\/wp-json\/wp\/v2\/posts\/99489\/revisions\/99491"}],"wp:featuredmedia":[{"embeddable":true,"href":"https:\/\/losperiodistas.com.mx\/portal\/wp-json\/wp\/v2\/media\/99490"}],"wp:attachment":[{"href":"https:\/\/losperiodistas.com.mx\/portal\/wp-json\/wp\/v2\/media?parent=99489"}],"wp:term":[{"taxonomy":"category","embeddable":true,"href":"https:\/\/losperiodistas.com.mx\/portal\/wp-json\/wp\/v2\/categories?post=99489"},{"taxonomy":"post_tag","embeddable":true,"href":"https:\/\/losperiodistas.com.mx\/portal\/wp-json\/wp\/v2\/tags?post=99489"}],"curies":[{"name":"wp","href":"https:\/\/api.w.org\/{rel}","templated":true}]}}