{"id":99462,"date":"2025-05-14T10:16:40","date_gmt":"2025-05-14T16:16:40","guid":{"rendered":"https:\/\/losperiodistas.com.mx\/portal\/?p=99462"},"modified":"2025-05-14T10:16:41","modified_gmt":"2025-05-14T16:16:41","slug":"estos-son-los-imponentes-toros-de-pedraza-de-yeltes-para-la-quinta-de-abono-en-madrid-la-razon","status":"publish","type":"post","link":"https:\/\/losperiodistas.com.mx\/portal\/estos-son-los-imponentes-toros-de-pedraza-de-yeltes-para-la-quinta-de-abono-en-madrid-la-razon\/","title":{"rendered":"Estos son los imponentes toros de Pedraza de Yeltes para la quinta de abono en Madrid | La Raz\u00f3n"},"content":{"rendered":"\n<h2 class=\"wp-block-heading has-luminous-vivid-orange-background-color has-background\">Un hierro de respeto para medir a tres j\u00f3venes con proyecci\u00f3n y estilos muy distintos: Rom\u00e1n, Colombo y Fonseca. El festejo ser\u00e1 televisado por Telemadrid<\/h2>\n\n\n\n<figure class=\"wp-block-image size-large\"><img fetchpriority=\"high\" decoding=\"async\" width=\"1024\" height=\"576\" src=\"https:\/\/losperiodistas.com.mx\/portal\/wp-content\/uploads\/2025\/05\/estos-son-imponentes-toros-pedraza-yeltes-quinta-abono-madrid_98-1024x576.webp\" alt=\"\" class=\"wp-image-99463\" srcset=\"https:\/\/losperiodistas.com.mx\/portal\/wp-content\/uploads\/2025\/05\/estos-son-imponentes-toros-pedraza-yeltes-quinta-abono-madrid_98-1024x576.webp 1024w, https:\/\/losperiodistas.com.mx\/portal\/wp-content\/uploads\/2025\/05\/estos-son-imponentes-toros-pedraza-yeltes-quinta-abono-madrid_98-300x169.webp 300w, https:\/\/losperiodistas.com.mx\/portal\/wp-content\/uploads\/2025\/05\/estos-son-imponentes-toros-pedraza-yeltes-quinta-abono-madrid_98-768x432.webp 768w, https:\/\/losperiodistas.com.mx\/portal\/wp-content\/uploads\/2025\/05\/estos-son-imponentes-toros-pedraza-yeltes-quinta-abono-madrid_98-1536x864.webp 1536w, https:\/\/losperiodistas.com.mx\/portal\/wp-content\/uploads\/2025\/05\/estos-son-imponentes-toros-pedraza-yeltes-quinta-abono-madrid_98.webp 1900w\" sizes=\"(max-width: 1024px) 100vw, 1024px\" \/><figcaption class=\"wp-element-caption\"><strong>Estos son los imponentes toros de Pedraza de Yeltes para la quinta de abono en Madrid<\/strong> Alfredo Ar\u00e9valoPlaza 1<\/figcaption><\/figure>\n\n\n\n<p class=\"has-vivid-red-color has-text-color has-link-color has-medium-font-size wp-elements-02e174ed0e1ed87c37790d0c7e77ab4e\"><strong><a href=\"https:\/\/www.larazon.es\/autores\/david-jaramillo\/\">David Jaramillo<\/a> \/ La Raz\u00f3n<\/strong><\/p>\n\n\n\n<p>La seriedad vuelve a la escena. En el Patio de Caballos de Las Ventas ya se escucha el rumor del encierro de&nbsp;<a href=\"https:\/\/www.larazon.es\/tags\/pedraza-de-yeltes\/\" target=\"_blank\" rel=\"noreferrer noopener\">Pedraza de Yeltes<\/a>, una ganader\u00eda que se ha ganado el respeto de Madrid a base de toros imponentes, exigentes y con fondo. Procedencia Domecq con car\u00e1cter salmantino, que exige mando, colocaci\u00f3n y serenidad. Seis toros ya sorteados y enchiquerados esperan en los corrales del coso vente\u00f1o para dictar sentencia esta tarde, en la quinta de abono de San Isidro. Seis toros serios y voluminosos, con un promedio de 622 kilos, pero,&nbsp;<strong>como tantas veces con este hierro, el resultado depender\u00e1 del acierto de quienes sepan encontrar ese punto de nobleza que no siempre se deja ver a la primera.<\/strong><\/p>\n\n\n\n<h2 class=\"wp-block-heading has-ast-global-color-4-background-color has-background\">M\u00e1s Noticias<\/h2>\n\n\n\n<ul class=\"wp-block-list\">\n<li><a href=\"https:\/\/www.larazon.es\/cultura\/toros\/cantabria-refuerza-apoyo-festejos-taurinos-pueblos-riesgo-despoblamiento_202505146824be10f7f20a10d03d8ea9.html\">Motor RuralCantabria refuerza su apoyo a los festejos taurinos en pueblos en riesgo de despoblamiento<\/a><\/li>\n\n\n\n<li><a href=\"https:\/\/www.larazon.es\/cultura\/toros\/plaza-1-recibe-medalla-madrid-labor-frente-ventas_20250514682462a557a5aa2cde234373.html\">MadridPlaza 1 recibe la Medalla de Madrid por su labor al frente de Las Ventas<\/a><\/li>\n\n\n\n<li><a href=\"https:\/\/www.larazon.es\/cultura\/toros\/ventura-rechaza-operarse-faltar-sus-citas-ventas-jerez_202505146824549557a5aa2cde233457.html\">Enfermer\u00edaVentura rechaza operarse para no faltar a sus citas en Las Ventas y Jerez<\/a><\/li>\n<\/ul>\n\n\n\n<p>Ante semejante reto, una terna joven pero curtida, con realidades distintas y un objetivo com\u00fan: abrirse paso en la plaza m\u00e1s rigurosa del mundo.&nbsp;<a href=\"https:\/\/www.larazon.es\/tags\/roman\/\" target=\"_blank\" rel=\"noreferrer noopener\">Rom\u00e1n<\/a>&nbsp;regresa con la moral elevada tras cortar oreja en Sevilla y despu\u00e9s de firmar una gesta en solitario en Valencia. Sabe lo que es cruzar la Puerta Grande madrile\u00f1a y llega adem\u00e1s con un triunfo fresco ante esta misma ganader\u00eda, en Resurrecci\u00f3n.&nbsp;<a href=\"https:\/\/www.larazon.es\/tags\/jesus-enrique-colombo\/\" target=\"_blank\" rel=\"noreferrer noopener\">Jes\u00fas Enrique Colombo<\/a>, torero de raza y solvencia frente a encastes duros, viene con la espina de su anterior actuaci\u00f3n ante Miura, y busca hoy en Pedraza una ocasi\u00f3n para redimirse y consolidar su sitio. Completa el cartel&nbsp;<a href=\"https:\/\/www.larazon.es\/cultura\/toros\/isaac-fonseca-concibo-toreo-aliviado-animal-pone-vida-esto-hay-que-responder-honor_2024061266694f6ffc83ee0001dc0ddc.html\" target=\"_blank\" rel=\"noreferrer noopener\">Isaac Fonseca<\/a>, que regresa a Europa tras su temporada en M\u00e9xico, con el recuerdo a\u00fan fresco de su valiente actuaci\u00f3n el a\u00f1o pasado ante esta ganader\u00eda, donde fue herido pero tambi\u00e9n ovacionado.<strong>&nbsp;Hoy, la historia contin\u00faa.<\/strong><\/p>\n\n\n\n<p>El festejo comenzar\u00e1 a las 19:00 horas y podr\u00e1 seguirse en directo a trav\u00e9s de Telemadrid, dentro del compromiso de la cadena con la emisi\u00f3n \u00edntegra de la Feria de San Isidro 2025. U<strong>na tarde para medir car\u00e1cter, pulso y temple.&nbsp;<\/strong>Porque cuando Pedraza impone su ley, solo los toreros de verdad pueden dar el paso adelante.<\/p>\n\n\n\n<h2 class=\"wp-block-heading\">Estos son los toros y el orden de lidia:<\/h2>\n\n\n\n<figure class=\"wp-block-embed is-type-rich is-provider-twitter wp-block-embed-twitter\"><div class=\"wp-block-embed__wrapper\">\n<blockquote class=\"twitter-tweet\" data-width=\"500\" data-dnt=\"true\"><p lang=\"es\" dir=\"ltr\">[\ud83d\udccb\ud835\udde2\ud835\udde5\ud835\uddd7\ud835\uddd8\ud835\udde1 \ud835\uddd7\ud835\uddd8 \ud835\udddf\ud835\udddc\ud835\uddd7\ud835\udddc\ud835\uddd4] \u2018Bello\u2019, de Pedraza de Yeltes, abre la quinta cita de abono hoy en <a href=\"https:\/\/x.com\/hashtag\/LasVentas?src=hash&amp;ref_src=twsrc%5Etfw\">#LasVentas<\/a>. Rom\u00e1n, Colombo y Fonseca, los lidiar\u00e1n a las 19:00h.  <br><br>\ud83c\udf9f\ufe0f<a href=\"https:\/\/t.co\/K1MBRZgCIH\">https:\/\/t.co\/K1MBRZgCIH<\/a> <a href=\"https:\/\/x.com\/hashtag\/SanIsidro2025?src=hash&amp;ref_src=twsrc%5Etfw\">#SanIsidro2025<\/a> <a href=\"https:\/\/t.co\/ZNSmcMzagp\">pic.twitter.com\/ZNSmcMzagp<\/a><\/p>&mdash; Plaza de Las Ventas (@LasVentas) <a href=\"https:\/\/x.com\/LasVentas\/status\/1922594497378054378?ref_src=twsrc%5Etfw\">May 14, 2025<\/a><\/blockquote><script async src=\"https:\/\/platform.x.com\/widgets.js\" charset=\"utf-8\"><\/script>\n<\/div><\/figure>\n\n\n\n<p>El primero de la tarde es \u00abBello I\u00bb, n\u00ba 61, para&nbsp;<strong>Rom\u00e1n.<\/strong><\/p>\n\n\n\n<figure class=\"wp-block-image\"><img decoding=\"async\" width=\"1000\" height=\"567\" src=\"https:\/\/losperiodistas.com.mx\/portal\/wp-content\/uploads\/2025\/05\/bello-61_58.webp\" alt=\"&quot;Bello I&quot;, n\u00ba 61\" class=\"wp-image-99469\" srcset=\"https:\/\/losperiodistas.com.mx\/portal\/wp-content\/uploads\/2025\/05\/bello-61_58.webp 1000w, https:\/\/losperiodistas.com.mx\/portal\/wp-content\/uploads\/2025\/05\/bello-61_58-300x170.webp 300w, https:\/\/losperiodistas.com.mx\/portal\/wp-content\/uploads\/2025\/05\/bello-61_58-768x435.webp 768w\" sizes=\"(max-width: 1000px) 100vw, 1000px\" \/><figcaption class=\"wp-element-caption\"><strong>\u00abBello I\u00bb, n\u00ba 61<\/strong>Alfredo Ar\u00e9valoPlaza 1<\/figcaption><\/figure>\n\n\n\n<p><strong>Jes\u00fas Enrique Colombo&nbsp;<\/strong>lidiar\u00e1 al segundo, \u00abHolandero I\u00bb, n\u00ba 26.<\/p>\n\n\n\n<figure class=\"wp-block-image\"><img decoding=\"async\" width=\"1000\" height=\"567\" src=\"https:\/\/losperiodistas.com.mx\/portal\/wp-content\/uploads\/2025\/05\/holandero-26_58.webp\" alt=\"&quot;Holandero I&quot;, n\u00ba 26\" class=\"wp-image-99466\" srcset=\"https:\/\/losperiodistas.com.mx\/portal\/wp-content\/uploads\/2025\/05\/holandero-26_58.webp 1000w, https:\/\/losperiodistas.com.mx\/portal\/wp-content\/uploads\/2025\/05\/holandero-26_58-300x170.webp 300w, https:\/\/losperiodistas.com.mx\/portal\/wp-content\/uploads\/2025\/05\/holandero-26_58-768x435.webp 768w\" sizes=\"(max-width: 1000px) 100vw, 1000px\" \/><figcaption class=\"wp-element-caption\"><strong>\u00abHolandero I\u00bb, n\u00ba 26<\/strong>Alfredo Ar\u00e9valoPlaza 1<\/figcaption><\/figure>\n\n\n\n<p>El tercero ser\u00e1 \u00abBurrecato\u00bb, n\u00ba 41, para&nbsp;<strong>Isaac Fonseca.<\/strong><\/p>\n\n\n\n<figure class=\"wp-block-image\"><img loading=\"lazy\" decoding=\"async\" width=\"1000\" height=\"567\" src=\"https:\/\/losperiodistas.com.mx\/portal\/wp-content\/uploads\/2025\/05\/burrecato-41_58.webp\" alt=\"&quot;Burrecato&quot;, n\u00ba 41\" class=\"wp-image-99465\" srcset=\"https:\/\/losperiodistas.com.mx\/portal\/wp-content\/uploads\/2025\/05\/burrecato-41_58.webp 1000w, https:\/\/losperiodistas.com.mx\/portal\/wp-content\/uploads\/2025\/05\/burrecato-41_58-300x170.webp 300w, https:\/\/losperiodistas.com.mx\/portal\/wp-content\/uploads\/2025\/05\/burrecato-41_58-768x435.webp 768w\" sizes=\"(max-width: 1000px) 100vw, 1000px\" \/><figcaption class=\"wp-element-caption\"><strong>\u00abBurrecato\u00bb, n\u00ba 41<\/strong>Alfredo Ar\u00e9valoPlaza 1<\/figcaption><\/figure>\n\n\n\n<p>En cuarto lugar saldr\u00e1 \u00abBello II\u00bb, 67, para&nbsp;<strong>Rom\u00e1n.<\/strong><\/p>\n\n\n\n<figure class=\"wp-block-image\"><img loading=\"lazy\" decoding=\"async\" width=\"1000\" height=\"567\" src=\"https:\/\/losperiodistas.com.mx\/portal\/wp-content\/uploads\/2025\/05\/bello-67_58.webp\" alt=\"&quot;Bello II&quot;, 67\" class=\"wp-image-99468\" srcset=\"https:\/\/losperiodistas.com.mx\/portal\/wp-content\/uploads\/2025\/05\/bello-67_58.webp 1000w, https:\/\/losperiodistas.com.mx\/portal\/wp-content\/uploads\/2025\/05\/bello-67_58-300x170.webp 300w, https:\/\/losperiodistas.com.mx\/portal\/wp-content\/uploads\/2025\/05\/bello-67_58-768x435.webp 768w\" sizes=\"(max-width: 1000px) 100vw, 1000px\" \/><figcaption class=\"wp-element-caption\"><strong>\u00abBello II\u00bb, 67<\/strong>Alfredo Ar\u00e9valoPlaza 1<\/figcaption><\/figure>\n\n\n\n<p><strong>Jes\u00fas Enrique Colombo&nbsp;<\/strong>actuar\u00e1 en quinto turno con \u00abHolandero II\u00bb, n\u00ba 66.<\/p>\n\n\n\n<figure class=\"wp-block-image\"><img loading=\"lazy\" decoding=\"async\" width=\"1000\" height=\"567\" src=\"https:\/\/losperiodistas.com.mx\/portal\/wp-content\/uploads\/2025\/05\/holandero-66_58.webp\" alt=\"&quot;Holandero II&quot;, n\u00ba 66.\" class=\"wp-image-99467\" srcset=\"https:\/\/losperiodistas.com.mx\/portal\/wp-content\/uploads\/2025\/05\/holandero-66_58.webp 1000w, https:\/\/losperiodistas.com.mx\/portal\/wp-content\/uploads\/2025\/05\/holandero-66_58-300x170.webp 300w, https:\/\/losperiodistas.com.mx\/portal\/wp-content\/uploads\/2025\/05\/holandero-66_58-768x435.webp 768w\" sizes=\"(max-width: 1000px) 100vw, 1000px\" \/><figcaption class=\"wp-element-caption\"><strong>\u00abHolandero II\u00bb, n\u00ba 66.<\/strong>Alfredo Ar\u00e9valoPlaza 1<\/figcaption><\/figure>\n\n\n\n<p>E&nbsp;<strong>Isaac Fonseca&nbsp;<\/strong>cerrar\u00e1 la tarde con \u00abBrigadier\u00bb, n\u00ba 2.<\/p>\n\n\n\n<figure class=\"wp-block-image\"><img loading=\"lazy\" decoding=\"async\" width=\"1000\" height=\"567\" src=\"https:\/\/losperiodistas.com.mx\/portal\/wp-content\/uploads\/2025\/05\/brigadier-2_58.webp\" alt=\"&quot;Brigadier&quot;, n\u00ba 2\" class=\"wp-image-99464\" srcset=\"https:\/\/losperiodistas.com.mx\/portal\/wp-content\/uploads\/2025\/05\/brigadier-2_58.webp 1000w, https:\/\/losperiodistas.com.mx\/portal\/wp-content\/uploads\/2025\/05\/brigadier-2_58-300x170.webp 300w, https:\/\/losperiodistas.com.mx\/portal\/wp-content\/uploads\/2025\/05\/brigadier-2_58-768x435.webp 768w\" sizes=\"(max-width: 1000px) 100vw, 1000px\" \/><figcaption class=\"wp-element-caption\"><strong>\u00abBrigadier\u00bb, n\u00ba 2<\/strong>Alfredo Ar\u00e9valoPlaza 1<\/figcaption><\/figure>\n\n\n\n<p>El primer sobrero, \u00abAnfibito\u00bb, n\u00ba 21, portar\u00e1 el hierro titular, mientras que el segundo, \u00abDescuidero\u00bb, n\u00ba 24, pertenece la divisa salmantina de&nbsp;<strong>Castillejo de Huebra.<\/strong><\/p>\n\n\n\n<p>Fuente: <a href=\"https:\/\/www.larazon.es\/cultura\/toros\/estos-son-imponentes-toros-pedraza-yeltes-quinta-abono-madrid_20250514682477d2f7f20a10d03d2f9c.html\">https:\/\/www.larazon.es\/cultura\/toros\/estos-son-imponentes-toros-pedraza-yeltes-quinta-abono-madrid_20250514682477d2f7f20a10d03d2f9c.html<\/a><\/p>\n","protected":false},"excerpt":{"rendered":"<p>Un hierro de respeto para medir a tres j\u00f3venes con proyecci\u00f3n y estilos muy distintos: Rom\u00e1n, Colombo y Fonseca. El [&hellip;]<\/p>\n","protected":false},"author":1,"featured_media":99463,"comment_status":"open","ping_status":"open","sticky":false,"template":"","format":"standard","meta":{"site-sidebar-layout":"default","site-content-layout":"","ast-site-content-layout":"default","site-content-style":"default","site-sidebar-style":"default","ast-global-header-display":"","ast-banner-title-visibility":"","ast-main-header-display":"","ast-hfb-above-header-display":"","ast-hfb-below-header-display":"","ast-hfb-mobile-header-display":"","site-post-title":"","ast-breadcrumbs-content":"","ast-featured-img":"","footer-sml-layout":"","theme-transparent-header-meta":"","adv-header-id-meta":"","stick-header-meta":"","header-above-stick-meta":"","header-main-stick-meta":"","header-below-stick-meta":"","astra-migrate-meta-layouts":"default","ast-page-background-enabled":"default","ast-page-background-meta":{"desktop":{"background-color":"var(--ast-global-color-4)","background-image":"","background-repeat":"repeat","background-position":"center center","background-size":"auto","background-attachment":"scroll","background-type":"","background-media":"","overlay-type":"","overlay-color":"","overlay-opacity":"","overlay-gradient":""},"tablet":{"background-color":"","background-image":"","background-repeat":"repeat","background-position":"center center","background-size":"auto","background-attachment":"scroll","background-type":"","background-media":"","overlay-type":"","overlay-color":"","overlay-opacity":"","overlay-gradient":""},"mobile":{"background-color":"","background-image":"","background-repeat":"repeat","background-position":"center center","background-size":"auto","background-attachment":"scroll","background-type":"","background-media":"","overlay-type":"","overlay-color":"","overlay-opacity":"","overlay-gradient":""}},"ast-content-background-meta":{"desktop":{"background-color":"var(--ast-global-color-5)","background-image":"","background-repeat":"repeat","background-position":"center center","background-size":"auto","background-attachment":"scroll","background-type":"","background-media":"","overlay-type":"","overlay-color":"","overlay-opacity":"","overlay-gradient":""},"tablet":{"background-color":"var(--ast-global-color-5)","background-image":"","background-repeat":"repeat","background-position":"center center","background-size":"auto","background-attachment":"scroll","background-type":"","background-media":"","overlay-type":"","overlay-color":"","overlay-opacity":"","overlay-gradient":""},"mobile":{"background-color":"var(--ast-global-color-5)","background-image":"","background-repeat":"repeat","background-position":"center center","background-size":"auto","background-attachment":"scroll","background-type":"","background-media":"","overlay-type":"","overlay-color":"","overlay-opacity":"","overlay-gradient":""}},"footnotes":""},"categories":[8],"tags":[35561,9672,38394,9674,38393],"class_list":["post-99462","post","type-post","status-publish","format-standard","has-post-thumbnail","hentry","category-noticias","tag-feria-de-san-isidro","tag-isaac-fonseca","tag-jesus-enrique-colombo","tag-las-ventas","tag-pedraza-de-yeltes"],"_links":{"self":[{"href":"https:\/\/losperiodistas.com.mx\/portal\/wp-json\/wp\/v2\/posts\/99462","targetHints":{"allow":["GET"]}}],"collection":[{"href":"https:\/\/losperiodistas.com.mx\/portal\/wp-json\/wp\/v2\/posts"}],"about":[{"href":"https:\/\/losperiodistas.com.mx\/portal\/wp-json\/wp\/v2\/types\/post"}],"author":[{"embeddable":true,"href":"https:\/\/losperiodistas.com.mx\/portal\/wp-json\/wp\/v2\/users\/1"}],"replies":[{"embeddable":true,"href":"https:\/\/losperiodistas.com.mx\/portal\/wp-json\/wp\/v2\/comments?post=99462"}],"version-history":[{"count":1,"href":"https:\/\/losperiodistas.com.mx\/portal\/wp-json\/wp\/v2\/posts\/99462\/revisions"}],"predecessor-version":[{"id":99470,"href":"https:\/\/losperiodistas.com.mx\/portal\/wp-json\/wp\/v2\/posts\/99462\/revisions\/99470"}],"wp:featuredmedia":[{"embeddable":true,"href":"https:\/\/losperiodistas.com.mx\/portal\/wp-json\/wp\/v2\/media\/99463"}],"wp:attachment":[{"href":"https:\/\/losperiodistas.com.mx\/portal\/wp-json\/wp\/v2\/media?parent=99462"}],"wp:term":[{"taxonomy":"category","embeddable":true,"href":"https:\/\/losperiodistas.com.mx\/portal\/wp-json\/wp\/v2\/categories?post=99462"},{"taxonomy":"post_tag","embeddable":true,"href":"https:\/\/losperiodistas.com.mx\/portal\/wp-json\/wp\/v2\/tags?post=99462"}],"curies":[{"name":"wp","href":"https:\/\/api.w.org\/{rel}","templated":true}]}}