{"id":99451,"date":"2025-05-14T09:20:10","date_gmt":"2025-05-14T15:20:10","guid":{"rendered":"https:\/\/losperiodistas.com.mx\/portal\/?p=99451"},"modified":"2025-05-14T09:20:12","modified_gmt":"2025-05-14T15:20:12","slug":"ladrillos-de-excremento-hormigon-de-residuos-la-bienal-de-venecia-reconstruye-un-mundo-que-arde-babelia","status":"publish","type":"post","link":"https:\/\/losperiodistas.com.mx\/portal\/ladrillos-de-excremento-hormigon-de-residuos-la-bienal-de-venecia-reconstruye-un-mundo-que-arde-babelia\/","title":{"rendered":"Ladrillos de excremento, hormig\u00f3n de residuos: la Bienal de Venecia reconstruye un mundo que arde | Babelia"},"content":{"rendered":"\n<h2 class=\"wp-block-heading\"> La gran cita de la arquitectura habla m\u00e1s de materiales que de edificios, mezcla alta tecnolog\u00eda con oficios artesanos y busca soluciones urgentes en tiempos de crisis social y medioambiental<\/h2>\n\n\n\n<figure class=\"wp-block-image size-large\"><img fetchpriority=\"high\" decoding=\"async\" width=\"1024\" height=\"683\" src=\"https:\/\/losperiodistas.com.mx\/portal\/wp-content\/uploads\/2025\/05\/D6DWNZMHJNACNAJBH4YVR3X65I-1024x683.jpeg\" alt=\"\" class=\"wp-image-99452\" srcset=\"https:\/\/losperiodistas.com.mx\/portal\/wp-content\/uploads\/2025\/05\/D6DWNZMHJNACNAJBH4YVR3X65I-1024x683.jpeg 1024w, https:\/\/losperiodistas.com.mx\/portal\/wp-content\/uploads\/2025\/05\/D6DWNZMHJNACNAJBH4YVR3X65I-300x200.jpeg 300w, https:\/\/losperiodistas.com.mx\/portal\/wp-content\/uploads\/2025\/05\/D6DWNZMHJNACNAJBH4YVR3X65I-768x512.jpeg 768w, https:\/\/losperiodistas.com.mx\/portal\/wp-content\/uploads\/2025\/05\/D6DWNZMHJNACNAJBH4YVR3X65I.jpeg 1200w\" sizes=\"(max-width: 1024px) 100vw, 1024px\" \/><figcaption class=\"wp-element-caption\">&#8216;Elephant Chapel&#8217;, de Boonserm Premthada, instalaci\u00f3n realizada con ladrillos fabricados con excremento de elefante. Marco Zorzanello (Biennale Venezia)<\/figcaption><\/figure>\n\n\n\n<p class=\"has-vivid-red-color has-text-color has-link-color has-medium-font-size wp-elements-02010cd44f96d75eed1e155273bd2ccc\"><strong><a href=\"https:\/\/elpais.com\/autor\/anatxu-zabalbeascoa\/#?rel=author_top\">Anatxu Zabalbeascoa<\/a> \/ Babelia<\/strong><\/p>\n\n\n\n<p><\/p>\n\n\n\n<p>El comisario de la 19\u00aa edici\u00f3n de la&nbsp;<a href=\"https:\/\/elpais.com\/noticias\/bienal-venecia\/\" target=\"_blank\" rel=\"noreferrer noopener\">Bienal de Venecia<\/a>, el ingeniero y arquitecto Carlo Ratti, ha elegido abrir su diagn\u00f3stico sobre la arquitectura con el trabajo de un artista. Una instalaci\u00f3n de&nbsp;<a href=\"https:\/\/elpais.com\/noticias\/michelangelo-pistoletto\/\" target=\"_blank\" rel=\"noreferrer noopener\">Michelangelo Pistoletto<\/a>&nbsp;recibe a los visitantes incomod\u00e1ndolos. En una sala oscura, se avanza rodeado de tanques de agua. De las cerchas del antiguo Arsenale cuelga un ej\u00e9rcito de ventiladores que expanden la humedad que sofoca al espectador haci\u00e9ndole sentir la crisis clim\u00e1tica que azota el mundo. Si obviamos el gasto energ\u00e9tico que supone mantenerla, la instalaci\u00f3n habla de la voluntad de Ratti, profesor del MIT y del Polit\u00e9cnico di Milano, de buscar entre las inteligencias que \u00e9l distingue, la artificial y la natural, soluciones colectivas para habitar mejor el planeta.<\/p>\n\n\n\n<p>Por primera vez, la bienal habla m\u00e1s de materiales y construcci\u00f3n que de dise\u00f1o. Hay ladrillos fabricados con excrementos de elefante, ideados por el tailand\u00e9s&nbsp;<a href=\"https:\/\/elpais.com\/elpais\/2019\/07\/29\/planeta_futuro\/1564410791_720787.html\" target=\"_blank\" rel=\"noreferrer noopener\">Boonserm Premthada<\/a>, y bloques producidos con los desechos de la laguna veneciana en la instalaci\u00f3n que Patricia Urquiola ha dise\u00f1ado con el f\u00edsico Geoffrey West, el bi\u00f3logo Roberto Kolter y los te\u00f3ricos Beatriz Colomina y Mark Wigley para hablar de comunidades bacterianas. Ese di\u00e1logo entre profesiones est\u00e1 presente en toda la muestra. Define la inteligencia colectiva que defiende Ratti. Las intervenciones oscilan entre instalaciones art\u00edsticas y despliegues de informaciones con propuestas o proyectos ya construidos. El arte anticipa y las informaciones ofrecen la concreci\u00f3n de los hechos.<\/p>\n\n\n\n<figure class=\"wp-block-image size-large\"><img decoding=\"async\" width=\"1024\" height=\"683\" src=\"https:\/\/losperiodistas.com.mx\/portal\/wp-content\/uploads\/2025\/05\/IQXHIS575ZCSNCO2VQM3DC4V6Q-1024x683.avif\" alt=\"\" class=\"wp-image-99454\" srcset=\"https:\/\/losperiodistas.com.mx\/portal\/wp-content\/uploads\/2025\/05\/IQXHIS575ZCSNCO2VQM3DC4V6Q-1024x683.avif 1024w, https:\/\/losperiodistas.com.mx\/portal\/wp-content\/uploads\/2025\/05\/IQXHIS575ZCSNCO2VQM3DC4V6Q-300x200.avif 300w, https:\/\/losperiodistas.com.mx\/portal\/wp-content\/uploads\/2025\/05\/IQXHIS575ZCSNCO2VQM3DC4V6Q-768x512.avif 768w, https:\/\/losperiodistas.com.mx\/portal\/wp-content\/uploads\/2025\/05\/IQXHIS575ZCSNCO2VQM3DC4V6Q-1536x1024.avif 1536w, https:\/\/losperiodistas.com.mx\/portal\/wp-content\/uploads\/2025\/05\/IQXHIS575ZCSNCO2VQM3DC4V6Q.avif 1960w\" sizes=\"(max-width: 1024px) 100vw, 1024px\" \/><figcaption class=\"wp-element-caption\">Vista general de la Bienal de Venecia en el recinto del Arsenale.Andrea Avezz\u00f9 (Biennale Venezia)<\/figcaption><\/figure>\n\n\n\n<p>Sin embargo, como sucede en los laterales del propio Arsenale, tanta informaci\u00f3n puede resultar cacof\u00f3nica, imposible de leer y digerir. Sucede cuando lo expuesto muestra opciones m\u00e1s contrapuestas que complementarias. Entonces no se puede hablar de pluralidad, es m\u00e1s bien de falta de claridad. Ocurre, por ejemplo, al hacer convivir proyectos del estudio ecuatoriano Al Borde \u2014el Centro Amaz\u00f3nico de Agroecolog\u00eda, levantado con fibras vegetales\u2014 con un edificio firmado por Emilio Ambasz en 1994, el Centro de Congresos Acros de Fukuoka que despleg\u00f3 una idea de la ecolog\u00eda \u2014jardines escalonados en la fachada\u2014 hoy fuertemente cuestionada.<\/p>\n\n\n\n<p>As\u00ed, una primera pregunta podr\u00eda ser: si esta edici\u00f3n multiplica por siete el n\u00famero de expositores (hasta 750), \u00bfesa abundancia aporta claridad o confusi\u00f3n? \u00bfCu\u00e1nto tiempo se puede pasar en un pabell\u00f3n en un lugar donde hay cientos? En ese sentido, el silencio habla con elocuencia en los pabellones israel\u00ed, ruso, checo y venezolano, cerrados. Y descuidados. El recinto que ideara&nbsp;<a href=\"https:\/\/elpais.com\/elpais\/2018\/10\/29\/icon_design\/1540810722_045411.html\" target=\"_blank\" rel=\"noreferrer noopener\">Carlo Scarpa<\/a>&nbsp;y que, durante a\u00f1os, acogiera muestras propagand\u00edsticas del r\u00e9gimen de Ch\u00e1vez o de Maduro est\u00e1 vac\u00edo y cubierto de hojas marchitas. En plena primavera.<\/p>\n\n\n\n<blockquote class=\"wp-block-quote is-layout-flow wp-block-quote-is-layout-flow\">\n<p class=\"has-medium-font-size\">El tailand\u00e9s Boonserm Premthada presenta ladrillos fabricados con excremento de elefante, mientras que Alejandro Aravena propone un nuevo hormig\u00f3n descarbonizante hecho con residuos org\u00e1nicos<\/p>\n<\/blockquote>\n\n\n\n<p>Entre quienes han apostado por una \u00fanica intervenci\u00f3n para comunicar una idea con contundencia figuran el pabell\u00f3n de Australia \u2014con un arenal encerrado en bloques de tierra prensada\u2014, el de Uruguay \u2014que explica que en ese pa\u00eds hay m\u00e1s agua que tierra con una instalaci\u00f3n sonora\u2014, o el antiguo de Yugoslavia, que hoy representa a Serbia, donde han invitado a varias personas a tejer una cubierta interior de lana que, terminada la Bienal, regresar\u00e1 a 200 ovillos.<\/p>\n\n\n\n<p>Ratti habla de Venecia convertida en laboratorio durante seis meses. Y es cierto que, entre las propuestas, figuran ideas que, como todo lo transformador, pueden ser vistas en sus inicios como inventos del profesor del&nbsp;<em>TBO<\/em>.&nbsp;<a href=\"https:\/\/elpais.com\/eps\/2023-06-24\/elizabeth-diller-la-austeridad-es-una-excusa-para-evitar-experimentar.html\" target=\"_blank\" rel=\"noreferrer noopener\">Liz Diller y su estudio<\/a>&nbsp;insisten en purificar el agua de la laguna como intervenci\u00f3n arquitect\u00f3nica. La estadounidense ya lo intent\u00f3 en la Bienal de 2008 con productos qu\u00edmicos. Esta vez la apuesta es hacerlo con filtros vegetales y que los visitantes la beban convertida en caf\u00e9. De momento, el caf\u00e9 se hace con agua del grifo. La iniciativa se ha llevado el Le\u00f3n de Oro a la mejor participaci\u00f3n individual (el premio al mejor pabell\u00f3n fue para Bahr\u00e9in, con una propuesta sobre el calor extremo). La intervenci\u00f3n de&nbsp;<a href=\"https:\/\/elpais.com\/noticias\/norman-foster\/\" target=\"_blank\" rel=\"noreferrer noopener\">Norman Foster<\/a>&nbsp;comparte ese mismo esp\u00edritu: patrocinado por Porsche, el arquitecto firma un muelle para bicicletas acu\u00e1ticas. \u00c9l mismo es usuario desde que, hace unos a\u00f1os, compr\u00f3 el primer prototipo fabricado en San Francisco.<\/p>\n\n\n\n<p>\u201cEn la crisis de la vivienda la gente no es el problema, sino la soluci\u00f3n\u201d. Con su particular manera de darle la vuelta a los problemas,&nbsp;<a href=\"https:\/\/elpais.com\/chile\/2023-11-11\/alejandro-aravena-tenemos-que-encontrar-una-narrativa-paralela-a-las-kardashian-del-mundo-sobre-lo-que-es-valioso.html\" target=\"_blank\" rel=\"noreferrer noopener\">Alejandro Aravena<\/a>&nbsp;y su estudio Elemental cuentan con dos intervenciones en la Bienal. De un lado hablan de la vivienda como de un problema pol\u00edtico a partir de lo ocurrido en la reconstrucci\u00f3n de Vi\u00f1a del Mar&nbsp;<a href=\"https:\/\/elpais.com\/chile\/2024-05-29\/el-pago-de-horas-extra-el-movil-tras-el-incendio-que-dejo-137-muertos-en-valparaiso.html\" target=\"_blank\" rel=\"noreferrer noopener\">tras un incendio intencionado en el que perdieron la vida 137 personas<\/a>&nbsp;y ardieron 10.000 casas. \u201cSi no construimos nosotros, dejaremos la reconstrucci\u00f3n en manos de los narcos con lo que esa deuda comporta\u201d, explica. Como es insostenible construir todas las viviendas que el planeta necesita como y con lo que lo hemos hecho hasta ahora, su estudio viene apostando por las viviendas&nbsp;<em>incrementales<\/em>: entregar un m\u00f3dulo b\u00e1sico con lo que la gente no sabe hacer sola (forjados, instalaciones\u2026) para desarrollar casas a partir de la autoconstrucci\u00f3n. En esta ocasi\u00f3n la propuesta de Elemental se apoya en un nuevo hormig\u00f3n, el&nbsp;<em>biochar<\/em>, capaz de descarbonizar la construcci\u00f3n. \u00bfC\u00f3mo lo hace? La empresa Holcim transforma los desechos org\u00e1nicos en un hormig\u00f3n con \u00e1ridos que absorben el carbono.<\/p>\n\n\n\n<figure class=\"wp-block-image size-large\"><img decoding=\"async\" width=\"682\" height=\"1024\" src=\"https:\/\/losperiodistas.com.mx\/portal\/wp-content\/uploads\/2025\/05\/5LUTKGUCINGBFNWAUO2J7BLRDI-682x1024.avif\" alt=\"\" class=\"wp-image-99453\" srcset=\"https:\/\/losperiodistas.com.mx\/portal\/wp-content\/uploads\/2025\/05\/5LUTKGUCINGBFNWAUO2J7BLRDI-682x1024.avif 682w, https:\/\/losperiodistas.com.mx\/portal\/wp-content\/uploads\/2025\/05\/5LUTKGUCINGBFNWAUO2J7BLRDI-200x300.avif 200w, https:\/\/losperiodistas.com.mx\/portal\/wp-content\/uploads\/2025\/05\/5LUTKGUCINGBFNWAUO2J7BLRDI-768x1152.avif 768w, https:\/\/losperiodistas.com.mx\/portal\/wp-content\/uploads\/2025\/05\/5LUTKGUCINGBFNWAUO2J7BLRDI-1024x1536.avif 1024w, https:\/\/losperiodistas.com.mx\/portal\/wp-content\/uploads\/2025\/05\/5LUTKGUCINGBFNWAUO2J7BLRDI-1365x2048.avif 1365w, https:\/\/losperiodistas.com.mx\/portal\/wp-content\/uploads\/2025\/05\/5LUTKGUCINGBFNWAUO2J7BLRDI-scaled.avif 1706w\" sizes=\"(max-width: 682px) 100vw, 682px\" \/><figcaption class=\"wp-element-caption\">Una intervenci\u00f3n en el Pabell\u00f3n de Espa\u00f1a en los Giardini de Venecia, la otra sede de la Bienal de Arquitectura.Luca Capuano (Biennale Venezia)<\/figcaption><\/figure>\n\n\n\n<p>El pabell\u00f3n franc\u00e9s es de los que prefiere informar a impactar. En obras, despliega andamios para mostrar proyectos que saben convivir con lo existente. En esa l\u00ednea, el espa\u00f1ol \u2014que han comisariado&nbsp;<a href=\"https:\/\/www.instagram.com\/p\/DHX3YJ6MltD\/\" target=\"_blank\" rel=\"noreferrer noopener\">Roi Salgueiro y Manuel Bouzas<\/a>, profesores de Cornell y MIT\u2014 es uno de los m\u00e1s trabajados. Ofrece la certeza de 16 proyectos construidos que alteran la manera de utilizar materiales, emplear energ\u00edas o lidiar con los oficios art\u00edsticos. Es, ciertamente, un cat\u00e1logo de buenas pr\u00e1cticas. Y es coherente en su puesta en escena. Su claridad y pulcritud reflejan lo que esos proyectos ofrecen: trabajar con menos, responsabilizarse m\u00e1s, actualizar las tradiciones y mantener un di\u00e1logo con quienes han de habitar los edificios.<\/p>\n\n\n\n<p>En medio de informaciones y reclamos visuales, el pabell\u00f3n brit\u00e1nico, vestido de piezas cer\u00e1micas como un \u00e1rbol de Navidad, habla de mala conciencia. Expone obras africanas en un intento subsanar la colonizaci\u00f3n. En esa l\u00ednea, tambi\u00e9n en el pabell\u00f3n finland\u00e9s hay culpa. Est\u00e1 dedicado a quienes contribuyen a hacer arquitectura sin ser vistos: las personas que la mantienen. Y lo hace desde la historia del pabell\u00f3n, levantado por el estudio de&nbsp;<a href=\"https:\/\/elpais.com\/noticias\/alvar-aalto\/\" target=\"_blank\" rel=\"noreferrer noopener\">Alvar Aalto<\/a>&nbsp;con pino finland\u00e9s que no se adapt\u00f3 a la humedad de la laguna veneciana y tuvo que ser sustituido. Entre tanta culpa, la idea m\u00e1s revolucionaria la protagoniza&nbsp;<a href=\"https:\/\/elpais.com\/cultura\/del-tirador-a-la-ciudad\/2025-05-12\/la-santa-sede-el-mejor-pabellon-de-la-bienal-de-venecia.html\" target=\"_blank\" rel=\"noreferrer noopener\">el Pabell\u00f3n de la Santa Sede<\/a>.&nbsp;<a href=\"https:\/\/elpais.com\/ideas\/2023-09-23\/tatiana-bilbao-la-arquitecta-que-escucha-a-la-ciudad.html\" target=\"_blank\" rel=\"noreferrer noopener\">Tatiana Bilbao<\/a>&nbsp;y Maio Architects se plantean, con la comisaria Marina Otero, qu\u00e9 arquitectura aporta la Bienal a Venecia. La respuesta es cercana a cero.<\/p>\n\n\n\n<p>Por eso, de acuerdo con la idea del Papa Francisco de poner al hombre en el centro de las decisiones, ellas han dedicado el presupuesto a recuperar lo que fuera el primer hospital de Venecia,&nbsp;<a href=\"https:\/\/elpais.com\/cultura\/del-tirador-a-la-ciudad\/2025-05-12\/la-santa-sede-el-mejor-pabellon-de-la-bienal-de-venecia.html\" target=\"_blank\" rel=\"noreferrer noopener\">la capilla de Santa Maria Audiliatrice<\/a>. No es una restauraci\u00f3n, es un rescate. Y no buscan recuperar la iglesia, la convertir\u00e1n en escuela y centro social. La propia obra convertir\u00e1 a yeseros, pintores y restauradores en profesores de unos oficios art\u00edsticos que Venecia no debe perder. As\u00ed, la intervenci\u00f3n arquitect\u00f3nica consistir\u00e1 en unir fuerzas. En escuchar a la gente y en darle la vuelta a un problema para, con una misma decisi\u00f3n, salvar a la vez la iglesia, el futuro de los oficios y la relaci\u00f3n de la Bienal de Arquitectura con Venecia. Un emocionante espect\u00e1culo hecho con apenas mallas de seguridad y andamios.<\/p>\n\n\n\n<p><em><strong>\u2018Intelligens. Natural. Artificial. Collective\u2019.&nbsp;<\/strong><\/em><em>Bienal de Arquitectura de Venecia. Hasta el 23 de noviembre.<\/em><\/p>\n\n\n\n<p>Fuente: <a href=\"https:\/\/elpais.com\/babelia\/2025-05-14\/ladrillos-de-excremento-hormigon-de-residuos-la-bienal-de-venecia-reconstruye-un-mundo-que-arde.html\">https:\/\/elpais.com\/babelia\/2025-05-14\/ladrillos-de-excremento-hormigon-de-residuos-la-bienal-de-venecia-reconstruye-un-mundo-que-arde.html<\/a><\/p>\n","protected":false},"excerpt":{"rendered":"<p>La gran cita de la arquitectura habla m\u00e1s de materiales que de edificios, mezcla alta tecnolog\u00eda con oficios artesanos y [&hellip;]<\/p>\n","protected":false},"author":1,"featured_media":99452,"comment_status":"open","ping_status":"open","sticky":false,"template":"","format":"standard","meta":{"site-sidebar-layout":"default","site-content-layout":"","ast-site-content-layout":"default","site-content-style":"default","site-sidebar-style":"default","ast-global-header-display":"","ast-banner-title-visibility":"","ast-main-header-display":"","ast-hfb-above-header-display":"","ast-hfb-below-header-display":"","ast-hfb-mobile-header-display":"","site-post-title":"","ast-breadcrumbs-content":"","ast-featured-img":"","footer-sml-layout":"","theme-transparent-header-meta":"","adv-header-id-meta":"","stick-header-meta":"","header-above-stick-meta":"","header-main-stick-meta":"","header-below-stick-meta":"","astra-migrate-meta-layouts":"default","ast-page-background-enabled":"default","ast-page-background-meta":{"desktop":{"background-color":"var(--ast-global-color-4)","background-image":"","background-repeat":"repeat","background-position":"center center","background-size":"auto","background-attachment":"scroll","background-type":"","background-media":"","overlay-type":"","overlay-color":"","overlay-opacity":"","overlay-gradient":""},"tablet":{"background-color":"","background-image":"","background-repeat":"repeat","background-position":"center center","background-size":"auto","background-attachment":"scroll","background-type":"","background-media":"","overlay-type":"","overlay-color":"","overlay-opacity":"","overlay-gradient":""},"mobile":{"background-color":"","background-image":"","background-repeat":"repeat","background-position":"center center","background-size":"auto","background-attachment":"scroll","background-type":"","background-media":"","overlay-type":"","overlay-color":"","overlay-opacity":"","overlay-gradient":""}},"ast-content-background-meta":{"desktop":{"background-color":"var(--ast-global-color-5)","background-image":"","background-repeat":"repeat","background-position":"center center","background-size":"auto","background-attachment":"scroll","background-type":"","background-media":"","overlay-type":"","overlay-color":"","overlay-opacity":"","overlay-gradient":""},"tablet":{"background-color":"var(--ast-global-color-5)","background-image":"","background-repeat":"repeat","background-position":"center center","background-size":"auto","background-attachment":"scroll","background-type":"","background-media":"","overlay-type":"","overlay-color":"","overlay-opacity":"","overlay-gradient":""},"mobile":{"background-color":"var(--ast-global-color-5)","background-image":"","background-repeat":"repeat","background-position":"center center","background-size":"auto","background-attachment":"scroll","background-type":"","background-media":"","overlay-type":"","overlay-color":"","overlay-opacity":"","overlay-gradient":""}},"footnotes":""},"categories":[8],"tags":[38383,38382,38384,38385],"class_list":["post-99451","post","type-post","status-publish","format-standard","has-post-thumbnail","hentry","category-noticias","tag-19a-edicion-de-la-bienal-de-venecia","tag-bienal-de-vene4cia","tag-carlo-ratti","tag-reconstruir-un-mundo-que-arde"],"_links":{"self":[{"href":"https:\/\/losperiodistas.com.mx\/portal\/wp-json\/wp\/v2\/posts\/99451","targetHints":{"allow":["GET"]}}],"collection":[{"href":"https:\/\/losperiodistas.com.mx\/portal\/wp-json\/wp\/v2\/posts"}],"about":[{"href":"https:\/\/losperiodistas.com.mx\/portal\/wp-json\/wp\/v2\/types\/post"}],"author":[{"embeddable":true,"href":"https:\/\/losperiodistas.com.mx\/portal\/wp-json\/wp\/v2\/users\/1"}],"replies":[{"embeddable":true,"href":"https:\/\/losperiodistas.com.mx\/portal\/wp-json\/wp\/v2\/comments?post=99451"}],"version-history":[{"count":1,"href":"https:\/\/losperiodistas.com.mx\/portal\/wp-json\/wp\/v2\/posts\/99451\/revisions"}],"predecessor-version":[{"id":99455,"href":"https:\/\/losperiodistas.com.mx\/portal\/wp-json\/wp\/v2\/posts\/99451\/revisions\/99455"}],"wp:featuredmedia":[{"embeddable":true,"href":"https:\/\/losperiodistas.com.mx\/portal\/wp-json\/wp\/v2\/media\/99452"}],"wp:attachment":[{"href":"https:\/\/losperiodistas.com.mx\/portal\/wp-json\/wp\/v2\/media?parent=99451"}],"wp:term":[{"taxonomy":"category","embeddable":true,"href":"https:\/\/losperiodistas.com.mx\/portal\/wp-json\/wp\/v2\/categories?post=99451"},{"taxonomy":"post_tag","embeddable":true,"href":"https:\/\/losperiodistas.com.mx\/portal\/wp-json\/wp\/v2\/tags?post=99451"}],"curies":[{"name":"wp","href":"https:\/\/api.w.org\/{rel}","templated":true}]}}