{"id":9945,"date":"2021-07-05T20:05:19","date_gmt":"2021-07-06T01:05:19","guid":{"rendered":"http:\/\/losperiodistas.com.mx\/portal\/?p=9945"},"modified":"2021-07-05T20:05:20","modified_gmt":"2021-07-06T01:05:20","slug":"muere-raffaella-carra-el-terremoto-italiano-que-conquisto-a-espana-y-latinoamerica-euronews","status":"publish","type":"post","link":"https:\/\/losperiodistas.com.mx\/portal\/muere-raffaella-carra-el-terremoto-italiano-que-conquisto-a-espana-y-latinoamerica-euronews\/","title":{"rendered":"Muere Raffaella Carr\u00e1: el terremoto italiano que conquist\u00f3 a Espa\u00f1a y Latinoam\u00e9rica | Euronews"},"content":{"rendered":"\n<p><\/p>\n\n\n\n<figure class=\"wp-block-embed is-type-video is-provider-youtube wp-block-embed-youtube wp-embed-aspect-16-9 wp-has-aspect-ratio\"><div class=\"wp-block-embed__wrapper\">\n<iframe title=\"Raffaella Carr\u00e0 ser\u00e1 despedida por todo lo alto en Roma durante tres d\u00edas\" width=\"500\" height=\"281\" src=\"https:\/\/www.youtube.com\/embed\/BKhHZ5Ai-XA?feature=oembed\" frameborder=\"0\" allow=\"accelerometer; autoplay; clipboard-write; encrypted-media; gyroscope; picture-in-picture; web-share\" referrerpolicy=\"strict-origin-when-cross-origin\" allowfullscreen><\/iframe>\n<\/div><figcaption>Derechos de autor\u00a0\u00a0<a href=\"https:\/\/es.euronews.com\/2021\/07\/05\/muere-raffaella-carra-el-terremoto-italiano-que-conquisto-a-espana-y-latinoamerica#\">Virginia Farneti\/Virginia Farnet<\/a><\/figcaption><\/figure>\n\n\n\n<p><\/p>\n\n\n\n<p><\/p>\n\n\n\n<p class=\"has-vivid-cyan-blue-color has-text-color has-medium-font-size\">JUAN CARLOS DO SANTOS PASCUAL \/ EFE \/ EURONEWS<\/p>\n\n\n\n<p><\/p>\n\n\n\n<p>Muere la gran diva italiana Raffaella Carr\u00e0 a los 78 a\u00f1os. Su fallecimiento se ha sentido como lo que ella era,&nbsp;<strong>un terremoto a nivel internacional<\/strong>. Las r\u00e9plicas de este se\u00edsmo de la m\u00fasica y la televisi\u00f3n se han sentido en&nbsp;<strong>Italia, en Espa\u00f1a y en Latinoam\u00e9rica<\/strong>. El mundo desconoc\u00eda que la incombustible Raffaella padeciera una larga enfermedad.<\/p>\n\n\n\n<p>Como cantante conquist\u00f3 a todos con sus bailes desenfrenados y su car\u00e1cter\u00edstico movimiento de melena, al ritmo de temas como&nbsp;<em>\u00abFiesta\u00bb, \u00abEn el amor todo es empezar\u00bb, \u00abMam\u00e1 dame cien pesetas\u00bb o \u00abCaliente, caliente\u00bb.<\/em><\/p>\n\n\n\n<p>Fue incluso considerada un icono para el colectivo LGTBI mucho antes de que llegara Madonna. Como presentadora de televisi\u00f3n en Italia, revolucion\u00f3 la cadena p\u00fablica RAI con sus apariciones y convirti\u00f3 en \u00e9xito en los a\u00f1os ochenta el programa&nbsp;<em>\u201cPronto, Raffaella?\u00bb<\/em>&nbsp;con el que hizo historia en la televisi\u00f3n.<\/p>\n\n\n\n<p>Export\u00f3 su espect\u00e1culo a Espa\u00f1a y a Am\u00e9rica Latina, donde logr\u00f3 ser en una de las estrellas m\u00e1s queridas, capaz de contagiar con su descaro y su seguridad a varias generaciones. Toda una revoluci\u00f3n para la sociedad de los a\u00f1os 70, 80 y los 90, una musa de la libertad y de los derechos de todos.<\/p>\n\n\n\n<p>Fallecida este lunes a los 78 a\u00f1os,&nbsp;<em>\u00abla Carr\u00e0\u00bb<\/em>, nacida como Raffaella Maria Roberta Peloni el 18 de junio de 1943 en Bolonia (norte de Italia), recibe el homenaje en redes sociales del mundo de la m\u00fasica, la cultura y la pol\u00edtica, mientras los medios italianos la recuerdan como la gran diva de la televisi\u00f3n.<\/p>\n\n\n\n<p>El presidente de la Rep\u00fablica italiana, Sergio Mattarella, se mostr\u00f3&nbsp;<em>\u00abprofundamente afectado por el fallecimiento de Raffaella Carr\u00e0, una artista popular, amada y apreciada por diferentes y numerosas generaciones de telespectadores en Italia y en el extranjero\u00bb.<\/em><\/p>\n\n\n\n<p>Tambi\u00e9n el ministro italiano de Cultura, Dario Franceschini, destac\u00f3 de ella que \u00abse va la Dama de la televisi\u00f3n italiana. Una mujer de gran talento, pasi\u00f3n y humanidad que nos ha acompa\u00f1ado durante toda la vida. Adi\u00f3s Raffaella\u00bb.<\/p>\n\n\n\n<p><em>\u00abUn icono de la televisi\u00f3n italiana, una persona de familia para generaciones enteras. Su fallecimiento deja un gran vac\u00edo y mucha, mucha tristeza. Me sumo al dolor de sus seres queridos. Adi\u00f3s Raffaella, siempre permanecer\u00e1s en nuestros corazones\u00bb<\/em>, escribi\u00f3, por su parte, el ministro italiano de Asuntos Exteriores, Luigi Di Maio.<\/p>\n\n\n\n<p>Desde el mundo de la m\u00fasica, donde ha sido ejemplo para muchos artistas, Laura Pausini celebr\u00f3 a la&nbsp;<em>\u00abreina\u00bb<\/em>&nbsp;Raffaella y le dedic\u00f3 un mensaje en su perfil de Twitter en italiano y en espa\u00f1ol:&nbsp;<em>\u00abFuiste, eres y siempre ser\u00e1s la reina. Para m\u00ed, para el mundo entero\u00bb.<\/em><\/p>\n\n\n\n<p>Tambi\u00e9n Umberto Tozzi lament\u00f3 su fallecimiento con este mensaje:&nbsp;<em>\u00abAdi\u00f3s, inmensa Raffaella. Buen viaje\u00bb.<\/em><\/p>\n\n\n\n<p><em>\u00abAcabo de leer la noticia y no pod\u00eda creerlo&#8230; Ciao Raffaella, icono sin tiempo. Quiero recordarte de esta manera, cuando cant\u00e1bamos juntos\u00bb<\/em>, escribi\u00f3 Gigi D&#8217;Alessio, que adjunt\u00f3 un v\u00eddeo de una exhibici\u00f3n junto a Carr\u00e0.<\/p>\n\n\n\n<p>Su marido, el rapero Fedez, comparti\u00f3 una foto suya y un sobrio&nbsp;<em>\u00abCiao Raffaella\u00bb,<\/em>&nbsp;acompa\u00f1ado de un coraz\u00f3n partido.<\/p>\n\n\n\n<h2 class=\"wp-block-heading\">La reina de Vi\u00f1a del Mar<\/h2>\n\n\n\n<p>Rafaella Carr\u00e0 revolucion\u00f3 el Chile de la dictadura de Augusto Pinochet (1973-1990) con una recordada actuaci\u00f3n en la edici\u00f3n de 1982 del Festival de Vi\u00f1a del Mar, con la que encandil\u00f3 al jurado y se coron\u00f3 como Reina del certamen iniciado una tradici\u00f3n que perdura en la actualidad.<\/p>\n\n\n\n<p>Tres a\u00f1os antes, el p\u00fablico del festival hab\u00eda elegido de manera espont\u00e1nea como Reina a la animadora Mar\u00eda Graciela G\u00f3mez, y de manera imprevista tambi\u00e9n fue que el jurado de 1982 decidi\u00f3 premiar a Carr\u00e0 tras quedar obnubilado con su funci\u00f3n.<\/p>\n\n\n\n<p>Desde entonces ya no hubo m\u00e1s improvisaciones y la elecci\u00f3n de una Reina del certamen qued\u00f3 instaurada como costumbre, estando considerada la diva italiana como la primera que oficialmente se coron\u00f3 en el festival.<\/p>\n\n\n\n<p>Fuente: https:\/\/es.euronews.com\/2021\/07\/05\/muere-raffaella-carra-el-terremoto-italiano-que-conquisto-a-espana-y-latinoamerica<\/p>\n","protected":false},"excerpt":{"rendered":"<p>JUAN CARLOS DO SANTOS PASCUAL \/ EFE \/ EURONEWS Muere la gran diva italiana Raffaella Carr\u00e0 a los 78 a\u00f1os. [&hellip;]<\/p>\n","protected":false},"author":1,"featured_media":9946,"comment_status":"open","ping_status":"open","sticky":false,"template":"","format":"standard","meta":{"site-sidebar-layout":"default","site-content-layout":"","ast-site-content-layout":"default","site-content-style":"default","site-sidebar-style":"default","ast-global-header-display":"","ast-banner-title-visibility":"","ast-main-header-display":"","ast-hfb-above-header-display":"","ast-hfb-below-header-display":"","ast-hfb-mobile-header-display":"","site-post-title":"","ast-breadcrumbs-content":"","ast-featured-img":"","footer-sml-layout":"","theme-transparent-header-meta":"","adv-header-id-meta":"","stick-header-meta":"","header-above-stick-meta":"","header-main-stick-meta":"","header-below-stick-meta":"","astra-migrate-meta-layouts":"default","ast-page-background-enabled":"default","ast-page-background-meta":{"desktop":{"background-color":"var(--ast-global-color-4)","background-image":"","background-repeat":"repeat","background-position":"center center","background-size":"auto","background-attachment":"scroll","background-type":"","background-media":"","overlay-type":"","overlay-color":"","overlay-opacity":"","overlay-gradient":""},"tablet":{"background-color":"","background-image":"","background-repeat":"repeat","background-position":"center center","background-size":"auto","background-attachment":"scroll","background-type":"","background-media":"","overlay-type":"","overlay-color":"","overlay-opacity":"","overlay-gradient":""},"mobile":{"background-color":"","background-image":"","background-repeat":"repeat","background-position":"center center","background-size":"auto","background-attachment":"scroll","background-type":"","background-media":"","overlay-type":"","overlay-color":"","overlay-opacity":"","overlay-gradient":""}},"ast-content-background-meta":{"desktop":{"background-color":"var(--ast-global-color-5)","background-image":"","background-repeat":"repeat","background-position":"center center","background-size":"auto","background-attachment":"scroll","background-type":"","background-media":"","overlay-type":"","overlay-color":"","overlay-opacity":"","overlay-gradient":""},"tablet":{"background-color":"var(--ast-global-color-5)","background-image":"","background-repeat":"repeat","background-position":"center center","background-size":"auto","background-attachment":"scroll","background-type":"","background-media":"","overlay-type":"","overlay-color":"","overlay-opacity":"","overlay-gradient":""},"mobile":{"background-color":"var(--ast-global-color-5)","background-image":"","background-repeat":"repeat","background-position":"center center","background-size":"auto","background-attachment":"scroll","background-type":"","background-media":"","overlay-type":"","overlay-color":"","overlay-opacity":"","overlay-gradient":""}},"footnotes":""},"categories":[8],"tags":[2510],"class_list":["post-9945","post","type-post","status-publish","format-standard","has-post-thumbnail","hentry","category-noticias","tag-raffaella-carra"],"_links":{"self":[{"href":"https:\/\/losperiodistas.com.mx\/portal\/wp-json\/wp\/v2\/posts\/9945","targetHints":{"allow":["GET"]}}],"collection":[{"href":"https:\/\/losperiodistas.com.mx\/portal\/wp-json\/wp\/v2\/posts"}],"about":[{"href":"https:\/\/losperiodistas.com.mx\/portal\/wp-json\/wp\/v2\/types\/post"}],"author":[{"embeddable":true,"href":"https:\/\/losperiodistas.com.mx\/portal\/wp-json\/wp\/v2\/users\/1"}],"replies":[{"embeddable":true,"href":"https:\/\/losperiodistas.com.mx\/portal\/wp-json\/wp\/v2\/comments?post=9945"}],"version-history":[{"count":1,"href":"https:\/\/losperiodistas.com.mx\/portal\/wp-json\/wp\/v2\/posts\/9945\/revisions"}],"predecessor-version":[{"id":9947,"href":"https:\/\/losperiodistas.com.mx\/portal\/wp-json\/wp\/v2\/posts\/9945\/revisions\/9947"}],"wp:featuredmedia":[{"embeddable":true,"href":"https:\/\/losperiodistas.com.mx\/portal\/wp-json\/wp\/v2\/media\/9946"}],"wp:attachment":[{"href":"https:\/\/losperiodistas.com.mx\/portal\/wp-json\/wp\/v2\/media?parent=9945"}],"wp:term":[{"taxonomy":"category","embeddable":true,"href":"https:\/\/losperiodistas.com.mx\/portal\/wp-json\/wp\/v2\/categories?post=9945"},{"taxonomy":"post_tag","embeddable":true,"href":"https:\/\/losperiodistas.com.mx\/portal\/wp-json\/wp\/v2\/tags?post=9945"}],"curies":[{"name":"wp","href":"https:\/\/api.w.org\/{rel}","templated":true}]}}