{"id":9941,"date":"2021-07-05T19:59:38","date_gmt":"2021-07-06T00:59:38","guid":{"rendered":"http:\/\/losperiodistas.com.mx\/portal\/?p=9941"},"modified":"2021-07-05T19:59:40","modified_gmt":"2021-07-06T00:59:40","slug":"teologia-politica-de-la-mentira","status":"publish","type":"post","link":"https:\/\/losperiodistas.com.mx\/portal\/teologia-politica-de-la-mentira\/","title":{"rendered":"Teolog\u00eda pol\u00edtica de la mentira"},"content":{"rendered":"\n<figure class=\"wp-block-image size-large\"><img fetchpriority=\"high\" decoding=\"async\" width=\"1024\" height=\"613\" src=\"https:\/\/losperiodistas.com.mx\/portal\/wp-content\/uploads\/2021\/07\/Captura-de-Pantalla-2021-07-05-a-las-19.56.16-1024x613.jpg\" alt=\"\" class=\"wp-image-9942\" srcset=\"https:\/\/losperiodistas.com.mx\/portal\/wp-content\/uploads\/2021\/07\/Captura-de-Pantalla-2021-07-05-a-las-19.56.16-1024x613.jpg 1024w, https:\/\/losperiodistas.com.mx\/portal\/wp-content\/uploads\/2021\/07\/Captura-de-Pantalla-2021-07-05-a-las-19.56.16-300x180.jpg 300w, https:\/\/losperiodistas.com.mx\/portal\/wp-content\/uploads\/2021\/07\/Captura-de-Pantalla-2021-07-05-a-las-19.56.16-768x460.jpg 768w, https:\/\/losperiodistas.com.mx\/portal\/wp-content\/uploads\/2021\/07\/Captura-de-Pantalla-2021-07-05-a-las-19.56.16.jpg 1446w\" sizes=\"(max-width: 1024px) 100vw, 1024px\" \/><figcaption>UPRESS <\/figcaption><\/figure>\n\n\n\n<p><\/p>\n\n\n\n<p class=\"has-vivid-cyan-blue-color has-text-color\" style=\"font-size:26px\"><em><strong>Por Dr. Juan Pablo Aranda G\u00f3mez* <\/strong><\/em><\/p>\n\n\n\n<p><\/p>\n\n\n\n<p>El inquilino de Palacio Nacional anunci\u00f3 en d\u00edas pasados la m\u00e1s reciente secci\u00f3n en su programa de variedades matutino&nbsp;<em>La Ma\u00f1anera<\/em>, \u201c\u00bfQui\u00e9n es qui\u00e9n en las mentiras de la semana?\u201d.<\/p>\n\n\n\n<p>La mentira ha estado en el centro del discurso presidencial. La mentira es el rasgo distintivo de los enemigos del pueblo, la marca de la mafia. Quienes \u201cnos robaron la presidencia\u201d, asegura el tabasque\u00f1o, lo hicieron a trav\u00e9s de un fraude, que no es otra cosa sino una mentira generalizada y sistem\u00e1tica que puso de cabeza el orden legal, enferm\u00e1ndolo al punto que se volviera contra la justicia.<\/p>\n\n\n\n<p>La mentira es la treta rousseauniana, la que los ricos contaron a los pobres para convencerlos de que vivir en un mundo dominado por los primeros los liberar\u00e1 finalmente de las cadenas y les dar\u00e1 la so\u00f1ada libertad. Es el enga\u00f1o fundamental de Marx, al que llam\u00f3 alienaci\u00f3n; es esa mentira fundacional que Nietzsche renombr\u00f3 como moral de esclavos. La mentira es social lo mismo que individual: es la opacidad a trav\u00e9s de la cual el mundo se deforma progresivamente, sin que sea siquiera posible intuir esa constitutiva deformidad.<\/p>\n\n\n\n<p>El si\u00f1orpresidente invita al pueblo a una cultura de verdad, de rendici\u00f3n de cuentas, de moral moralizante de la cosa p\u00fablica, del gobierno y del trono, al absoluto respeto por el derecho de r\u00e9plica, a una renovaci\u00f3n que va m\u00e1s all\u00e1 de la democracia. Una verdad que apunta al esp\u00edritu mismo de la naci\u00f3n.<\/p>\n\n\n\n<p>*&nbsp;&nbsp;&nbsp;&nbsp; *&nbsp;&nbsp;&nbsp;&nbsp; *<\/p>\n\n\n\n<p>Desde la perspectiva trascendental, la mentira tiene un lugar privilegiado tanto en el misterio de inequidad como en el pecado original. As\u00ed como la sabidur\u00eda, es decir, el don que nos permite discernir la verdad, es la creadora de todo el universo (Sab 8:6), la mentira es destructiva de cualquier orden y armon\u00eda: cuestionado por Dios, Ca\u00edn hace cuanto puede por tapar la verdad, escondiendo su pecado con una indiferencia que suena casi posmoderna (Gen 4:9). As\u00ed como Jes\u00fas nos descubre que la verdad es divina (Jn 14:6), todo aquel que est\u00e1 lleno de mentira tiene por padre al demonio, quien \u201cfue homicida y no tiene nada que ver con la verdad, porque no hay verdad en \u00e9l\u201d (Jn 8:44).<\/p>\n\n\n\n<p>M\u00e1s aun, Pablo nos descubre que el misterio de inequidad, antesala y se\u00f1al de la inminencia de la Parus\u00eda, est\u00e1 cifrado en t\u00e9rminos de la mentira. En su cr\u00edptica confidencia a la comunidad de Tesal\u00f3nica, el ap\u00f3stol de los gentiles expone su doctrina sobre los \u00faltimos tiempos:<\/p>\n\n\n\n<p>Que nadie los enga\u00f1e de ninguna manera. Porque antes tiene que venir la apostas\u00eda y manifestarse el hombre imp\u00edo, el Ser condenado a la perdici\u00f3n, el Adversario, el que se alza con soberbia contra todo lo que lleva el nombre de Dios o es objeto de culto, hasta llegar a instalarse en el Templo de Dios, present\u00e1ndose como si fuera Dios. \u00bfNo recuerdan que cuando estuve con ustedes les dec\u00eda estas cosas? Ya saben qu\u00e9 es lo que ahora lo retiene, para que no se manifieste sino a su debido tiempo. El misterio de la iniquidad ya est\u00e1 actuando. S\u00f3lo falta que desaparezca el que lo retiene, y entonces se manifestar\u00e1 el Imp\u00edo, a quien el Se\u00f1or Jes\u00fas destruir\u00e1 con el aliento de su boca y aniquilar\u00e1 con el resplandor de su Venida. La venida del Imp\u00edo ser\u00e1 provocada por la acci\u00f3n de Satan\u00e1s y est\u00e1 acompa\u00f1ada de toda clase de demostraciones de poder, de signos y falsos milagros, y de toda clase de enga\u00f1os perversos, destinados a los que se pierden por no haber amado la verdad que los pod\u00eda salvar. Por eso, Dios les env\u00eda un poder enga\u00f1oso que les hace creer en la mentira, a fin de que sean condenados todos los que se negaron a creer en la verdad y se complacieron en el mal (2 Tes 2:3-12).<\/p>\n\n\n\n<p>La contraposici\u00f3n verdad\/mentira emerge aqu\u00ed con todo su poder, marcando nada menos que el criterio por el que se juzgar\u00e1 a la humanidad, a saber, por la fidelidad a la revelaci\u00f3n, por la acogida de aquel que se hizo carne (<em>sarx<\/em>) para redimir a su criatura&nbsp;<em>asumi\u00e9ndola&nbsp;<\/em>por completo. Aquellos que, por el contrario, no recibieron la palabra y \u201cno le recibieron\u201d (Jn 1:10-11), tendr\u00e1n su lugar junto al padre de la mentira, el padre de la necia y soberbia reticencia a acoger el misterio del amor divino, prefiriendo escogerse a ellos mismos, cegados por la enloquecida fantas\u00eda de la independencia y autonom\u00eda absolutas.<\/p>\n\n\n\n<p>*&nbsp;&nbsp;&nbsp;&nbsp; *&nbsp;&nbsp;&nbsp;&nbsp; *<\/p>\n\n\n\n<p>\u00bfQu\u00e9 hacer con un presidente que, a plena luz de d\u00eda y sin inmutarse, miente descaradamente&nbsp;<em>al tiempo que&nbsp;<\/em>se proclama ap\u00f3stol de la verdad? \u00bfD\u00f3nde queda un mandatario que llega al extremo de utilizar las palabras del vicario de Cristo\u2014esto es, de aquel que da testimonio de la verdad\u2014para torcer la verdad, acomod\u00e1ndola a un juego de poder? (<a href=\"https:\/\/bit.ly\/3hbAJSl\">https:\/\/bit.ly\/3hbAJSl<\/a>).<\/p>\n\n\n\n<p>De acuerdo con un estudio realizado por la agencia SPIN de Luis Estrada, L\u00f3pez Obrador ha dicho 56 mil 181 afirmaciones falsas en 943 ma\u00f1aneras (<a href=\"https:\/\/bit.ly\/3haTUf9\">https:\/\/bit.ly\/3haTUf9<\/a>). La nueva secci\u00f3n de su ma\u00f1anera, donde pretende \u201cdesenmascarar\u201d pasquines inmundos, conspiraciones internacionales, males de ojo, malas vibras, maledicencias y comentarios bien gachos contra el h\u00e9roe que salvar\u00e1 al pa\u00eds, no deja de guardar&nbsp;<em>cierta<\/em>&nbsp;relaci\u00f3n con el relato paulino. Seamos claros: no pretendo sugerir que el presidente tiene un papel en el drama escatol\u00f3gico, ni mucho menos achacar una naturaleza demoniaca al dictadorcillo tropical; quiero simplemente ensayar un paralelismo sistem\u00e1tico (\u00e0 la Schmitt) entre la treta de Satan\u00e1s, por la que se sentar\u00e1 en el trono divino, present\u00e1ndose como Dios, y la treta por la que el presidente se presenta a s\u00ed mismo como defensor de la verdad mientras, en los hechos, hace caso omiso de la verdad y, al mismo tiempo, usa la mentira como estrategia de confusi\u00f3n por excelencia.<\/p>\n\n\n\n<p>El presidente no tuerce la verdad, no es posmoderno en ese sentido. La verdad&nbsp;<em>existe<\/em>. Tanto, que est\u00e1 de su lado, orgullosa y pujante.&nbsp;<em>La v\u00e9rit\u00e9 c\u2019est moi<\/em>. El presidente&nbsp;<em>miente<\/em>&nbsp;sobre la realidad como justificado por aquella pseudo-realidad (su \u201ctransformaci\u00f3n\u201d, la \u201crenovaci\u00f3n nacional\u201d, o como quiera llamarle) que vive s\u00f3lo en su cabeza. Y mientras su frente luce el laurel de la gloria en su delirio demencial, en la realidad el megal\u00f3mano narcisista lleva al pa\u00eds al barranco. En l\u00ednea recta y sin escalas.<\/p>\n\n\n\n<p>Que la mentira y el poder terminan no pocas veces en la misma cama lo ense\u00f1a Maquiavelo en su popular\u2014pero, de ninguna forma, m\u00e1s c\u00e9lebre\u2014obra,&nbsp;<em>De Principatibus<\/em>, donde sugiere al pr\u00edncipe la necesidad de&nbsp;<em>parecer&nbsp;<\/em>virtuoso antes que serlo, es decir, mentirle al pueblo manteniendo las apariencias. La verdad es un problema para el pol\u00edtico porque hace al ser humano vulnerable, lo exhibe en su contingencia y radical necesidad. La mentira es coraza que se endurece a fuerza de repetici\u00f3n, hasta que, un d\u00eda, la realidad misma parece haber cambiado de estaci\u00f3n, vistiendo de rojos los verdes, o mostrando ramas desnudas que estuvieron antes vestidas. No deja de ser profundamente ilustrativo, a este respecto, la pregunta que Pilato hace a Jes\u00fas:&nbsp;<em>Quid est veritas?<\/em>&nbsp;La verdad en pol\u00edtica es inc\u00f3moda y no pocas veces peligrosa (cf. Lc 16:8) y, sin embargo, sin verdad la pol\u00edtica se desdibuja, pierde todo su car\u00e1cter p\u00fablico y se convierte en negocio privado, donde una cuadrilla de ladrones se reparten el bot\u00edn de la sociedad.<\/p>\n\n\n\n<p>Al final, el arte de gobernar, de administrar bienes comunes, s\u00f3lo es aut\u00e9nticamente&nbsp;<em>pol\u00edtico&nbsp;<\/em>cuando est\u00e1 coronado de sabidur\u00eda y, por ende, tiende una trayectoria que apunta a la verdad como fin (2 Cr 1:10). El pol\u00edtico cristiano puede acabar, como Tom\u00e1s Moro, derrotado, aplastado por un poder que se ha personalizado al grado de volverse tir\u00e1nico (\u00a1no hay que olvidar que la debacle de Enrique VIII comenz\u00f3, precisamente, con una mentira!) y, sin embargo, su testimonio de la verdad brilla con una fuerza que transfigura la acci\u00f3n pol\u00edtica, convirti\u00e9ndola en servicio y, como tal, en un acto de amor. Moro vence a Enrique haciendo pol\u00edtica aut\u00e9ntica.<\/p>\n\n\n\n<p>Que la mentira sea una marca caracter\u00edstica del actual presidente debe alarmarnos. La mentira s\u00f3lo puede separar, enconar, destruir. Nuestro pa\u00eds est\u00e1 urgido de precisamente lo contrario: uni\u00f3n, reconciliaci\u00f3n, reparaci\u00f3n.<\/p>\n\n\n\n<ul class=\"wp-block-list\"><li>Profesor Investigador UPAEP<\/li><\/ul>\n","protected":false},"excerpt":{"rendered":"<p>Por Dr. Juan Pablo Aranda G\u00f3mez* El inquilino de Palacio Nacional anunci\u00f3 en d\u00edas pasados la m\u00e1s reciente secci\u00f3n en [&hellip;]<\/p>\n","protected":false},"author":1,"featured_media":9943,"comment_status":"open","ping_status":"open","sticky":false,"template":"","format":"standard","meta":{"site-sidebar-layout":"default","site-content-layout":"","ast-site-content-layout":"default","site-content-style":"default","site-sidebar-style":"default","ast-global-header-display":"","ast-banner-title-visibility":"","ast-main-header-display":"","ast-hfb-above-header-display":"","ast-hfb-below-header-display":"","ast-hfb-mobile-header-display":"","site-post-title":"","ast-breadcrumbs-content":"","ast-featured-img":"","footer-sml-layout":"","theme-transparent-header-meta":"","adv-header-id-meta":"","stick-header-meta":"","header-above-stick-meta":"","header-main-stick-meta":"","header-below-stick-meta":"","astra-migrate-meta-layouts":"default","ast-page-background-enabled":"default","ast-page-background-meta":{"desktop":{"background-color":"var(--ast-global-color-4)","background-image":"","background-repeat":"repeat","background-position":"center center","background-size":"auto","background-attachment":"scroll","background-type":"","background-media":"","overlay-type":"","overlay-color":"","overlay-opacity":"","overlay-gradient":""},"tablet":{"background-color":"","background-image":"","background-repeat":"repeat","background-position":"center center","background-size":"auto","background-attachment":"scroll","background-type":"","background-media":"","overlay-type":"","overlay-color":"","overlay-opacity":"","overlay-gradient":""},"mobile":{"background-color":"","background-image":"","background-repeat":"repeat","background-position":"center center","background-size":"auto","background-attachment":"scroll","background-type":"","background-media":"","overlay-type":"","overlay-color":"","overlay-opacity":"","overlay-gradient":""}},"ast-content-background-meta":{"desktop":{"background-color":"var(--ast-global-color-5)","background-image":"","background-repeat":"repeat","background-position":"center center","background-size":"auto","background-attachment":"scroll","background-type":"","background-media":"","overlay-type":"","overlay-color":"","overlay-opacity":"","overlay-gradient":""},"tablet":{"background-color":"var(--ast-global-color-5)","background-image":"","background-repeat":"repeat","background-position":"center center","background-size":"auto","background-attachment":"scroll","background-type":"","background-media":"","overlay-type":"","overlay-color":"","overlay-opacity":"","overlay-gradient":""},"mobile":{"background-color":"var(--ast-global-color-5)","background-image":"","background-repeat":"repeat","background-position":"center center","background-size":"auto","background-attachment":"scroll","background-type":"","background-media":"","overlay-type":"","overlay-color":"","overlay-opacity":"","overlay-gradient":""}},"footnotes":""},"categories":[20,8],"tags":[2509,2508],"class_list":["post-9941","post","type-post","status-publish","format-standard","has-post-thumbnail","hentry","category-analisis-estrategico","category-noticias","tag-amlo-mentiras","tag-mentiras-mexico"],"_links":{"self":[{"href":"https:\/\/losperiodistas.com.mx\/portal\/wp-json\/wp\/v2\/posts\/9941","targetHints":{"allow":["GET"]}}],"collection":[{"href":"https:\/\/losperiodistas.com.mx\/portal\/wp-json\/wp\/v2\/posts"}],"about":[{"href":"https:\/\/losperiodistas.com.mx\/portal\/wp-json\/wp\/v2\/types\/post"}],"author":[{"embeddable":true,"href":"https:\/\/losperiodistas.com.mx\/portal\/wp-json\/wp\/v2\/users\/1"}],"replies":[{"embeddable":true,"href":"https:\/\/losperiodistas.com.mx\/portal\/wp-json\/wp\/v2\/comments?post=9941"}],"version-history":[{"count":1,"href":"https:\/\/losperiodistas.com.mx\/portal\/wp-json\/wp\/v2\/posts\/9941\/revisions"}],"predecessor-version":[{"id":9944,"href":"https:\/\/losperiodistas.com.mx\/portal\/wp-json\/wp\/v2\/posts\/9941\/revisions\/9944"}],"wp:featuredmedia":[{"embeddable":true,"href":"https:\/\/losperiodistas.com.mx\/portal\/wp-json\/wp\/v2\/media\/9943"}],"wp:attachment":[{"href":"https:\/\/losperiodistas.com.mx\/portal\/wp-json\/wp\/v2\/media?parent=9941"}],"wp:term":[{"taxonomy":"category","embeddable":true,"href":"https:\/\/losperiodistas.com.mx\/portal\/wp-json\/wp\/v2\/categories?post=9941"},{"taxonomy":"post_tag","embeddable":true,"href":"https:\/\/losperiodistas.com.mx\/portal\/wp-json\/wp\/v2\/tags?post=9941"}],"curies":[{"name":"wp","href":"https:\/\/api.w.org\/{rel}","templated":true}]}}