{"id":99330,"date":"2025-05-12T07:08:43","date_gmt":"2025-05-12T13:08:43","guid":{"rendered":"https:\/\/losperiodistas.com.mx\/portal\/?p=99330"},"modified":"2025-05-12T07:46:00","modified_gmt":"2025-05-12T13:46:00","slug":"dia-de-vesak-did","status":"publish","type":"post","link":"https:\/\/losperiodistas.com.mx\/portal\/dia-de-vesak-did\/","title":{"rendered":"D\u00eda de Vesak | DID"},"content":{"rendered":"\n<figure class=\"wp-block-image aligncenter size-full is-resized\"><img fetchpriority=\"high\" decoding=\"async\" width=\"305\" height=\"203\" src=\"https:\/\/losperiodistas.com.mx\/portal\/wp-content\/uploads\/2025\/05\/05-07-dia-de-vesak.jpg\" alt=\"\" class=\"wp-image-99331\" style=\"width:559px;height:auto\" srcset=\"https:\/\/losperiodistas.com.mx\/portal\/wp-content\/uploads\/2025\/05\/05-07-dia-de-vesak.jpg 305w, https:\/\/losperiodistas.com.mx\/portal\/wp-content\/uploads\/2025\/05\/05-07-dia-de-vesak-300x200.jpg 300w\" sizes=\"(max-width: 305px) 100vw, 305px\" \/><\/figure>\n\n\n\n<p><\/p>\n\n\n\n<p class=\"has-vivid-red-color has-text-color has-link-color has-medium-font-size wp-elements-3aa118b0468398fc8c867f42a873ef01\"><strong>REDACCI\u00d3N D\u00cdA INTERNACIONAL DE<\/strong><\/p>\n\n\n\n<p><strong>El d\u00eda de la luna llena de mayo se celebra el D\u00eda de Vesak.&nbsp;<\/strong>Por tanto es una celebraci\u00f3n variable que depende de la luna.<\/p>\n\n\n\n<h2 class=\"wp-block-heading\" id=\"resTit_1\"><strong>\u00bfCuando es Vesak en 2025?<\/strong><\/h2>\n\n\n\n<p><strong>En 2025, el D\u00eda de Vesak se celebra el 12 de mayo.<\/strong><\/p>\n\n\n\n<p>Esta fecha ha sido reconocida por Naciones Unidas como&nbsp;<strong>el d\u00eda m\u00e1s sagrado para millones de budistas en el mundo<\/strong>, ya que coincide con el nacimiento de Buda hace m\u00e1s de 2.500 a\u00f1os, en el a\u00f1o 623 a.C.<\/p>\n\n\n\n<p><\/p>\n\n\n\n<p>Adem\u00e1s se dice que tambi\u00e9n fue en este d\u00eda del plenilunio de mayo cuando Buda alcanz\u00f3 la iluminaci\u00f3n y tambi\u00e9n el d\u00eda de su muerte a los 80 a\u00f1os de edad.<\/p>\n\n\n\n<p>Se trata de un homenaje a la&nbsp;<strong>contribuci\u00f3n del budismo en la espiritualidad de la Humanidad<\/strong>. Millones de personas siguen las ense\u00f1anzas de paz, amor y compasi\u00f3n de Buda y celebran su nacimiento, su iluminaci\u00f3n y su tr\u00e1nsito hacia la eternidad.<\/p>\n\n\n\n<figure class=\"wp-block-embed is-type-video is-provider-youtube wp-block-embed-youtube wp-embed-aspect-4-3 wp-has-aspect-ratio\"><div class=\"wp-block-embed__wrapper\">\n<iframe title=\"Vesak el d\u00eda del Buddha\" width=\"500\" height=\"375\" src=\"https:\/\/www.youtube.com\/embed\/tXLOdY6dxd8?feature=oembed\" frameborder=\"0\" allow=\"accelerometer; autoplay; clipboard-write; encrypted-media; gyroscope; picture-in-picture; web-share\" referrerpolicy=\"strict-origin-when-cross-origin\" allowfullscreen><\/iframe>\n<\/div><\/figure>\n\n\n\n<p><\/p>\n\n\n\n<h2 class=\"wp-block-heading\" id=\"resTit_3\">Origen del D\u00eda de Vesak<\/h2>\n\n\n\n<figure class=\"wp-block-image size-full\"><img decoding=\"async\" width=\"650\" height=\"488\" src=\"https:\/\/losperiodistas.com.mx\/portal\/wp-content\/uploads\/2025\/05\/05-07-dia-de-vesak_cuencos-tibetanos_m.jpg\" alt=\"\" class=\"wp-image-99332\" title=\"Los cuencos tibetanos se usan para la meditaci\u00f3n\" srcset=\"https:\/\/losperiodistas.com.mx\/portal\/wp-content\/uploads\/2025\/05\/05-07-dia-de-vesak_cuencos-tibetanos_m.jpg 650w, https:\/\/losperiodistas.com.mx\/portal\/wp-content\/uploads\/2025\/05\/05-07-dia-de-vesak_cuencos-tibetanos_m-300x225.jpg 300w\" sizes=\"(max-width: 650px) 100vw, 650px\" \/><figcaption class=\"wp-element-caption\">Los cuencos tibetanos se usan para la meditaci\u00f3n<\/figcaption><\/figure>\n\n\n\n<p>Esta celebraci\u00f3n&nbsp;<strong>se practica desde 1950<\/strong>, a raiz de una conferencia de la la&nbsp;<em>World Fellowship of Buddhists (WFB)<\/em>.<\/p>\n\n\n\n<p>Como el calendario budista es lunar, no se estableci\u00f3 un d\u00eda fijo sino que se decidi\u00f3 celebrar en la luna llena del mes de mayo.<\/p>\n\n\n\n<p><strong>La&nbsp;<em>Organizaci\u00f3n de Naciones Unidas<\/em>&nbsp;reconoce la celebraci\u00f3n del D\u00eda de Vesak desde 1999<\/strong>, y organiza una celebraci\u00f3n especial en su sede de Nueva York y en el resto de sus oficinas.<\/p>\n\n\n\n<h2 class=\"wp-block-heading\" id=\"resTit_4\">C\u00f3mo celebrar Vesak<\/h2>\n\n\n\n<figure class=\"wp-block-image size-full\"><img decoding=\"async\" width=\"650\" height=\"433\" src=\"https:\/\/losperiodistas.com.mx\/portal\/wp-content\/uploads\/2025\/05\/05-07-dia-de-vesak_meditacion_m.jpg\" alt=\"\" class=\"wp-image-99333\" title=\"La meditaci\u00f3n se usa para alcanzar la iluminaci\u00f3n\" srcset=\"https:\/\/losperiodistas.com.mx\/portal\/wp-content\/uploads\/2025\/05\/05-07-dia-de-vesak_meditacion_m.jpg 650w, https:\/\/losperiodistas.com.mx\/portal\/wp-content\/uploads\/2025\/05\/05-07-dia-de-vesak_meditacion_m-300x200.jpg 300w\" sizes=\"(max-width: 650px) 100vw, 650px\" \/><figcaption class=\"wp-element-caption\">La meditaci\u00f3n se usa para alcanzar la iluminaci\u00f3n<\/figcaption><\/figure>\n\n\n\n<p><strong>Seg\u00fan cuenta la tradici\u00f3n fue el propio Buda quien dio instrucciones para celebrar este d\u00eda<\/strong>. Existe una breve f\u00e1bula para ello. El d\u00eda en que Buda iba a morir, \u00e9ste vio a su fiel servidor llorando. Buda le aconsej\u00f3 no llorar sino comprender la ley universal en la que todas las cosas son impermanentes, incluido su propio cuerpo.<\/p>\n\n\n\n<p>Aconsej\u00f3 a las personas a no llorar por la extinci\u00f3n del cuerpo f\u00edsico sino a seguir sus ense\u00f1anzas, conocidas como&nbsp;<strong><em>el Dharma<\/em><\/strong>, porque solo \u00e9stas son eternas e permanentes.<\/p>\n\n\n\n<p>Tambi\u00e9n dijo que no le rindieran homenaje con ofrendas de flores, incienso ni luces sino trabajando para seguir sus ense\u00f1anzas, tratando de seguir una vida noble y practicar la bondad.<\/p>\n\n\n\n<p>El&nbsp;<strong>D\u00eda de Vesak<\/strong>&nbsp;es fiesta vacacional en todos los pa\u00edses asi\u00e1ticos con presencia del budismo, pero realmente este d\u00eda se celebra en todo el mundo.<\/p>\n\n\n\n<p><img decoding=\"async\" src=\"https:\/\/www.diainternacionalde.com\/imagenes\/equipo-humano\/patricia-lopez-redactora-jefa.jpg\">Patricia L\u00f3pez. Periodista.<a href=\"https:\/\/twitter.com\/plcasalengua\" target=\"_blank\" rel=\"noreferrer noopener\">plcasalengua<\/a><\/p>\n\n\n\n<p>Fuente: <a href=\"https:\/\/www.diainternacionalde.com\/ficha\/dia-de-vesak\">https:\/\/www.diainternacionalde.com\/ficha\/dia-de-vesak<\/a><\/p>\n","protected":false},"excerpt":{"rendered":"<p>REDACCI\u00d3N D\u00cdA INTERNACIONAL DE El d\u00eda de la luna llena de mayo se celebra el D\u00eda de Vesak.&nbsp;Por tanto es [&hellip;]<\/p>\n","protected":false},"author":1,"featured_media":99332,"comment_status":"open","ping_status":"open","sticky":false,"template":"","format":"standard","meta":{"site-sidebar-layout":"default","site-content-layout":"","ast-site-content-layout":"default","site-content-style":"default","site-sidebar-style":"default","ast-global-header-display":"","ast-banner-title-visibility":"","ast-main-header-display":"","ast-hfb-above-header-display":"","ast-hfb-below-header-display":"","ast-hfb-mobile-header-display":"","site-post-title":"","ast-breadcrumbs-content":"","ast-featured-img":"","footer-sml-layout":"","theme-transparent-header-meta":"","adv-header-id-meta":"","stick-header-meta":"","header-above-stick-meta":"","header-main-stick-meta":"","header-below-stick-meta":"","astra-migrate-meta-layouts":"default","ast-page-background-enabled":"default","ast-page-background-meta":{"desktop":{"background-color":"var(--ast-global-color-4)","background-image":"","background-repeat":"repeat","background-position":"center center","background-size":"auto","background-attachment":"scroll","background-type":"","background-media":"","overlay-type":"","overlay-color":"","overlay-opacity":"","overlay-gradient":""},"tablet":{"background-color":"","background-image":"","background-repeat":"repeat","background-position":"center center","background-size":"auto","background-attachment":"scroll","background-type":"","background-media":"","overlay-type":"","overlay-color":"","overlay-opacity":"","overlay-gradient":""},"mobile":{"background-color":"","background-image":"","background-repeat":"repeat","background-position":"center center","background-size":"auto","background-attachment":"scroll","background-type":"","background-media":"","overlay-type":"","overlay-color":"","overlay-opacity":"","overlay-gradient":""}},"ast-content-background-meta":{"desktop":{"background-color":"var(--ast-global-color-5)","background-image":"","background-repeat":"repeat","background-position":"center center","background-size":"auto","background-attachment":"scroll","background-type":"","background-media":"","overlay-type":"","overlay-color":"","overlay-opacity":"","overlay-gradient":""},"tablet":{"background-color":"var(--ast-global-color-5)","background-image":"","background-repeat":"repeat","background-position":"center center","background-size":"auto","background-attachment":"scroll","background-type":"","background-media":"","overlay-type":"","overlay-color":"","overlay-opacity":"","overlay-gradient":""},"mobile":{"background-color":"var(--ast-global-color-5)","background-image":"","background-repeat":"repeat","background-position":"center center","background-size":"auto","background-attachment":"scroll","background-type":"","background-media":"","overlay-type":"","overlay-color":"","overlay-opacity":"","overlay-gradient":""}},"footnotes":""},"categories":[8],"tags":[38336,5380,38337,38334,38335],"class_list":["post-99330","post","type-post","status-publish","format-standard","has-post-thumbnail","hentry","category-noticias","tag-buda","tag-budismo","tag-dharma","tag-dia-de-vesak","tag-luna-llena-de-mayo"],"_links":{"self":[{"href":"https:\/\/losperiodistas.com.mx\/portal\/wp-json\/wp\/v2\/posts\/99330","targetHints":{"allow":["GET"]}}],"collection":[{"href":"https:\/\/losperiodistas.com.mx\/portal\/wp-json\/wp\/v2\/posts"}],"about":[{"href":"https:\/\/losperiodistas.com.mx\/portal\/wp-json\/wp\/v2\/types\/post"}],"author":[{"embeddable":true,"href":"https:\/\/losperiodistas.com.mx\/portal\/wp-json\/wp\/v2\/users\/1"}],"replies":[{"embeddable":true,"href":"https:\/\/losperiodistas.com.mx\/portal\/wp-json\/wp\/v2\/comments?post=99330"}],"version-history":[{"count":1,"href":"https:\/\/losperiodistas.com.mx\/portal\/wp-json\/wp\/v2\/posts\/99330\/revisions"}],"predecessor-version":[{"id":99334,"href":"https:\/\/losperiodistas.com.mx\/portal\/wp-json\/wp\/v2\/posts\/99330\/revisions\/99334"}],"wp:featuredmedia":[{"embeddable":true,"href":"https:\/\/losperiodistas.com.mx\/portal\/wp-json\/wp\/v2\/media\/99332"}],"wp:attachment":[{"href":"https:\/\/losperiodistas.com.mx\/portal\/wp-json\/wp\/v2\/media?parent=99330"}],"wp:term":[{"taxonomy":"category","embeddable":true,"href":"https:\/\/losperiodistas.com.mx\/portal\/wp-json\/wp\/v2\/categories?post=99330"},{"taxonomy":"post_tag","embeddable":true,"href":"https:\/\/losperiodistas.com.mx\/portal\/wp-json\/wp\/v2\/tags?post=99330"}],"curies":[{"name":"wp","href":"https:\/\/api.w.org\/{rel}","templated":true}]}}