{"id":99327,"date":"2025-05-12T08:30:50","date_gmt":"2025-05-12T14:30:50","guid":{"rendered":"https:\/\/losperiodistas.com.mx\/portal\/?p=99327"},"modified":"2025-05-12T07:46:14","modified_gmt":"2025-05-12T13:46:14","slug":"las-ventas-donde-aun-se-mide-todo-por-el-toro-la-razon","status":"publish","type":"post","link":"https:\/\/losperiodistas.com.mx\/portal\/las-ventas-donde-aun-se-mide-todo-por-el-toro-la-razon\/","title":{"rendered":"Las Ventas, donde a\u00fan se mide todo por el toro | La Raz\u00f3n"},"content":{"rendered":"\n<h2 class=\"wp-block-heading\">Con 28 festejos, siete encastes y 23 hierros escogidos con criterio, San Isidro se reafirma como el gran term\u00f3metro de la diversidad, la bravura y la seriedad del toro actual<\/h2>\n\n\n\n<figure class=\"wp-block-image size-large\"><img fetchpriority=\"high\" decoding=\"async\" width=\"1024\" height=\"576\" src=\"https:\/\/losperiodistas.com.mx\/portal\/wp-content\/uploads\/2025\/05\/estos-son-espectaculares-toros-victoriano-rio-descorchar-feria-san-isidro_98-1024x576.webp\" alt=\"\" class=\"wp-image-99328\" srcset=\"https:\/\/losperiodistas.com.mx\/portal\/wp-content\/uploads\/2025\/05\/estos-son-espectaculares-toros-victoriano-rio-descorchar-feria-san-isidro_98-1024x576.webp 1024w, https:\/\/losperiodistas.com.mx\/portal\/wp-content\/uploads\/2025\/05\/estos-son-espectaculares-toros-victoriano-rio-descorchar-feria-san-isidro_98-300x169.webp 300w, https:\/\/losperiodistas.com.mx\/portal\/wp-content\/uploads\/2025\/05\/estos-son-espectaculares-toros-victoriano-rio-descorchar-feria-san-isidro_98-768x432.webp 768w, https:\/\/losperiodistas.com.mx\/portal\/wp-content\/uploads\/2025\/05\/estos-son-espectaculares-toros-victoriano-rio-descorchar-feria-san-isidro_98-1536x864.webp 1536w, https:\/\/losperiodistas.com.mx\/portal\/wp-content\/uploads\/2025\/05\/estos-son-espectaculares-toros-victoriano-rio-descorchar-feria-san-isidro_98.webp 1900w\" sizes=\"(max-width: 1024px) 100vw, 1024px\" \/><figcaption class=\"wp-element-caption\"><strong>Estos son los espectaculares toros de Victoriano del R\u00edo para descorchar la feria de San Isidro<\/strong> | Alfredo Ar\u00e9valoPlaza 1<\/figcaption><\/figure>\n\n\n\n<p class=\"has-vivid-red-color has-text-color has-link-color has-medium-font-size wp-elements-02e174ed0e1ed87c37790d0c7e77ab4e\"><strong><a href=\"https:\/\/www.larazon.es\/autores\/david-jaramillo\/\">David Jaramillo<\/a> \/ La Raz\u00f3n<\/strong><\/p>\n\n\n\n<p><\/p>\n\n\n\n<p>En la tauromaquia contempor\u00e1nea, donde la pirotecnia del cartel suele eclipsar la ra\u00edz del rito, Madrid mantiene el equilibrio en una f\u00f3rmula que solo all\u00ed puede sostenerse: dar al toro la condici\u00f3n de eje, juez y medida de todo cuanto ocurre en la arena. El San Isidro de 2025, que arranca este viernes 9 de mayo con 28 festejos distribuidos en 23 corridas de toros, tres novilladas y dos corridas de rejones, se sostiene \u2014una vez m\u00e1s\u2014 en esa premisa. Que la fiesta sea lo que el toro proponga. Que la verdad llegue desde toriles.<\/p>\n\n\n\n<h2 class=\"wp-block-heading\">M\u00e1s Noticias<\/h2>\n\n\n\n<ul class=\"wp-block-list\">\n<li><a href=\"https:\/\/www.larazon.es\/cultura\/toros\/cartucho-malgastado_202505126821b51b57a5aa2cde20e12d.html\">ValenciaUn cartucho malgastado<\/a><\/li>\n\n\n\n<li><a href=\"https:\/\/www.larazon.es\/cultura\/toros\/estos-son-carteles-san-isidro-que-puedes-perder-esperada-novillada-gran-celebracion_202505126821a4baf7f20a10d03a915c.html\">MadridEstos son los carteles de San Isidro que no te puedes perder: una esperada novillada y una gran celebraci\u00f3n<\/a><\/li>\n\n\n\n<li><a href=\"https:\/\/www.larazon.es\/cultura\/toros\/gran-explosion-amargado-perera-que-fue_2025051168210399176f225ec61eb047.html\">San IsidroUna gran explosi\u00f3n de \u00abAmargado\u00bb y Perera (que no fue)<\/a><\/li>\n<\/ul>\n\n\n\n<p>La duraci\u00f3n misma del ciclo es lo que permite a San Isidro convertirse, cada a\u00f1o, en la gran abanderada de la variedad. Ninguna otra feria del mundo, por n\u00famero de festejos, puede permitirse el lujo \u2014ni la responsabilidad\u2014 de lidiar tantos encastes diferentes en tan corto espacio de tiempo<strong>. Madrid ofrece, en apenas un mes, un escaparate real de la diversidad gen\u00e9tica del toro bravo,&nbsp;<\/strong>algo que en otras plazas solo se puede observar disperso a lo largo de toda la temporada. Aqu\u00ed conviven Domecq con Santa Coloma, N\u00fa\u00f1ez con Gamero C\u00edvico, Murube con Albaserrada. No es solo una cuesti\u00f3n de nombres:&nbsp;<strong>es un ejercicio de pluralidad ganadera<\/strong>&nbsp;que tiene en la plaza de toros de&nbsp;<a href=\"https:\/\/www.larazon.es\/tags\/las-ventas\/\" target=\"_blank\" rel=\"noreferrer noopener\">Las Ventas<\/a>&nbsp;su mejor vitrina.<\/p>\n\n\n\n<p>Este a\u00f1o, m\u00e1s que en otros, esa centralidad del toro cobra un valor especial. No solo porque se ha producido una criba evidente en el n\u00famero de ganader\u00edas anunciadas \u201423 frente a las 29 del pasado a\u00f1o, sino porque la elecci\u00f3n responde a un criterio de coherencia y funcionalidad: se reduce el n\u00famero, s\u00ed, pero se apuesta por ganader\u00edas con fondo, con estructura y, sobre todo, con la capacidad de cubrir las exigencias que impone esta plaza.<strong>&nbsp;Madrid no ha bajado el list\u00f3n, y el campo bravo a\u00fan acusa las secuelas de un periodo econ\u00f3mico adverso.<\/strong><\/p>\n\n\n\n<p>La reducci\u00f3n tambi\u00e9n alcanza al n\u00famero de encastes presentes, que este a\u00f1o ser\u00e1n siete:\u00a0<strong>Domecq, Albaserrada, Murube, N\u00fa\u00f1ez, Santa Coloma, Atanasio-Lisardo y Gamero C\u00edvico.\u00a0<\/strong>Menos variedad, en apariencia, pero una apuesta m\u00e1s realista ante un contexto en el que cuesta no ya encontrar un encaste diferente, sino simplemente completar una corrida con seis toros aptos para\u00a0<a href=\"https:\/\/www.larazon.es\/tags\/las-ventas\/\" target=\"_blank\" rel=\"noreferrer noopener\">Las Ventas<\/a>. El toro de Madrid no solo se mide en trap\u00edo y pitones: se mide en la edad, en la seriedad, en la integridad. Y eso es caro. Muy caro.<a href=\"https:\/\/www.outbrain.com\/what-is\/default\/es\"><\/a><\/p>\n\n\n\n<p>En 2024, por ejemplo, se lidiaron 168 reses en total (136 toros, 14 m\u00e1s para rejones y 18 novillos), pertenecientes a 35 hierros distintos, aunque solo se anunciaron 29. El baile de corrales, los rechazos en el reconocimiento y los remiendos de \u00faltima hora (sobreros incluidos) hicieron que hasta seis ganader\u00edas no previstas terminaran completando el ciclo.&nbsp;<strong>Una feria de 28 festejos con 35 divisas es, cuanto menos, un aviso.&nbsp;<\/strong>La dificultad para reunir seis toros v\u00e1lidos es ya una constante. Lo fue en 2024 y se prev\u00e9 que lo siga siendo.<\/p>\n\n\n\n<h2 class=\"wp-block-heading\">El toro de mayor volumen<\/h2>\n\n\n\n<p>A ello se suma la presi\u00f3n del volumen. En la pasada edici\u00f3n, el peso promedio de los toros a pie fue de 565 kg, catorce m\u00e1s que el a\u00f1o anterior. Los de rejones subieron 11 kilos en promedio hasta 568 kg y los novillos alcanzaron una media de 500 kg (tambi\u00e9n aument\u00f3 el promedio en 3 kilos).<strong>&nbsp;Lo que en principio no es m\u00e1s que un dato estad\u00edstico, esconde en s\u00ed mismo una tendencia peligrosa.<\/strong>&nbsp;Nada nueva, por cierto, pero muy preocupante, mucho m\u00e1s cuando en las \u00faltimas semanas hemos evidenciado en Madrid como una corrida de Santa Coloma (estirpe menuda y arm\u00f3nica en sus hechuras protot\u00edpicas) super\u00f3 los 609 kg de media, con ejemplares que llegaron a los 629. Este fen\u00f3meno tiene doble lectura: por un lado, confirma el aumento de exigencia morfol\u00f3gica; por otro, plantea dudas sobre si tanto peso sigue siendo funcional para el tipo de lidia que se busca.<\/p>\n\n\n\n<p>Ese nivel de exigencia es tambi\u00e9n responsable de algunas ausencias llamativas este a\u00f1o. Ganader\u00edas como&nbsp;<strong>Santiago Domecq o Baltasar Ib\u00e1n,&nbsp;<\/strong>que dejaron una gran imagen en 2024, no han podido regresar a San Isidro por no contar con una corrida completa con las condiciones que demanda Madrid. En el caso de&nbsp;<strong>Miura<\/strong>, la situaci\u00f3n parece obedecer m\u00e1s a criterios comerciales, dado que se trata de una casa con una morfolog\u00eda que le permite cumplir con comodidad suficiente las exigencias para presentarse en cualquier plaza. En su lugar, aparecen divisas como las d<strong>e Dolores Aguirre, Ara\u00faz de Robles y Pedraza de Yeltes,&nbsp;<\/strong>que ofrecer\u00e1n nuevas lecturas y perfiles dentro del ciclo.<\/p>\n\n\n\n<p>Volviendo al San Isidro 2024, que no hubiera ni una sola vuelta al ruedo oficial en todo el ciclo tambi\u00e9n da que pensar. Sobre todo, porque no fue por falta de candidatos. Hubo toros que dejaron una impresi\u00f3n muy por encima de la media, como<strong>&nbsp;\u00abBastonito\u00bb, de Baltasar Ib\u00e1n; \u00abOrgulloso\u00bb, de Fuente Ymbro; \u00abPeriquito\u00bb, de La Quinta; \u00abEspadach\u00edn\u00bb, de Toros de El Torero; \u00abDulce\u00bb, de Victoriano del R\u00edo; o \u00abGara\u00f1uelo\u00bb, de Victorino Mart\u00edn.<\/strong>&nbsp;Tambi\u00e9n los hubo en la camada de Santiago Domecq, con nombres como&nbsp;<strong>\u00abTejonero\u00bb y \u00abExperto\u00bb.&nbsp;<\/strong>Todos ellos ofrecieron embestidas repletas de bravura, calidad, fijeza y transmisi\u00f3n. Seguramente alguno o varios de ellos de verdad merecieron tal reconocimiento, ya que no es f\u00e1cil que un toro embista con tantas cualidades en un ruedo tan exigente como el madrile\u00f1o, pero a veces lo que deber\u00eda ser un rigor constante y bien entendido desde el palco, se convierte en puntual intransigencia con nombre y apellido.<\/p>\n\n\n\n<figure class=\"wp-block-image\"><img decoding=\"async\" src=\"https:\/\/fotografias.larazon.es\/clipping\/cmsimages01\/2025\/05\/06\/0598DBCF-B6A2-473D-867A-4A93734141A3\/san-isidro-2025_123.jpg?&amp;optimize=high&amp;format=webply\" alt=\"San Isidro 2025\"\/><figcaption class=\"wp-element-caption\"><strong>San Isidro 2025<\/strong>T. NietoLA RAZ\u00d3N<\/figcaption><\/figure>\n\n\n\n<p>M\u00e1s all\u00e1 de esto, es imposible olvidar, no solo los ejemplares mencionados (y alguno m\u00e1s), sino encierros completos de juego extraordinario, como las corridas de&nbsp;<a href=\"https:\/\/www.larazon.es\/tags\/victorino-martin\/\" target=\"_blank\" rel=\"noreferrer noopener\">Victorino Mart\u00edn<\/a>&nbsp;y&nbsp;<strong>Santiago Domecq en la lidia a pie, la de El Capea entre las de rejones, y la novillada de Fuente Ymbro.<\/strong><\/p>\n\n\n\n<p>Otro dato que marca la diferencia es la edad: de los 150 toros lidiados a pie en 2024, 87 eran cinque\u00f1os. Es decir, el 58% del total. Una proporci\u00f3n que va en aumento y que vuelve a poner el foco en la inversi\u00f3n ganadera. Criar un toro bravo ya es costoso. Mantenerlo hasta los cinco a\u00f1os, con los est\u00e1ndares de alimentaci\u00f3n, sanidad y presentaci\u00f3n que exige Madrid, lo es todav\u00eda m\u00e1s. Y no todas las ganader\u00edas pueden asumirlo.<\/p>\n\n\n\n<p>En ese marco, la figura de Florito se reafirma como una de las piezas m\u00e1s valiosas de la estructura vente\u00f1a. Como mayoral jefe, sigue al frente del apartado y del criterio t\u00e9cnico en la elecci\u00f3n de toros. Su continuidad garantiza que el proceso siga siendo riguroso, t\u00e9cnico y ajustado al sentido hist\u00f3rico de lo que esta plaza representa.&nbsp;<strong>Bajo su mirada, el toro no es una pieza m\u00e1s del engranaje: es el centro del juego.<\/strong><\/p>\n\n\n\n<p>La presencia mayoritaria de ganader\u00edas adscritas a la&nbsp;<a href=\"https:\/\/www.larazon.es\/cultura\/toros\/120-anos-defendiendo-toro-bravo_2025041567fe954da1a8a90001ac99ad.html\" target=\"_blank\" rel=\"noreferrer noopener\">Real Uni\u00f3n de Criadores de Toros de Lidia<\/a>&nbsp;\u201422 de los 23 hierros anunciados en el ciclo\u2014 no responde a una decisi\u00f3n conmemorativa, sino a un hecho estructural: la&nbsp;<a href=\"https:\/\/www.larazon.es\/cultura\/toros\/120-anos-defendiendo-toro-bravo_2025041567fe954da1a8a90001ac99ad.html\" target=\"_blank\" rel=\"noreferrer noopener\">RUCTL<\/a>&nbsp;es la asociaci\u00f3n m\u00e1s antigua y la m\u00e1s representativa del campo bravo. Su peso hist\u00f3rico e institucional la convierte, por l\u00f3gica, en el gran eje vertebrador de la oferta ganadera en una feria como San Isidro. Que esta coincidencia se d\u00e9 justo en el a\u00f1o en que la entidad celebra su 120 aniversario a\u00f1ade un valor simb\u00f3lico, pero no altera la l\u00f3gica del fondo: en Madrid lidian los que est\u00e1n en condiciones de venir.&nbsp;<strong>Y la mayor\u00eda de ellos, casi por definici\u00f3n, est\u00e1n en la Uni\u00f3n.&nbsp;<\/strong>El homenaje que la entidad recibir\u00e1 durante la feria de San Isidro es un reconocimiento mucho m\u00e1s que merecido a una labor de la que, adem\u00e1s de pioneros, se han convertido en ejemplo.<\/p>\n\n\n\n<p>Y si hablamos de reconocimientos merecidos, la corrida In Memoriam dedicada a&nbsp;<a href=\"https:\/\/www.larazon.es\/tags\/victorino-martin\/\" target=\"_blank\" rel=\"noreferrer noopener\">Victorino Mart\u00edn Andr\u00e9s<\/a>&nbsp;es prueba de que la afici\u00f3n no olvida. No es un simple homenaje a uno de los grandes nombres de la ganader\u00eda moderna. Es una forma de recordar que el toro sigue siendo, en esencia, el que pone a todos en su sitio. La memoria de&nbsp;<a href=\"https:\/\/www.larazon.es\/tags\/victorino-martin\/\" target=\"_blank\" rel=\"noreferrer noopener\">Victorino<\/a>&nbsp;es tambi\u00e9n la memoria del toro que emociona, que impone, que exige.<strong>&nbsp;Ese que, cuando aparece, cambia el rumbo de una feria.<\/strong><\/p>\n\n\n\n<p>San Isidro 2025, en definitiva, no es una feria de nombres, sino de fondo. De base ganadera, de criterio, de respeto a la ra\u00edz y a lo que da sentido a todo. Con menos ganader\u00edas, con encastes seleccionados y con el toro \u2014otra vez\u2014 en el centro del ruedo. Madrid no se ha rendido al espect\u00e1culo vac\u00edo. Aqu\u00ed sigue habiendo verdad. Y mientras eso se mantenga, el alma de&nbsp;<a href=\"https:\/\/www.larazon.es\/tags\/las-ventas\/\" target=\"_blank\" rel=\"noreferrer noopener\">Las Ventas<\/a>&nbsp;seguir\u00e1 rugiendo.<\/p>\n\n\n\n<h2 class=\"wp-block-heading\">El Bat\u00e1n vuelve a perderse en el olvido<\/h2>\n\n\n\n<p>Tres a\u00f1os despu\u00e9s del anuncio institucional que promet\u00eda su reapertura, la Venta del Bat\u00e1n sigue sin ejercer el papel que hist\u00f3ricamente tuvo como antesala de la Feria de San Isidro. Aquella visita de diciembre de 2021 de Isabel D\u00edaz Ayuso y Jos\u00e9 Luis Mart\u00ednez-Almeida qued\u00f3 en una declaraci\u00f3n de intenciones sin recorrido pr\u00e1ctico. Hoy, los corrales del&nbsp;<a href=\"https:\/\/www.larazon.es\/cultura\/toros\/lio-toros-batan_20230525646f2a97ea31940001b84fbb.html\" target=\"_blank\" rel=\"noreferrer noopener\">Bat\u00e1n&nbsp;<\/a>solo acogen a los sobreros de la temporada, mientras que los toros titulares pasan directamente a los corrales de&nbsp;<a href=\"https:\/\/www.larazon.es\/tags\/las-ventas\/\" target=\"_blank\" rel=\"noreferrer noopener\">Las Ventas<\/a>, sin que el aficionado pueda verlos antes.&nbsp;<strong>El sector ganadero ha reclamado, sin \u00e9xito, que se habilite el recinto como espacio voluntario de exhibici\u00f3n y que el primer reconocimiento veterinario se realice all\u00ed,&nbsp;<\/strong>antes de someter a los toros a la exposici\u00f3n p\u00fablica. Nada de esto se ha materializado. El abandono t\u00e9cnico y estructural del recinto impide que el Bat\u00e1n recupere su rol como punto de encuentro entre afici\u00f3n, ganadero y toro. Un espacio simb\u00f3lico que Madrid a\u00fan no ha sabido devolver a la vida.<\/p>\n\n\n\n<p>Fuente: <a href=\"https:\/\/www.larazon.es\/cultura\/toros\/ventas-donde-aun-mide-todo-toro_202505126821b8a957a5aa2cde20e4f8.html\">https:\/\/www.larazon.es\/cultura\/toros\/ventas-donde-aun-mide-todo-toro_202505126821b8a957a5aa2cde20e4f8.html<\/a><\/p>\n\n\n\n<p><\/p>\n","protected":false},"excerpt":{"rendered":"<p>Con 28 festejos, siete encastes y 23 hierros escogidos con criterio, San Isidro se reafirma como el gran term\u00f3metro de [&hellip;]<\/p>\n","protected":false},"author":1,"featured_media":99328,"comment_status":"open","ping_status":"open","sticky":false,"template":"","format":"standard","meta":{"site-sidebar-layout":"default","site-content-layout":"","ast-site-content-layout":"default","site-content-style":"default","site-sidebar-style":"default","ast-global-header-display":"","ast-banner-title-visibility":"","ast-main-header-display":"","ast-hfb-above-header-display":"","ast-hfb-below-header-display":"","ast-hfb-mobile-header-display":"","site-post-title":"","ast-breadcrumbs-content":"","ast-featured-img":"","footer-sml-layout":"","theme-transparent-header-meta":"","adv-header-id-meta":"","stick-header-meta":"","header-above-stick-meta":"","header-main-stick-meta":"","header-below-stick-meta":"","astra-migrate-meta-layouts":"default","ast-page-background-enabled":"default","ast-page-background-meta":{"desktop":{"background-color":"var(--ast-global-color-4)","background-image":"","background-repeat":"repeat","background-position":"center center","background-size":"auto","background-attachment":"scroll","background-type":"","background-media":"","overlay-type":"","overlay-color":"","overlay-opacity":"","overlay-gradient":""},"tablet":{"background-color":"","background-image":"","background-repeat":"repeat","background-position":"center center","background-size":"auto","background-attachment":"scroll","background-type":"","background-media":"","overlay-type":"","overlay-color":"","overlay-opacity":"","overlay-gradient":""},"mobile":{"background-color":"","background-image":"","background-repeat":"repeat","background-position":"center center","background-size":"auto","background-attachment":"scroll","background-type":"","background-media":"","overlay-type":"","overlay-color":"","overlay-opacity":"","overlay-gradient":""}},"ast-content-background-meta":{"desktop":{"background-color":"var(--ast-global-color-5)","background-image":"","background-repeat":"repeat","background-position":"center center","background-size":"auto","background-attachment":"scroll","background-type":"","background-media":"","overlay-type":"","overlay-color":"","overlay-opacity":"","overlay-gradient":""},"tablet":{"background-color":"var(--ast-global-color-5)","background-image":"","background-repeat":"repeat","background-position":"center center","background-size":"auto","background-attachment":"scroll","background-type":"","background-media":"","overlay-type":"","overlay-color":"","overlay-opacity":"","overlay-gradient":""},"mobile":{"background-color":"var(--ast-global-color-5)","background-image":"","background-repeat":"repeat","background-position":"center center","background-size":"auto","background-attachment":"scroll","background-type":"","background-media":"","overlay-type":"","overlay-color":"","overlay-opacity":"","overlay-gradient":""}},"footnotes":""},"categories":[8],"tags":[35561,9674,38333,2745],"class_list":["post-99327","post","type-post","status-publish","format-standard","has-post-thumbnail","hentry","category-noticias","tag-feria-de-san-isidro","tag-las-ventas","tag-madrid-toros","tag-tauromaquia"],"_links":{"self":[{"href":"https:\/\/losperiodistas.com.mx\/portal\/wp-json\/wp\/v2\/posts\/99327","targetHints":{"allow":["GET"]}}],"collection":[{"href":"https:\/\/losperiodistas.com.mx\/portal\/wp-json\/wp\/v2\/posts"}],"about":[{"href":"https:\/\/losperiodistas.com.mx\/portal\/wp-json\/wp\/v2\/types\/post"}],"author":[{"embeddable":true,"href":"https:\/\/losperiodistas.com.mx\/portal\/wp-json\/wp\/v2\/users\/1"}],"replies":[{"embeddable":true,"href":"https:\/\/losperiodistas.com.mx\/portal\/wp-json\/wp\/v2\/comments?post=99327"}],"version-history":[{"count":1,"href":"https:\/\/losperiodistas.com.mx\/portal\/wp-json\/wp\/v2\/posts\/99327\/revisions"}],"predecessor-version":[{"id":99329,"href":"https:\/\/losperiodistas.com.mx\/portal\/wp-json\/wp\/v2\/posts\/99327\/revisions\/99329"}],"wp:featuredmedia":[{"embeddable":true,"href":"https:\/\/losperiodistas.com.mx\/portal\/wp-json\/wp\/v2\/media\/99328"}],"wp:attachment":[{"href":"https:\/\/losperiodistas.com.mx\/portal\/wp-json\/wp\/v2\/media?parent=99327"}],"wp:term":[{"taxonomy":"category","embeddable":true,"href":"https:\/\/losperiodistas.com.mx\/portal\/wp-json\/wp\/v2\/categories?post=99327"},{"taxonomy":"post_tag","embeddable":true,"href":"https:\/\/losperiodistas.com.mx\/portal\/wp-json\/wp\/v2\/tags?post=99327"}],"curies":[{"name":"wp","href":"https:\/\/api.w.org\/{rel}","templated":true}]}}