{"id":99323,"date":"2025-05-12T06:16:55","date_gmt":"2025-05-12T12:16:55","guid":{"rendered":"https:\/\/losperiodistas.com.mx\/portal\/?p=99323"},"modified":"2025-05-12T06:16:56","modified_gmt":"2025-05-12T12:16:56","slug":"los-grandes-enemigos-de-prevost-en-peru-detras-de-la-campana-contra-el-nuevo-papa-el-confidencial","status":"publish","type":"post","link":"https:\/\/losperiodistas.com.mx\/portal\/los-grandes-enemigos-de-prevost-en-peru-detras-de-la-campana-contra-el-nuevo-papa-el-confidencial\/","title":{"rendered":"Los grandes enemigos de Prevost en Per\u00fa: detr\u00e1s de la campa\u00f1a contra el nuevo Papa | El Confidencial"},"content":{"rendered":"\n<h2 class=\"wp-block-heading has-luminous-vivid-amber-background-color has-background\">Cuando la opci\u00f3n del cardenal Prevost comenz\u00f3 a despuntar para el c\u00f3nclave, se puso en marcha una campa\u00f1a medi\u00e1tica donde se le acusaba de haber encubierto a curas abusadores<\/h2>\n\n\n\n<figure class=\"wp-block-image\"><img decoding=\"async\" src=\"https:\/\/images.ecestaticos.com\/kOP5yfE7k6huuyfZHR7JNXqvMDA=\/0x0:2272x1515\/1200x900\/filters:fill(white):format(jpg)\/f.elconfidencial.com%2Foriginal%2Fb10%2Fac4%2F7cd%2Fb10ac47cdaf4df06880981a43bca7bba.jpg\" alt=\"Foto: El papa Leon XIV. (EFE\/EPA)\"\/><figcaption class=\"wp-element-caption\">El papa Leon XIV. (EFE\/EPA)<\/figcaption><\/figure>\n\n\n\n<p class=\"has-vivid-red-color has-text-color has-link-color has-medium-font-size wp-elements-7f8ba8706685a01286851cd11488ca33\"><strong>Por\u00a0<a href=\"https:\/\/www.elconfidencial.com\/autores\/jose-lorenzo-5375\/\">Jos\u00e9 Lorenzo<\/a> \/ El Confidencial<\/strong><\/p>\n\n\n\n<p>Pedro Salinas se encontraba en la plaza de San Pedro el pasado jueves con otros miles de personas cuando a las 18:08 horas la chimenea de la Capilla Sixtina expuls\u00f3 una inequ\u00edvoca fumata blanca. No se sum\u00f3 a la algarab\u00eda que recibi\u00f3 la noticia de un nuevo papa porque se temi\u00f3 lo peor. Era la cuarta votaci\u00f3n. Todav\u00eda demasiado r\u00e1pida para desechar la candidatura de&nbsp;<a href=\"https:\/\/www.elconfidencial.com\/espana\/2025-05-07\/espana-apuesta-parolin-tagle-conclave-corto_4123223\/\">Pietro Parolin<\/a>, el secretario de Estado del Vaticano, el te\u00f3rico n\u00famero dos del difunto Francisco. Se encamin\u00f3 junto con su colega Paola Ugaz hacia la Sala Stampa, a unos ciento y poco metros, para escuchar desde all\u00ed el nombre. Seg\u00fan el marcado protocolo vaticano, faltaba una hora todav\u00eda hasta que el nuevo pont\u00edfice se asomase a la logia central de la bas\u00edlica de San Pedro. Cuando por fin sali\u00f3 el cardenal encargado de decir el nombre en lat\u00edn y pronunci\u00f3 el ya hist\u00f3rico<strong>&nbsp;\u2018Robertus Franciscus\u2019<\/strong>\u2026 no esperaron a o\u00edr el apellido y ambos periodistas se abrazaron y gritaron ante la pantalla un estruendoso \u2018\u00a1\u00a1Prevooost!!\u00bb.&nbsp;<\/p>\n\n\n\n<p>Robert Francis Prevost, ahora Le\u00f3n XIV, no era&nbsp;<strong>un simple&nbsp;<em>papabili<\/em>&nbsp;<\/strong>para ellos. Junto con el papa Francisco, hab\u00eda sido su tabla de salvaci\u00f3n cuando hace m\u00e1s de una d\u00e9cada comenzaron una investigaci\u00f3n period\u00edstica que acab\u00f3 con la disoluci\u00f3n, poco antes de fallecer el papa Bergoglio, de la organizaci\u00f3n Sodalicio de Vida Cristina por abusos de todo tipo por parte de su fundador, el peruano Luis Figari, por comportamiento sectario y un oscuro entramado empresarial con terminales en para\u00edsos fiscales, seg\u00fan sus denuncias, investigadas luego por el Vaticano. El Vaticano de Francisco, cabe precisar. Porque hay \u2018otro\u2019 Vaticano que puso piedras en el camino y sigue muy activo despu\u00e9s de Francisco.&nbsp;<\/p>\n\n\n\n<p>Pero&nbsp;<strong>ni Pedro Salinas ni Paola Ugaz&nbsp;<\/strong>salieron indemnes de aquella investigaci\u00f3n, plasmada en el libro&nbsp;<em>Mitad monjes, mitad soldados<\/em>&nbsp;(Planeta). Han sufrido campa\u00f1as de desprestigio, allanaron sus casas y comunicaciones y han sufrido un calvario judicial en un pa\u00eds donde el Sodalicio ten\u00eda l\u00ednea directa con la presidencia. Pero no solo ellos han pagado las consecuencias de aquella investigaci\u00f3n. Tambi\u00e9n quienes, desde dentro de la Iglesia, les dieron cr\u00e9dito, empezando por el difunto Francisco y su ahora sucesor, Prevost, quien conoci\u00f3 de primera mano la actuaci\u00f3n del&nbsp;<a href=\"https:\/\/www.elconfidencial.com\/mundo\/2025-04-22\/sodalicio-abusos-vaticano-disolucion-1hms_4112783\/\">Sodalicio<\/a>&nbsp;en sus tiempos en que estuvo en Per\u00fa como obispo, y luego como cardenal responsable de todos los obispos del mundo.<\/p>\n\n\n\n<figure class=\"wp-block-image\"><img decoding=\"async\" src=\"https:\/\/images.ecestaticos.com\/1ELJC_HHTnkxIBpxTDt3EarJUgY=\/0x0:1920x1080\/1200x900\/filters:fill(white):format(jpg)\/f.elconfidencial.com%2Foriginal%2Fee3%2F595%2F0d0%2Fee35950d056077224490963d6d6cf86a.jpg\" alt=\"Foto: Informaci\u00f3n publicada en Infovaticana. \"\/><\/figure>\n\n\n\n<p>TE PUEDE INTERESAR<a href=\"https:\/\/www.elconfidencial.com\/mundo\/2025-05-09\/papa-francisco-robert-prevost-acusaciones-1hms_4125343\/\">Una web espa\u00f1ola ultraconservadora, la mano negra detr\u00e1s de la campa\u00f1a de desprestigio contra el nuevo papa<\/a><\/p>\n\n\n\n<p>Irene Hdez. Velasco. Roma<\/p>\n\n\n\n<h2 class=\"wp-block-heading\">Del Informe Birrete al Informe Prevost<\/h2>\n\n\n\n<p>Y, aunque formalmente disuelto, sus terminales siguen operativas e insuflando dinero para campa\u00f1as que son repicadas por otros grupos ultracat\u00f3licos. Primero contra Francisco. Ahora contra Prevost, que en las v\u00edsperas del c\u00f3nclave ha vuelto a ser objeto de un montaje acus\u00e1ndole de haber encubierto<a href=\"https:\/\/www.elconfidencial.com\/mundo\/2025-05-02\/abusos-sexuales-iglesia-cardenales-papa-1hms_4120878\/\" target=\"_blank\" rel=\"noreferrer noopener\">&nbsp;abusos sexuales cuando era obispo<\/a>&nbsp;de Per\u00fa. No es nada nuevo. En 2018, una fundaci\u00f3n norteamericana inyect\u00f3 fondos con los que poner a investigar a un centenar de personas, entre ellas una decena de&nbsp;<strong>exagentes del FBI,<\/strong>&nbsp;para elaborar informes con los trapos sucios de sus eminencias e influir en un c\u00f3nclave. Era la operaci\u00f3n Red Hat Repor (Informe Birrete, podr\u00edamos traducir, en alusi\u00f3n al gorro rojo que portan los cardenales). Aquello no acab\u00f3 cuajando.&nbsp;<\/p>\n\n\n\n<p>Este a\u00f1o hemos asistido a un doble intento de presi\u00f3n a las puertas del mism\u00edsimo c\u00f3nclave. Por un lado, la entrega en mano a cada cardenal del \u00abInforme del Colegio Cardenalicio\u00bb, elaborado por dos periodistas estadounidenses vinculados con medios tradicionalistas e instituciones que tambi\u00e9n manejan grandes sumas de dinero, con las fichas de&nbsp;<strong>unos 40&nbsp;<em>papabili<\/em>.&nbsp;<\/strong>No era informaci\u00f3n muy ecu\u00e1nime y hac\u00eda meses que hab\u00edan puesto en marcha una web con el mismo objetivo.<\/p>\n\n\n\n<figure class=\"wp-block-image\"><img decoding=\"async\" src=\"https:\/\/images.ecestaticos.com\/olYDnkv_TfG2vgU6mFUlyJ4ahRw=\/0x0:2272x1516\/1200x900\/filters:fill(white):format(jpg)\/f.elconfidencial.com%2Foriginal%2F319%2F288%2F944%2F319288944aa96dbe272df0f92ccacb05.jpg\" alt=\"Foto: El papa Le\u00f3n XIV junto a su predecesor, el Papa Francisco. (Getty)\"\/><\/figure>\n\n\n\n<p>TE PUEDE INTERESAR<a href=\"https:\/\/www.elconfidencial.com\/mundo\/2025-05-09\/prevost-papa-leon-xiv-iglesia-1hms_4125366\/\">Le\u00f3n XIV no ser\u00e1 un calco de Francisco: una &#8216;china en la bota del cowboy&#8217; y una se\u00f1al del camino de la Iglesia<\/a><\/p>\n\n\n\n<p>Jos\u00e9 Lorenzo<\/p>\n\n\n\n<p>El otro intento parti\u00f3 de Espa\u00f1a. El portal Infovaticana public\u00f3 un informe titulado \u2018El caso Prevost\u2019, 40 p\u00e1ginas para acusar al cardenal de haber encubierto casos de abusos sexuales en Estados Unidos y en Per\u00fa. Las denuncias ya hab\u00edan sido investigadas y no arrojaban nada contra \u00e9l.&nbsp;<strong>El propio Francisco revis\u00f3 el caso<\/strong>&nbsp;sobre quien iba a nombrar jefe de la \u2018f\u00e1brica\u2019 de obispos y orden\u00f3 seguir adelante con su nombramiento. Ya en el Vaticano, ambos se ve\u00edan cada s\u00e1bado, en una relaci\u00f3n fluida y de confianza. Pero el informe contra&nbsp;<a href=\"https:\/\/www.elconfidencial.com\/mundo\/2025-05-08\/por-que-cardenal-robert-francis-prevost-ha-elegido-nombre-leon-xiv-lo-que-se-sabe-anteriores-pontifices-mismo-nombre-1qrt_4125103\/\">Prevost<\/a>&nbsp;volvi\u00f3 a publicarse cuando su candidatura empezaba a despuntar hace apenas una semana.&nbsp;<\/p>\n\n\n\n<p>\u00abEsas&nbsp;<strong>denuncias contra Prevost<\/strong>&nbsp;est\u00e1n armadas y empaquetadas hasta con lazo por el Sodalicio y vienen siendo ahora tambi\u00e9n utilizadas por la gente que lo detesta simplemente por ser de la misma l\u00ednea que el papa Francisco, por lo que se deduce que esta campa\u00f1a difamatoria va a continuar, no se detendr\u00e1\u00bb, se\u00f1ala Salinas en Roma a El Confidencial.<\/p>\n\n\n\n<figure class=\"wp-block-image size-large\"><img fetchpriority=\"high\" decoding=\"async\" width=\"1024\" height=\"768\" src=\"https:\/\/losperiodistas.com.mx\/portal\/wp-content\/uploads\/2025\/05\/f.elconfidencial.com_original_25c_d58_0e5_25cd580e59da3ec00853cd91b51edb6b-1024x768.jpg\" alt=\"\" class=\"wp-image-99324\" srcset=\"https:\/\/losperiodistas.com.mx\/portal\/wp-content\/uploads\/2025\/05\/f.elconfidencial.com_original_25c_d58_0e5_25cd580e59da3ec00853cd91b51edb6b-1024x768.jpg 1024w, https:\/\/losperiodistas.com.mx\/portal\/wp-content\/uploads\/2025\/05\/f.elconfidencial.com_original_25c_d58_0e5_25cd580e59da3ec00853cd91b51edb6b-300x225.jpg 300w, https:\/\/losperiodistas.com.mx\/portal\/wp-content\/uploads\/2025\/05\/f.elconfidencial.com_original_25c_d58_0e5_25cd580e59da3ec00853cd91b51edb6b-768x576.jpg 768w, https:\/\/losperiodistas.com.mx\/portal\/wp-content\/uploads\/2025\/05\/f.elconfidencial.com_original_25c_d58_0e5_25cd580e59da3ec00853cd91b51edb6b.jpg 1440w\" sizes=\"(max-width: 1024px) 100vw, 1024px\" \/><\/figure>\n\n\n\n<p>\u00abConozco a Robert Prevost por su actuaci\u00f3n en el caso Sodalicio, que fue impecable, crucial, fundamental\u00bb, a\u00f1ade el periodista, que acaba de publicar&nbsp;<a href=\"https:\/\/www.elconfidencial.com\/mundo\/2025-04-22\/sodalicio-abusos-vaticano-disolucion-1hms_4112783\/\"><em>La verdad nos hizo libres<\/em><\/a>&nbsp;(Debate), donde recuerda todo este cap\u00edtulo de su vida que le marc\u00f3 desde que, siendo un adolescente, entr\u00f3 a formar parte de esa organizaci\u00f3n que le convirti\u00f3 durante siete a\u00f1os \u00aben un talib\u00e1n cat\u00f3lico\u00bb. \u00abEl ahora papa Le\u00f3n XIV fue quien nos gestion\u00f3 el encuentro con Francisco en diciembre del a\u00f1o pasado, cuando nos reunimos con \u00e9l la periodista norteamericana<strong>&nbsp;Elise Ann Allen, Paola Ugaz y yo<\/strong>\u00ab, a\u00f1ade, en referencia a un momento crucial, de gran presi\u00f3n por parte del Sodalicio para evitar que Bergoglio firmara el documento con la supresi\u00f3n de la organizaci\u00f3n que ya ten\u00eda sobre la mesa. Arreciaron las acusaciones, los bulos recorrieron las redes e incluso se interpuso una denuncia en Lima contra el investigador que hab\u00eda enviado el Papa,&nbsp;<a href=\"https:\/\/www.elconfidencial.com\/deportes\/baloncesto\/2015-07-22\/jordi-bertomeu-euroliga-fiba_935887\/\">Jordi Bertomeu<\/a>.<\/p>\n\n\n\n<figure class=\"wp-block-image\"><img decoding=\"async\" src=\"https:\/\/images.ecestaticos.com\/Gltq0pBQrVze4IVeGQKfscNpP84=\/0x0:2272x1613\/1200x900\/filters:fill(white):format(jpg)\/f.elconfidencial.com%2Foriginal%2F1f7%2Fc1e%2F67d%2F1f7c1e67d82d4df0e6528bbc3085e58a.jpg\" alt=\"Foto: Antiguos miembros del Sodalicio de Vida Cristiana denuncian al fundador del grupo, Luis Fernando Figari. (EFE\/Ernesto Arias)\"\/><\/figure>\n\n\n\n<p>TE PUEDE INTERESAR<a href=\"https:\/\/www.elconfidencial.com\/mundo\/2025-04-22\/sodalicio-abusos-vaticano-disolucion-1hms_4112783\/\">El \u00faltimo golpe de mano de Francisco contra los ultras antes de morir<\/a><\/p>\n\n\n\n<p>Jos\u00e9 Lorenzo<\/p>\n\n\n\n<h2 class=\"wp-block-heading\">\u00abCampa\u00f1a alacranesca\u00bb<\/h2>\n\n\n\n<p>El trabajo de este sacerdote catal\u00e1n que, con el arzobispo Charles Scicluna, se entrevist\u00f3 con las v\u00edctimas del Sodalicio en Lima, fue determinante para que, de la mano de Prevost desde<strong>&nbsp;el Dicasterio para los Obispos,<\/strong>&nbsp;la organizaci\u00f3n fuese desmantelada por fases. \u00abLuego de la dimisi\u00f3n, entre comillas, del arzobispo de Piura, Jos\u00e9 Antonio Eguren, porque lo botaron, y era el obispo m\u00e1s connotado que ten\u00eda el Sodalicio, comenz\u00f3 esta campa\u00f1a difamatoria y alacranesca contra Prevost\u00bb, rememora el periodista.&nbsp;<\/p>\n\n\n\n<p>La primera vez que aparecen estas denuncias fue en el a\u00f1o 2023, recuerda Salinas, en un programa de una periodista peruana que se centr\u00f3 en la denuncia principal, los abusos de dos sacerdotes a tres ni\u00f1as, ahora mujeres, y donde se menciona de refil\u00f3n a&nbsp;<a href=\"https:\/\/www.elconfidencial.com\/mundo\/2025-05-08\/papa-prevost-iglesia-francisco-1hms_4125224\/\">Prevost<\/a>, que era el obispo de Chiclayo, donde se hab\u00edan desarrollado los hechos. El propio Prevost<strong>&nbsp;anim\u00f3 a las v\u00edctimas a presentar denuncia<\/strong>&nbsp;tambi\u00e9n por la v\u00eda civil, tras atenderlas personalmente, a la vez que tramitaba el asunto en el Vaticano. \u00abY es luego, a partir de un reportaje en un canal de propiedad de personas vinculadas a la derecha peruana, cuando reactivan el tema y a partir de ah\u00ed el Sodalicio le da un formato empaquetado que ha ido apareciendo cada poco tiempo y que, viendo la posible elecci\u00f3n de Prevost como papa, lo han vuelto a utilizar\u00bb.<\/p>\n\n\n\n<h2 class=\"wp-block-heading\">\u00abPrevost no fue un encubridor\u00bb<\/h2>\n\n\n\n<p>Pero,&nbsp;<strong>\u00bfhay algo de cierto en esas denuncias?&nbsp;<\/strong>\u00abPara variar, dentro de la metodolog\u00eda del Sodalicio, lo que se afirma en el fondo ocurri\u00f3. Es decir, hay tres v\u00edctimas, son reales, tres ni\u00f1as ahora mujeres que fueron abusadas por dos sacerdotes. Es decir, s\u00ed, existen esas v\u00edctimas. \u00bfCu\u00e1l es la mentira? Que Robert Prevost hizo lo que ten\u00eda que hacer y no fue un encubridor\u00bb, afirma tajante Salinas.<\/p>\n\n\n\n<figure class=\"wp-block-image\"><img decoding=\"async\" src=\"https:\/\/images.ecestaticos.com\/pZjVzCMXPAsOglamHqdMps2h4aI=\/0x0:2272x1509\/1200x900\/filters:fill(white):format(jpg)\/f.elconfidencial.com%2Foriginal%2F800%2Ffc7%2Fa9d%2F800fc7a9d9c22288a4aed503bba04118.jpg\" alt=\"Foto: El reci\u00e9n elegido papa Le\u00f3n XIV en el balc\u00f3n de la Bas\u00edlica de San Pedro. (Reuters\/Guglielmo Mangiapane)\"\/><\/figure>\n\n\n\n<p>TE PUEDE INTERESAR<a href=\"https:\/\/www.elconfidencial.com\/mundo\/2025-05-08\/leon-xiv-continuidad-papa-francisco-1hms_4125284\/\">La Iglesia queda en manos de Le\u00f3n XIV, un papa de todas las Am\u00e9ricas para un mundo nuevo<\/a><\/p>\n\n\n\n<p>Irene Hdez. Velasco. Roma&nbsp;Gr\u00e1ficos: Unidad de Datos<\/p>\n\n\n\n<p>\u00abFrancisco lleg\u00f3 a conocer esta metodolog\u00eda del Sodalicio por la campa\u00f1a que se hizo contra Paola Ugaz y contra m\u00ed en el Per\u00fa. Luego la vio tambi\u00e9n montada contra Prevost y contra Jordi Bertomeu. Francisco conoc\u00eda perfectamente la estrategia de este grupo de propagar&nbsp;<em><a href=\"https:\/\/www.elconfidencial.com\/tags\/temas\/fake-news-19536\/\">fake news<\/a><\/em>&nbsp;para desacreditar al cr\u00edtico, al denunciante\u00bb, asevera. Una de las \u00faltimas campa\u00f1as \u2013todav\u00eda con una denuncia penal en Per\u00fa\u2013 fue contra Jordi Bertomeu, alegando que hab\u00eda violado la privacidad de las v\u00edctimas del Sodalicio al filtrar sus identidades y su testimonio a la prensa, as\u00ed como de extralimitarse en sus funciones al no haber ido en \u00abmisi\u00f3n diplom\u00e1tica\u00bb de la Santa Sede, lo que le daba una inmunidad para&nbsp;<strong>no ser juzgado ni condenado<\/strong>. Era otra mentira. El conocido como \u2018el 007 de Francisco\u2019 iba con el respaldo del Papa, pero desde Secretar\u00eda de Estado, la que ejecuta las directrices diplom\u00e1ticas de la Santa Sede, bajo direcci\u00f3n de Pietro Parolin, el principal candidato de los conservadores, y oponente a Prevost, se resist\u00edan a mostrar un respaldo expl\u00edcito para evitar \u2013se aduc\u00eda\u2013 un conflicto entre estados. En el fondo, se desacreditaba al enviado del Papa y tambi\u00e9n a Prevost, que segu\u00eda desde primera l\u00ednea el desmantelamiento de la secta ultracat\u00f3lica.&nbsp;<\/p>\n\n\n\n<p>\u00abEn el caso Sodalicio, siempre he mencionado a&nbsp;<strong>cinco obispos<\/strong>&nbsp;que, durante los 25 a\u00f1os en los que el que esta organizaci\u00f3n camp\u00f3 a sus anchas con absoluta impunidad en la Iglesia, s\u00ed se compraron el pleito a favor de las v\u00edctimas, es decir, las creyeron\u00bb, se\u00f1ala Salinas. \u00abCarlos Castillo, arzobispo de Lima y cardenal que particip\u00f3 en el c\u00f3nclave; el cardenal Pedro Barreto, jesuita; el segundo obispo que tuvo&nbsp;<a href=\"https:\/\/www.elconfidencial.com\/mundo\/2025-04-22\/sodalicio-abusos-vaticano-disolucion-1hms_4112783\/\">Sodalicio<\/a>, Kay Schmalhausen, que acompa\u00f1\u00f3 a varias v\u00edctimas a partir del a\u00f1o 2011; Reinaldo Nann; y Robert Prevost. Este, junto a Carlos Castillo, han sido los dos prelados que en Per\u00fa contribuyeron a que el caso Sodalicio siga caminado, no se detenga. Y han sido los m\u00e1s emp\u00e1ticos con las v\u00edctimas\u00bb, subraya.&nbsp;<\/p>\n\n\n\n<p>Ahora, tras el nuevo ataque&nbsp;<strong>contra Prevost<\/strong>, Salinas conf\u00eda en que quien es ya el Papa de la Iglesia cat\u00f3lica act\u00fae. \u00abDeber\u00eda tomar medidas e identificar mejor a los que est\u00e1n detr\u00e1s y sancionarlos\u00bb. Y es probable que lo acabe haciendo. Algunos de estos medios ya est\u00e1n recogiendo velas.<\/p>\n\n\n\n<p>Fuente: <a href=\"https:\/\/www.elconfidencial.com\/mundo\/2025-05-12\/prevost-sodalicio-abusos-vaticano-1hms_4126570\/\">https:\/\/www.elconfidencial.com\/mundo\/2025-05-12\/prevost-sodalicio-abusos-vaticano-1hms_4126570\/<\/a><\/p>\n","protected":false},"excerpt":{"rendered":"<p>Cuando la opci\u00f3n del cardenal Prevost comenz\u00f3 a despuntar para el c\u00f3nclave, se puso en marcha una campa\u00f1a medi\u00e1tica donde [&hellip;]<\/p>\n","protected":false},"author":1,"featured_media":99325,"comment_status":"open","ping_status":"open","sticky":false,"template":"","format":"standard","meta":{"site-sidebar-layout":"default","site-content-layout":"","ast-site-content-layout":"default","site-content-style":"default","site-sidebar-style":"default","ast-global-header-display":"","ast-banner-title-visibility":"","ast-main-header-display":"","ast-hfb-above-header-display":"","ast-hfb-below-header-display":"","ast-hfb-mobile-header-display":"","site-post-title":"","ast-breadcrumbs-content":"","ast-featured-img":"","footer-sml-layout":"","theme-transparent-header-meta":"","adv-header-id-meta":"","stick-header-meta":"","header-above-stick-meta":"","header-main-stick-meta":"","header-below-stick-meta":"","astra-migrate-meta-layouts":"default","ast-page-background-enabled":"default","ast-page-background-meta":{"desktop":{"background-color":"var(--ast-global-color-4)","background-image":"","background-repeat":"repeat","background-position":"center center","background-size":"auto","background-attachment":"scroll","background-type":"","background-media":"","overlay-type":"","overlay-color":"","overlay-opacity":"","overlay-gradient":""},"tablet":{"background-color":"","background-image":"","background-repeat":"repeat","background-position":"center center","background-size":"auto","background-attachment":"scroll","background-type":"","background-media":"","overlay-type":"","overlay-color":"","overlay-opacity":"","overlay-gradient":""},"mobile":{"background-color":"","background-image":"","background-repeat":"repeat","background-position":"center center","background-size":"auto","background-attachment":"scroll","background-type":"","background-media":"","overlay-type":"","overlay-color":"","overlay-opacity":"","overlay-gradient":""}},"ast-content-background-meta":{"desktop":{"background-color":"var(--ast-global-color-5)","background-image":"","background-repeat":"repeat","background-position":"center center","background-size":"auto","background-attachment":"scroll","background-type":"","background-media":"","overlay-type":"","overlay-color":"","overlay-opacity":"","overlay-gradient":""},"tablet":{"background-color":"var(--ast-global-color-5)","background-image":"","background-repeat":"repeat","background-position":"center center","background-size":"auto","background-attachment":"scroll","background-type":"","background-media":"","overlay-type":"","overlay-color":"","overlay-opacity":"","overlay-gradient":""},"mobile":{"background-color":"var(--ast-global-color-5)","background-image":"","background-repeat":"repeat","background-position":"center center","background-size":"auto","background-attachment":"scroll","background-type":"","background-media":"","overlay-type":"","overlay-color":"","overlay-opacity":"","overlay-gradient":""}},"footnotes":""},"categories":[8],"tags":[38329,38328,38327,38331,38332],"class_list":["post-99323","post","type-post","status-publish","format-standard","has-post-thumbnail","hentry","category-noticias","tag-abusos-sexuales-iglesia-peruana","tag-enemigos-de-prevost","tag-opositores-a-prevost","tag-pedro-salinas","tag-sodalicio-en-peru"],"_links":{"self":[{"href":"https:\/\/losperiodistas.com.mx\/portal\/wp-json\/wp\/v2\/posts\/99323","targetHints":{"allow":["GET"]}}],"collection":[{"href":"https:\/\/losperiodistas.com.mx\/portal\/wp-json\/wp\/v2\/posts"}],"about":[{"href":"https:\/\/losperiodistas.com.mx\/portal\/wp-json\/wp\/v2\/types\/post"}],"author":[{"embeddable":true,"href":"https:\/\/losperiodistas.com.mx\/portal\/wp-json\/wp\/v2\/users\/1"}],"replies":[{"embeddable":true,"href":"https:\/\/losperiodistas.com.mx\/portal\/wp-json\/wp\/v2\/comments?post=99323"}],"version-history":[{"count":1,"href":"https:\/\/losperiodistas.com.mx\/portal\/wp-json\/wp\/v2\/posts\/99323\/revisions"}],"predecessor-version":[{"id":99326,"href":"https:\/\/losperiodistas.com.mx\/portal\/wp-json\/wp\/v2\/posts\/99323\/revisions\/99326"}],"wp:featuredmedia":[{"embeddable":true,"href":"https:\/\/losperiodistas.com.mx\/portal\/wp-json\/wp\/v2\/media\/99325"}],"wp:attachment":[{"href":"https:\/\/losperiodistas.com.mx\/portal\/wp-json\/wp\/v2\/media?parent=99323"}],"wp:term":[{"taxonomy":"category","embeddable":true,"href":"https:\/\/losperiodistas.com.mx\/portal\/wp-json\/wp\/v2\/categories?post=99323"},{"taxonomy":"post_tag","embeddable":true,"href":"https:\/\/losperiodistas.com.mx\/portal\/wp-json\/wp\/v2\/tags?post=99323"}],"curies":[{"name":"wp","href":"https:\/\/api.w.org\/{rel}","templated":true}]}}