{"id":99319,"date":"2025-05-12T06:02:40","date_gmt":"2025-05-12T12:02:40","guid":{"rendered":"https:\/\/losperiodistas.com.mx\/portal\/?p=99319"},"modified":"2025-05-12T06:10:41","modified_gmt":"2025-05-12T12:10:41","slug":"por-aranceles-exportacion-de-audi-a-eu-se-desplomo-69-1-en-abril-y-50-6-la-de-volkswagen-ljo","status":"publish","type":"post","link":"https:\/\/losperiodistas.com.mx\/portal\/por-aranceles-exportacion-de-audi-a-eu-se-desplomo-69-1-en-abril-y-50-6-la-de-volkswagen-ljo\/","title":{"rendered":"Por aranceles, exportaci\u00f3n de Audi a EU se desplom\u00f3 69.1% en abril y 50.6% la de Volkswagen | LJO"},"content":{"rendered":"\n<p class=\"has-medium-font-size\">El mes pasado ambas empresas tambi\u00e9n registraron descenso en su producci\u00f3n<\/p>\n\n\n\n<figure class=\"wp-block-image size-large\"><img fetchpriority=\"high\" decoding=\"async\" width=\"1024\" height=\"683\" src=\"https:\/\/losperiodistas.com.mx\/portal\/wp-content\/uploads\/2025\/05\/121005Audi06-1024x683.jpg\" alt=\"\" class=\"wp-image-99320\" srcset=\"https:\/\/losperiodistas.com.mx\/portal\/wp-content\/uploads\/2025\/05\/121005Audi06-1024x683.jpg 1024w, https:\/\/losperiodistas.com.mx\/portal\/wp-content\/uploads\/2025\/05\/121005Audi06-300x200.jpg 300w, https:\/\/losperiodistas.com.mx\/portal\/wp-content\/uploads\/2025\/05\/121005Audi06-768x512.jpg 768w, https:\/\/losperiodistas.com.mx\/portal\/wp-content\/uploads\/2025\/05\/121005Audi06-1536x1024.jpg 1536w, https:\/\/losperiodistas.com.mx\/portal\/wp-content\/uploads\/2025\/05\/121005Audi06.jpg 1905w\" sizes=\"(max-width: 1024px) 100vw, 1024px\" \/><figcaption class=\"wp-element-caption\">Autos de lujo marca Audi en venta en la ciudad de Puebla forman parte de la franquicia automovil\u00edstica que instalara una fabrica en este Estado. Foto.- Mario Arturo Martinez\/Esimagen.com.<\/figcaption><\/figure>\n\n\n\n<p class=\"has-vivid-red-color has-text-color has-link-color has-medium-font-size wp-elements-5c606e14ae6c566515f79288c6ca83e5\"><strong><a href=\"https:\/\/lajornadadeoriente.com.mx\/author\/patricia-gutierrez-rodriguez\">Patricia Guti\u00e9rrez Rodr\u00edguez<\/a> \/ La Jornada de Oriente<\/strong><\/p>\n\n\n\n<p><\/p>\n\n\n\n<p>En abril, primer mes de aplicaci\u00f3n de aranceles de 25 por ciento a veh\u00edculos importados, la exportaci\u00f3n de&nbsp;<a href=\"https:\/\/x.com\/AudideMexico\" target=\"_blank\" rel=\"noreferrer noopener\">Audi<\/a>&nbsp;a Estados Unidos cay\u00f3 69.1 por ciento y 50.6 por ciento la de&nbsp;<a href=\"https:\/\/x.com\/Volkswagen_MX\" target=\"_blank\" rel=\"noreferrer noopener\">Volkswagen<\/a>, en comparaci\u00f3n con el mismo periodo de 2024, con base los resultados del Registro Administrativo de la Industria Automotriz de Veh\u00edculos Ligeros (RAIAVL) del Instituto Nacional de Estad\u00edstica y Geograf\u00eda (<a href=\"https:\/\/x.com\/INEGI_INFORMA\" target=\"_blank\" rel=\"noreferrer noopener\">Inegi<\/a>).<\/p>\n\n\n\n<p>Puedes leer:&nbsp;<a href=\"https:\/\/www.lajornadadeoriente.com.mx\/puebla\/si-no-se-resuelve-el-tema-de-aranceles-esta-en-riesgo-uno-de-los-turnos-de-la-produccion-de-audi-orta-2\/\" target=\"_blank\" rel=\"noreferrer noopener\">Si no se resuelve el tema de aranceles, est\u00e1 en riesgo uno de los turnos de la producci\u00f3n de Audi: Orta<\/a><\/p>\n\n\n\n<p>Desde el 3 de abril de este a\u00f1o se aplican las tarifas ordenadas por el presidente estadounidense Donald Trump, lo que gener\u00f3 que la planta de los cuatro aros instalada en San Jos\u00e9 Chiapa solo enviar\u00e1 mil 530 unidades Q5, es decir 3 mil 422 menos que en el cuarto mes del a\u00f1o pasado, cuando fueron 4 mil 952.<\/p>\n\n\n\n<blockquote class=\"wp-block-quote is-layout-flow wp-block-quote-is-layout-flow\">\n<p>En general, la exportaci\u00f3n de Audi a todos los pa\u00edses descendi\u00f3 33.7 por ciento durante abril de 2025 y 9.1 por ciento en los primeros cuatro meses de este mismo a\u00f1o.<\/p>\n<\/blockquote>\n\n\n\n<p>De acuerdo con lo que inform\u00f3&nbsp;<strong>C\u00e9sar Orta Briones, secretario general del Sitaudi,<\/strong>&nbsp;hay varios veh\u00edculos de esta marca varados en puertos de Estados Unidos, en espera de que el gobierno de&nbsp;<a href=\"https:\/\/x.com\/INEGI_INFORMA\" target=\"_blank\" rel=\"noreferrer noopener\">Claudia Sheinbaum Pardo<\/a>&nbsp;pueda negociar mejores condiciones para la exportaci\u00f3n desde M\u00e9xico.<\/p>\n\n\n\n<p>En el caso de Volkswagen, en abril export\u00f3 a Estados Unidos 13 mil 527 veh\u00edculos Jetta, Tiguan y Taos, pero en id\u00e9ntico lapso de 2024 fueron 27 mil 431, por lo que la diferencia a la baja fue de 13 mil 904 automotores, es decir 50.6 por ciento menos.<\/p>\n\n\n\n<p>El env\u00edo de unidades a ese y otros pa\u00edses, cay\u00f3 44.4 puntos porcentuales en el cuarto mes de 2025 y se contrajo 38.8 por ciento en el primer cuatrimestre de este mismo a\u00f1o.<\/p>\n\n\n\n<h2 class=\"wp-block-heading\">Ambas armadoras registran ca\u00eddas en producci\u00f3n<\/h2>\n\n\n\n<p>La manufactura de veh\u00edculos en Audi &nbsp;descendi\u00f3 8.1 por ciento en abril de 2025; ensambl\u00f3 en la factor\u00eda de San Jos\u00e9 Chiapa 14 mil 2 unidades, contra 15 mil 341 del a\u00f1o pasado, lo que se traduce en mil 339 menos.<\/p>\n\n\n\n<p>Mientras que en el acumulado de los primeros cuatro meses de 2025, la producci\u00f3n redujo 0.1 puntos porcentuales, ya que fabric\u00f3 36 mil 672 unidades, pero en igual periodo de 2024 fueron 36 mil 713.<\/p>\n\n\n\n<blockquote class=\"wp-block-quote is-layout-flow wp-block-quote-is-layout-flow\">\n<p>Volkswagen de M\u00e9xico, por su parte, ensambl\u00f3 29 mil 235 veh\u00edculos en abril, esta cantidad fue 18.8 por ciento inferior, es decir 6 mil 777 menos que los 36 mil 12 del cuarto mes del a\u00f1o pasado.<\/p>\n<\/blockquote>\n\n\n\n<p>En tanto, en el primer cuatrimestre de 2025 manufactur\u00f3 94 mil 65 automotores, por lo que el desplome fue de 30.6 por ciento, equivalente a 41 mil 414 menos que &nbsp;los 135 mil 479 del ciclo enero-abril de 2024.<\/p>\n\n\n\n<p>A nivel nacional, en el primer cuatrimestre de 2025, se exportaron 1 mill\u00f3n 32 mil 819 unidades, lo que represent\u00f3 una variaci\u00f3n a la baja 7.3 por ciento, respecto al mismo lapso de 2024. Estados Unidos fue el principal destino de los veh\u00edculos, con 81.4 por ciento.<\/p>\n\n\n\n<p>Fuente: <a href=\"https:\/\/www.lajornadadeoriente.com.mx\/puebla\/por-aranceles-exportacion-de-audi-a-eu-se-desplomo-69-1-en-abril-y-50-6-la-de-volkswagen-2\/\">https:\/\/www.lajornadadeoriente.com.mx\/puebla\/por-aranceles-exportacion-de-audi-a-eu-se-desplomo-69-1-en-abril-y-50-6-la-de-volkswagen-2\/<\/a><\/p>\n\n\n\n<p><\/p>\n","protected":false},"excerpt":{"rendered":"<p>El mes pasado ambas empresas tambi\u00e9n registraron descenso en su producci\u00f3n Patricia Guti\u00e9rrez Rodr\u00edguez \/ La Jornada de Oriente En [&hellip;]<\/p>\n","protected":false},"author":1,"featured_media":99320,"comment_status":"open","ping_status":"open","sticky":false,"template":"","format":"standard","meta":{"site-sidebar-layout":"default","site-content-layout":"","ast-site-content-layout":"default","site-content-style":"default","site-sidebar-style":"default","ast-global-header-display":"","ast-banner-title-visibility":"","ast-main-header-display":"","ast-hfb-above-header-display":"","ast-hfb-below-header-display":"","ast-hfb-mobile-header-display":"","site-post-title":"","ast-breadcrumbs-content":"","ast-featured-img":"","footer-sml-layout":"","theme-transparent-header-meta":"","adv-header-id-meta":"","stick-header-meta":"","header-above-stick-meta":"","header-main-stick-meta":"","header-below-stick-meta":"","astra-migrate-meta-layouts":"default","ast-page-background-enabled":"default","ast-page-background-meta":{"desktop":{"background-color":"var(--ast-global-color-4)","background-image":"","background-repeat":"repeat","background-position":"center center","background-size":"auto","background-attachment":"scroll","background-type":"","background-media":"","overlay-type":"","overlay-color":"","overlay-opacity":"","overlay-gradient":""},"tablet":{"background-color":"","background-image":"","background-repeat":"repeat","background-position":"center center","background-size":"auto","background-attachment":"scroll","background-type":"","background-media":"","overlay-type":"","overlay-color":"","overlay-opacity":"","overlay-gradient":""},"mobile":{"background-color":"","background-image":"","background-repeat":"repeat","background-position":"center center","background-size":"auto","background-attachment":"scroll","background-type":"","background-media":"","overlay-type":"","overlay-color":"","overlay-opacity":"","overlay-gradient":""}},"ast-content-background-meta":{"desktop":{"background-color":"var(--ast-global-color-5)","background-image":"","background-repeat":"repeat","background-position":"center center","background-size":"auto","background-attachment":"scroll","background-type":"","background-media":"","overlay-type":"","overlay-color":"","overlay-opacity":"","overlay-gradient":""},"tablet":{"background-color":"var(--ast-global-color-5)","background-image":"","background-repeat":"repeat","background-position":"center center","background-size":"auto","background-attachment":"scroll","background-type":"","background-media":"","overlay-type":"","overlay-color":"","overlay-opacity":"","overlay-gradient":""},"mobile":{"background-color":"var(--ast-global-color-5)","background-image":"","background-repeat":"repeat","background-position":"center center","background-size":"auto","background-attachment":"scroll","background-type":"","background-media":"","overlay-type":"","overlay-color":"","overlay-opacity":"","overlay-gradient":""}},"footnotes":""},"categories":[8],"tags":[38324,38326,38325],"class_list":["post-99319","post","type-post","status-publish","format-standard","has-post-thumbnail","hentry","category-noticias","tag-audi-exportaciones","tag-caen-exportaciones-automotrices-de-puebla","tag-vw-exportaciones"],"_links":{"self":[{"href":"https:\/\/losperiodistas.com.mx\/portal\/wp-json\/wp\/v2\/posts\/99319","targetHints":{"allow":["GET"]}}],"collection":[{"href":"https:\/\/losperiodistas.com.mx\/portal\/wp-json\/wp\/v2\/posts"}],"about":[{"href":"https:\/\/losperiodistas.com.mx\/portal\/wp-json\/wp\/v2\/types\/post"}],"author":[{"embeddable":true,"href":"https:\/\/losperiodistas.com.mx\/portal\/wp-json\/wp\/v2\/users\/1"}],"replies":[{"embeddable":true,"href":"https:\/\/losperiodistas.com.mx\/portal\/wp-json\/wp\/v2\/comments?post=99319"}],"version-history":[{"count":2,"href":"https:\/\/losperiodistas.com.mx\/portal\/wp-json\/wp\/v2\/posts\/99319\/revisions"}],"predecessor-version":[{"id":99322,"href":"https:\/\/losperiodistas.com.mx\/portal\/wp-json\/wp\/v2\/posts\/99319\/revisions\/99322"}],"wp:featuredmedia":[{"embeddable":true,"href":"https:\/\/losperiodistas.com.mx\/portal\/wp-json\/wp\/v2\/media\/99320"}],"wp:attachment":[{"href":"https:\/\/losperiodistas.com.mx\/portal\/wp-json\/wp\/v2\/media?parent=99319"}],"wp:term":[{"taxonomy":"category","embeddable":true,"href":"https:\/\/losperiodistas.com.mx\/portal\/wp-json\/wp\/v2\/categories?post=99319"},{"taxonomy":"post_tag","embeddable":true,"href":"https:\/\/losperiodistas.com.mx\/portal\/wp-json\/wp\/v2\/tags?post=99319"}],"curies":[{"name":"wp","href":"https:\/\/api.w.org\/{rel}","templated":true}]}}