{"id":99316,"date":"2025-05-12T05:57:40","date_gmt":"2025-05-12T11:57:40","guid":{"rendered":"https:\/\/losperiodistas.com.mx\/portal\/?p=99316"},"modified":"2025-05-12T05:57:41","modified_gmt":"2025-05-12T11:57:41","slug":"el-papa-leon-xiv-pide-a-los-periodistas-desarmemos-las-palabras-y-ayudaremos-a-desarmar-la-tierra","status":"publish","type":"post","link":"https:\/\/losperiodistas.com.mx\/portal\/el-papa-leon-xiv-pide-a-los-periodistas-desarmemos-las-palabras-y-ayudaremos-a-desarmar-la-tierra\/","title":{"rendered":"El papa Le\u00f3n XIV pide a los periodistas: Desarmemos las palabras y ayudaremos a desarmar la Tierra"},"content":{"rendered":"\n<figure class=\"wp-block-image size-full\"><img fetchpriority=\"high\" decoding=\"async\" width=\"900\" height=\"628\" src=\"https:\/\/losperiodistas.com.mx\/portal\/wp-content\/uploads\/2025\/05\/papa-8.webp\" alt=\"\" class=\"wp-image-99317\" srcset=\"https:\/\/losperiodistas.com.mx\/portal\/wp-content\/uploads\/2025\/05\/papa-8.webp 900w, https:\/\/losperiodistas.com.mx\/portal\/wp-content\/uploads\/2025\/05\/papa-8-300x209.webp 300w, https:\/\/losperiodistas.com.mx\/portal\/wp-content\/uploads\/2025\/05\/papa-8-768x536.webp 768w\" sizes=\"(max-width: 900px) 100vw, 900px\" \/><figcaption class=\"wp-element-caption\">El Papa Le\u00f3n XIV llega a una audiencia con miembros de los medios de comunicaci\u00f3n en el Aula Pablo VI. EFE\/EPA\/Ettore Ferrari<\/figcaption><\/figure>\n\n\n\n<p class=\"has-vivid-red-color has-text-color has-link-color has-medium-font-size wp-elements-23db7e95974579b190d8bc7ea9a6cef6\"><strong>Agencia EFE<\/strong><\/p>\n\n\n\n<p>Ciudad del Vaticano (EFE).- El papa Le\u00f3n XIV pidi\u00f3 este lunes a los medios de comunicaci\u00f3n que elija \u00abcon conciencia y valent\u00eda el camino de una comunicaci\u00f3n de paz\u00bb y agreg\u00f3: \u00abDesarmemos las palabras y ayudaremos a desarmar la Tierra\u00bb, en la audiencia que concedi\u00f3 a los periodistas que han informado del c\u00f3nclave en el que se le eligi\u00f3.<\/p>\n\n\n\n<p>En la primera audiencia que celebra, c\u00f3mo hizo tambi\u00e9n Francisco al inicio de su pontificado, el primer papa estadounidense reuni\u00f3 en el aula Pablo VI del Vaticano a varios miles de comunicadores a quienes se\u00f1al\u00f3 que \u00abvivimos tiempos dif\u00edciles de navegar y de contar, que suponen un desaf\u00edo para todos nosotros y del que no debemos escapar\u00bb.<\/p>\n\n\n\n<p>Y, destac\u00f3, que \u00abal contrario, nos piden a cada uno de nosotros, en nuestros diferentes roles y servicios, que nunca nos rindamos ante la mediocridad\u00bb.<\/p>\n\n\n\n<h2 class=\"wp-block-heading\" id=\"h-hace-falta-una-comunicacion-capaz-de-escuchar\">Hace falta una comunicaci\u00f3n capaz de escuchar<\/h2>\n\n\n\n<p>Le\u00f3n XIV afirm\u00f3 que \u00ablo que hace falta no es una comunicaci\u00f3n ruidosa y muscular , sino una comunicaci\u00f3n capaz de escuchar, de recoger la voz de los d\u00e9biles que no tienen voz\u00bb.<\/p>\n\n\n\n<figure class=\"wp-block-embed is-type-wp-embed is-provider-efe-noticias wp-block-embed-efe-noticias\"><div class=\"wp-block-embed__wrapper\">\n<blockquote class=\"wp-embedded-content\" data-secret=\"QE8wecETXf\"><a href=\"https:\/\/efe.com\/mundo\/2025-05-12\/papa-leon-xiv-rezo-oracion-regina-coeli-balcon-logia-central\/\">El papa Le\u00f3n XIV clama por la paz<\/a><\/blockquote><iframe class=\"wp-embedded-content\" sandbox=\"allow-scripts\" security=\"restricted\" style=\"position: absolute; visibility: hidden;\" title=\"\u00abEl papa Le\u00f3n XIV clama por la paz\u00bb \u2014 EFE Noticias\" src=\"https:\/\/efe.com\/mundo\/2025-05-12\/papa-leon-xiv-rezo-oracion-regina-coeli-balcon-logia-central\/embed\/#?secret=P1ZIG2hbGb#?secret=QE8wecETXf\" data-secret=\"QE8wecETXf\" width=\"500\" height=\"282\" frameborder=\"0\" marginwidth=\"0\" marginheight=\"0\" scrolling=\"no\"><\/iframe>\n<\/div><\/figure>\n\n\n\n<p>\u00abDesarmemos las palabras y ayudaremos a desarmar la Tierra. La comunicaci\u00f3n desarmada y desarmante nos permite compartir una visi\u00f3n diferente del mundo y actuar de un modo coherente con nuestra dignidad humana\u00bb, dijo el papa, que en su primer discurso tras ser elegido el 8 de mayo tambi\u00e9n pidi\u00f3 \u00abuna paz desarmada y desarmante\u00bb.<\/p>\n\n\n\n<p>Y agreg\u00f3: \u00abEst\u00e1is en primera l\u00ednea narrando conflictos y esperanzas de paz, situaciones de injusticia y pobreza, y el trabajo silencioso de muchos por un mundo mejor. Para esto os pido que elij\u00e1is con conciencia y valent\u00eda el camino de una comunicaci\u00f3n de paz\u00bb.<\/p>\n\n\n\n<p>\u00abNo puede haber comunicaci\u00f3n ni periodismo al margen del tiempo y de la historia\u00bb, dijo y record\u00f3 la frase de San Agust\u00edn, ya que \u00e9l es agustiniano: \u00abVivamos bien y los tiempos ser\u00e1n buenos. Nosotros somos los tiempos\u00bb.<\/p>\n\n\n\n<p>A los periodistas, que aplaudieron en varios momentos del discurso, explic\u00f3 que hoy, \u00abuno de los desaf\u00edos m\u00e1s importantes es promover una comunicaci\u00f3n capaz de ayudarnos a escapar de la \u2018Torre de Babel\u2019 en la que a veces nos encontramos, de la confusi\u00f3n de lenguajes sin amor, a menudo ideol\u00f3gicos o sesgados\u00bb<\/p>\n\n\n\n<figure class=\"wp-block-image\"><img decoding=\"async\" src=\"https:\/\/i0.wp.com\/efe.com\/wp-content\/uploads\/2025\/05\/papa-leon-XIV-periodistas-1.webp?resize=900%2C600&amp;ssl=1\" alt=\"El papa Le\u00f3n XIV en los apartamentos del palacio del Vaticano.\" class=\"wp-image-1870972\"\/><figcaption class=\"wp-element-caption\">El papa Le\u00f3n XIV en los apartamentos del palacio del Vaticano. EFE\/EPA\/Vatican Media<\/figcaption><\/figure>\n\n\n\n<p>Y por tanto subray\u00f3 que \u00ablas palabras que usan y el estilo que adoptan, es importante\u00bb.\u00bb La comunicaci\u00f3n, de hecho, no es solo la transmisi\u00f3n de informaci\u00f3n, sino la creaci\u00f3n de una cultura, de entornos humanos y digitales que se conviertan en espacios de di\u00e1logo y confrontaci\u00f3n\u00bb, agreg\u00f3.<\/p>\n\n\n\n<p>Y sobre todo, subray\u00f3 ante la evoluci\u00f3n tecnol\u00f3gica y la inteligencia artificial \u00abque con su inmenso potencial, que exige, sin embargo, responsabilidad y discernimiento para orientar las herramientas al bien de todos, para que puedan producir beneficios para la humanidad\u00bb.<\/p>\n\n\n\n<p>Le\u00f3n XIV fue recibido a su entrada del aula Pablo VI con un fuerte aplauso por los periodistas y brome\u00f3 diciendo que esperaba que el aplauso tambi\u00e9n llegase al final de su discurso.<\/p>\n\n\n\n<h2 class=\"wp-block-heading\" id=\"h-leon-xiv-a-los-periodistas-aun-estoy-aprendiendo\">Le\u00f3n XIV a los periodistas: \u00abA\u00fan estoy aprendiendo\u00bb<\/h2>\n\n\n\n<p>El papa Le\u00f3n XIV despu\u00e9s de su mensaje salud\u00f3 relajadamente a algunos de ellos, confirm\u00f3 algunas noticias como el viaje a Nicea y, en momentos dudosos de protocolo, respondi\u00f3 bromeando: \u00abA\u00fan estoy aprendiendo\u00bb.<\/p>\n\n\n\n<p>Al preguntarle si quer\u00eda participar en un torneo de tenis ben\u00e9fico que est\u00e1 preparando las Obras Misionales Pontificias, Le\u00f3n XIV dijo bromeando que podr\u00eda participar \u00abmientras no traigas a (Jannick) Sinner\u00bb, sobre el doble sentido tanto porque el italiano es el n\u00famero uno del mundo como porque su apellido en ingl\u00e9s significa \u2018pecador\u2019.<\/p>\n\n\n\n<p>Mientras que a otros que le propusieron un doble, confes\u00f3: \u00abNo soy tan bueno\u00bb.<\/p>\n\n\n\n<p>Le\u00f3n XIV hizo gala de su sentido del humor cuando quiso que le sacaran una foto con una periodista que se hab\u00eda vestido de blanco sin \u00abintenci\u00f3n de querer ser papisa\u00bb, aunque rechaz\u00f3 hacerse un \u2018selfie\u2019 con otra comunicadora.<\/p>\n\n\n\n<h2 class=\"wp-block-heading\" id=\"h-leon-xiv-pide-la-liberacion-de-periodistas-encarcelados\">Le\u00f3n XIV pide la liberaci\u00f3n de periodistas encarcelados<\/h2>\n\n\n\n<p><a href=\"https:\/\/efe.com\/mundo\/2025-05-12\/papa-leon-xiv-rezo-oracion-regina-coeli-balcon-logia-central\/\" target=\"_blank\" rel=\"noreferrer noopener\">El papa&nbsp;<\/a>pidi\u00f3 tambi\u00e9n la liberaci\u00f3n de los periodistas encarcelados e inst\u00f3 a \u00absalvaguardar el preciado bien de la libertad de expresi\u00f3n y de prensa\u00bb.<\/p>\n\n\n\n<figure class=\"wp-block-image\"><img decoding=\"async\" src=\"https:\/\/i0.wp.com\/efe.com\/wp-content\/uploads\/2025\/05\/leon-1.webp?resize=625%2C900&amp;ssl=1\" alt=\"El Papa Le\u00f3n XIV llega a una audiencia con miembros de los medios de comunicaci\u00f3n en el Aula Pablo VI\" class=\"wp-image-1871073\"\/><figcaption class=\"wp-element-caption\">El Papa Le\u00f3n XIV llega a una audiencia con miembros de los medios de comunicaci\u00f3n en el Aula Pablo VI. EFE\/EPA\/Ettore Ferrari<\/figcaption><\/figure>\n\n\n\n<h2 class=\"wp-block-heading\" id=\"h-primera-audiencia-de-su-pontificado\">Primera audiencia de su pontificado<\/h2>\n\n\n\n<p>Ante varios miles de periodistas reunidos en el aula Pablo VI, en la que es la primera audiencia de su pontificado, el primer papa estadounidense quiso \u00abreiterar la solidaridad de la Iglesia con los periodistas encarcelados por buscar e informar la verdad\u00bb y \u00abpedir su liberaci\u00f3n\u00bb.<\/p>\n\n\n\n<p>\u00abLa Iglesia reconoce en estos testimonios \u2013pienso en aquellos que cuentan la guerra incluso a costa de la propia vida\u2013 la valent\u00eda de quienes defienden la dignidad, la justicia y el derecho de los pueblos a ser informados, porque s\u00f3lo los pueblos informados pueden tomar decisiones libres\u00bb, afirm\u00f3 Robert Francis Prevost en su mensaje.<\/p>\n\n\n\n<p>Y agreg\u00f3: \u00abEl sufrimiento de estos periodistas encarcelados interpela la conciencia de las naciones y de la comunidad internacional y nos llama a todos a salvaguardar el preciado bien de la libertad de expresi\u00f3n y de prensa\u00bb.<\/p>\n\n\n\n<h2 class=\"wp-block-heading\" id=\"h-preparando-el-viaje-a-nicea-turquia\">Preparando el viaje a Nicea (Turqu\u00eda)<\/h2>\n\n\n\n<p>Adem\u00e1s, Le\u00f3n XIV confirm\u00f3 que el viaje que ten\u00eda previsto Francisco a Nicea, en Turqu\u00eda, a finales de mayo para celebrar el 1.700 aniversario del concilio cristiano se est\u00e1 preparando.<\/p>\n\n\n\n<p>Fuente: <a href=\"https:\/\/efe.com\/mundo\/2025-05-12\/audiencia-papa-leon-xiv-periodistas\/\">https:\/\/efe.com\/mundo\/2025-05-12\/audiencia-papa-leon-xiv-periodistas\/<\/a><\/p>\n","protected":false},"excerpt":{"rendered":"<p>Agencia EFE Ciudad del Vaticano (EFE).- El papa Le\u00f3n XIV pidi\u00f3 este lunes a los medios de comunicaci\u00f3n que elija [&hellip;]<\/p>\n","protected":false},"author":1,"featured_media":99317,"comment_status":"open","ping_status":"open","sticky":false,"template":"","format":"standard","meta":{"site-sidebar-layout":"default","site-content-layout":"","ast-site-content-layout":"default","site-content-style":"default","site-sidebar-style":"default","ast-global-header-display":"","ast-banner-title-visibility":"","ast-main-header-display":"","ast-hfb-above-header-display":"","ast-hfb-below-header-display":"","ast-hfb-mobile-header-display":"","site-post-title":"","ast-breadcrumbs-content":"","ast-featured-img":"","footer-sml-layout":"","theme-transparent-header-meta":"","adv-header-id-meta":"","stick-header-meta":"","header-above-stick-meta":"","header-main-stick-meta":"","header-below-stick-meta":"","astra-migrate-meta-layouts":"default","ast-page-background-enabled":"default","ast-page-background-meta":{"desktop":{"background-color":"var(--ast-global-color-4)","background-image":"","background-repeat":"repeat","background-position":"center center","background-size":"auto","background-attachment":"scroll","background-type":"","background-media":"","overlay-type":"","overlay-color":"","overlay-opacity":"","overlay-gradient":""},"tablet":{"background-color":"","background-image":"","background-repeat":"repeat","background-position":"center center","background-size":"auto","background-attachment":"scroll","background-type":"","background-media":"","overlay-type":"","overlay-color":"","overlay-opacity":"","overlay-gradient":""},"mobile":{"background-color":"","background-image":"","background-repeat":"repeat","background-position":"center center","background-size":"auto","background-attachment":"scroll","background-type":"","background-media":"","overlay-type":"","overlay-color":"","overlay-opacity":"","overlay-gradient":""}},"ast-content-background-meta":{"desktop":{"background-color":"var(--ast-global-color-5)","background-image":"","background-repeat":"repeat","background-position":"center center","background-size":"auto","background-attachment":"scroll","background-type":"","background-media":"","overlay-type":"","overlay-color":"","overlay-opacity":"","overlay-gradient":""},"tablet":{"background-color":"var(--ast-global-color-5)","background-image":"","background-repeat":"repeat","background-position":"center center","background-size":"auto","background-attachment":"scroll","background-type":"","background-media":"","overlay-type":"","overlay-color":"","overlay-opacity":"","overlay-gradient":""},"mobile":{"background-color":"var(--ast-global-color-5)","background-image":"","background-repeat":"repeat","background-position":"center center","background-size":"auto","background-attachment":"scroll","background-type":"","background-media":"","overlay-type":"","overlay-color":"","overlay-opacity":"","overlay-gradient":""}},"footnotes":""},"categories":[8],"tags":[38322,38321,38320,38319,38323],"class_list":["post-99316","post","type-post","status-publish","format-standard","has-post-thumbnail","hentry","category-noticias","tag-comunicacion-y-eswcucha","tag-desarmar-la-tierra","tag-desarmar-las-palabras","tag-papa-leon-xiv-y-periodistas","tag-periodistas-encarcelados"],"_links":{"self":[{"href":"https:\/\/losperiodistas.com.mx\/portal\/wp-json\/wp\/v2\/posts\/99316","targetHints":{"allow":["GET"]}}],"collection":[{"href":"https:\/\/losperiodistas.com.mx\/portal\/wp-json\/wp\/v2\/posts"}],"about":[{"href":"https:\/\/losperiodistas.com.mx\/portal\/wp-json\/wp\/v2\/types\/post"}],"author":[{"embeddable":true,"href":"https:\/\/losperiodistas.com.mx\/portal\/wp-json\/wp\/v2\/users\/1"}],"replies":[{"embeddable":true,"href":"https:\/\/losperiodistas.com.mx\/portal\/wp-json\/wp\/v2\/comments?post=99316"}],"version-history":[{"count":1,"href":"https:\/\/losperiodistas.com.mx\/portal\/wp-json\/wp\/v2\/posts\/99316\/revisions"}],"predecessor-version":[{"id":99318,"href":"https:\/\/losperiodistas.com.mx\/portal\/wp-json\/wp\/v2\/posts\/99316\/revisions\/99318"}],"wp:featuredmedia":[{"embeddable":true,"href":"https:\/\/losperiodistas.com.mx\/portal\/wp-json\/wp\/v2\/media\/99317"}],"wp:attachment":[{"href":"https:\/\/losperiodistas.com.mx\/portal\/wp-json\/wp\/v2\/media?parent=99316"}],"wp:term":[{"taxonomy":"category","embeddable":true,"href":"https:\/\/losperiodistas.com.mx\/portal\/wp-json\/wp\/v2\/categories?post=99316"},{"taxonomy":"post_tag","embeddable":true,"href":"https:\/\/losperiodistas.com.mx\/portal\/wp-json\/wp\/v2\/tags?post=99316"}],"curies":[{"name":"wp","href":"https:\/\/api.w.org\/{rel}","templated":true}]}}